{"id":65109,"date":"2022-11-14T17:49:37","date_gmt":"2022-11-14T17:49:37","guid":{"rendered":"https:\/\/portugalagent.com\/?p=65109"},"modified":"2022-11-14T17:49:40","modified_gmt":"2022-11-14T17:49:40","slug":"lagenheter-med-goda-utsikter-i-nazare","status":"publish","type":"post","link":"https:\/\/portugalagent.com\/sv\/lagenheter-med-goda-utsikter-i-nazare\/","title":{"rendered":"Goda utsikter i Nazar\u00e9"},"content":{"rendered":"\n<p>Nu har vi l\u00e4genheter till salu i Nazar\u00e9 p\u00e5 Silverkusten med bra adresser och fantastisk utsikt. T2 och T3 med balkong eller privat takterrass.<\/p>\n\n\n\n<p>L\u00e5t oss presentera n\u00e5gra riktigt fina l\u00e4genheter till salu i Nazar\u00e9 p\u00e5 Silverkusten: nyproduktion med fina balkonger och bra utsikt v\u00e4nda i s\u00f6der och v\u00e4ster. Byggstarten sker nu i november 2022 och de ber\u00e4knas inflyttningsklara under v\u00e5ren eller sommaren 2025.<\/p>\n\n\n\n<h3>Att k\u00f6pa nyproduktion har m\u00e5nga f\u00f6rdelar<\/h3>\n\n\n\n<ul>\n<li>Du kan sj\u00e4lv vara med och p\u00e5verka utformningen, material osv<\/li>\n\n\n\n<li>5 \u00e5rs byggaranti f\u00f6r strukturella fel<\/li>\n\n\n\n<li>Fixerade priser; ingen budgivning vare sig upp eller ner<\/li>\n\n\n\n<li>Ofta en bra investering d\u00e5 allt blir \u201ds\u00e5lt p\u00e5 ritning\u201d l\u00e5ngt innan det blir f\u00e4rdigst\u00e4llt.<\/li>\n\n\n\n<li>H\u00f6g kvalitet och det senaste inom isolering, glas, skjutd\u00f6rrar m m<\/li>\n<\/ul>\n\n\n\n<figure class=\"wp-block-image size-large\"><img decoding=\"async\" loading=\"lazy\" width=\"1024\" height=\"248\" src=\"https:\/\/portugalagent.com\/wp-content\/uploads\/2022\/11\/Panorama-1NET-1024x248.jpg?v=1668447593\" alt=\"\" class=\"wp-image-65110\" srcset=\"https:\/\/portugalagent.com\/wp-content\/uploads\/2022\/11\/Panorama-1NET-1024x248.jpg?v=1668447593 1024w, https:\/\/portugalagent.com\/wp-content\/uploads\/2022\/11\/Panorama-1NET-300x73.jpg?v=1668447593 300w, https:\/\/portugalagent.com\/wp-content\/uploads\/2022\/11\/Panorama-1NET-768x186.jpg?v=1668447593 768w, https:\/\/portugalagent.com\/wp-content\/uploads\/2022\/11\/Panorama-1NET-1536x372.jpg?v=1668447593 1536w, https:\/\/portugalagent.com\/wp-content\/uploads\/2022\/11\/Panorama-1NET-2048x496.jpg?v=1668447593 2048w\" sizes=\"(max-width: 1024px) 100vw, 1024px\" \/><figcaption class=\"wp-element-caption\">L\u00e4genheter med goda utsikter i Nazar\u00e9<\/figcaption><\/figure>\n\n\n\n<h3>H\u00f6g f\u00f6rs\u00e4ljningstakt<\/h3>\n\n\n\n<p>Vi f\u00e5r erk\u00e4nna att vi blivit tagna p\u00e5 s\u00e4ngen n\u00e4r det g\u00e4ller f\u00f6rs\u00e4ljningstakten p\u00e5 nyproducerat h\u00e4r i Nazar\u00e9 och p\u00e5 \u00f6vriga Silverkusten under 2022. Projekten Mar de Prata och Big Wave Apartments har fr\u00e5n b\u00f6rjan inte varit ute p\u00e5 officiella hemsidor likt <a href=\"https:\/\/www.idealista.pt\/\">Idealista<\/a>. De har i st\u00e4llet visats och s\u00e5lts med s\u00e5 kallat underhandsf\u00f6rfarande d\u00e4r byggfirman och den drivande projektledaren\/portugisiska m\u00e4klaren har visat ritningar och prislistor f\u00f6r kunder p\u00e5 plats. Nu i slutet av oktober 2022 har vi f\u00e5tt chansen att jobba med f\u00f6rs\u00e4ljningen av 8 olika l\u00e4genheter f\u00f6rdelade p\u00e5 tv\u00e5 olika adresser. Inte heller vi kommer g\u00e5 ut p\u00e5 bredd med dessa i Portugal eller internationellt. Vi annonserar dem enbart p\u00e5 Portugalagent samt svenska Blocket Bostad Utomlands.<\/p>\n\n\n\n<p><a>OBS: De \u00e5tta l\u00e4genheterna s\u00e4ljs \u00e4ven av andra m\u00e4klare samt av byggherren sj\u00e4lv. Vill du ha hj\u00e4lp p\u00e5 svenska eller tyska m\u00e5ste du kontakta oss direkt. Vi bor och arbetar i omr\u00e5det. L\u00e4mnar du ut dina kontaktuppgifter till n\u00e5gon annan kommer de inte vilja sl\u00e4ppa in oss. D\u00e5 blir du deras kund.<\/a><\/p>\n\n\n\n<p>Viktigt att k\u00e4nna till: Slutpriset p\u00e5verkas inte av detta f\u00f6rfarande. Din k\u00f6peskilling blir samma \u00e4ven om du v\u00e4nder dig direkt till byggfirman.<\/p>\n\n\n\n<p>H\u00f6r av dig till oss om du \u00e4r mer intresserad. Vi har dr\u00f6narfilm, ritningar, prislistor och m\u00e5nga fler bilder.<\/p>\n\n\n\n<p>Vi kan ocks\u00e5 g\u00f6ra Facetime visningar och koppla upp oss direkt fr\u00e5n respektive byggprojekt.<\/p>\n\n\n\n<p>Dr\u00f6narfilmer \u00f6ver Silverkusten som r\u00f6rliga presentationer av vissa projekt finner du p\u00e5 v\u00e5r Youtubekanal. Klicka nedan!<\/p>\n\n\n\n<p>Film \u00f6ver Nazar\u00e9 12 november 2022: <a href=\"https:\/\/youtu.be\/HOnVqgw76Kk\">Nazar\u00e9<\/a><\/p>\n\n\n\n<p>Portugalagent <a href=\"https:\/\/studio.youtube.com\/channel\/UCic8h6EazRTJJhPqcIGfcLg\/videos\/upload?filter=%5B%5D&amp;sort=%7B%22columnType%22%3A%22date%22%2C%22sortOrder%22%3A%22DESCENDING%22%7D\">Youtube<\/a><\/p>\n\n\n\n<p>PRISER: 280.000 &#8211; 580.000 EURO<\/p>\n\n\n\n<p>Byggstart november 2022. Inflyttning v\u00e5ren\/sommaren 2024.<\/p>\n\n\n\n<p>Klicka p\u00e5 respektive rubrik nedan f\u00f6r att komma vidare till mer information om objektet<\/p>\n\n\n\n<p><a>Big Wave Apartments \u2013 Sitio da Nazar\u00e9<\/a><\/p>\n\n\n\n<p><strong><a href=\"https:\/\/www.portugalagent.pt\/fastighet\/big-wave-t3-sitio-da-nazare\/19983936\">1 st T3 h\u00f6gst upp i fastigheten.<\/a><\/strong><br>Yta inomhus: 133 kvm. Balkonger i s\u00f6der och v\u00e4ster: 55 kvm<br>Garage och f\u00f6rr\u00e5d i k\u00e4llaren: 26 kvm tillsammans<br>Gemensamt poolomr\u00e5de<br>Pris: 355.000Euro<\/p>\n\n\n\n<p><\/p>\n\n\n\n<p><a>Mar de Prata &#8211; Nazar\u00e9<\/a><\/p>\n\n\n\n<p><strong><a href=\"https:\/\/www.portugalagent.pt\/fastighet\/t3-med-stor-balkong-samt-privat-takterrass\/19984020\">1 st T3 h\u00f6gst upp i fastigheten<\/a><\/strong><br>Yta inomhus: 116 kvm. Balkonger\/terrass i s\u00f6der och v\u00e4ster: 43 kvm<br>Privat takterrass med pool som t\u00e4cker hela l\u00e4genheten samt en del av grannen: ca 134 kvm<br>Garage och f\u00f6rr\u00e5d i k\u00e4llaren.<br>Gemensamt poolomr\u00e5de<br>Pris: 580.000Euro<\/p>\n\n\n\n<p><strong><a href=\"https:\/\/www.portugalagent.pt\/fastighet\/lagenhet-2-sovrum-lagenhet-med-fantastik-utsikt-over-havet-och-nazaret2-1st-floor-mellanplan-av-treyta-inomh\/19984075\">2 st T2 h\u00f6gst upp i fastigheten.<\/a><\/strong><br>Yta inomhus: 69 kvm. Balkong i v\u00e4ster: 27 kvm<br>Privat takterrass: 58 kvm<br>Garage och f\u00f6rr\u00e5d i k\u00e4llaren.<br>Gemensamt poolomr\u00e5de<br>Pris: 400.000Euro<\/p>\n\n\n\n<p><strong><a href=\"https:\/\/www.portugalagent.pt\/fastighet\/lagenhet-2-sovrum-lagenhet-med-fantastik-utsikt-over-havet-och-nazaret2-1st-floor-mellanplan-av-treyta-inomh\/19984075\">2 st T2, 1st floor (mellanplan av tre)<\/a><\/strong><br>Yta inomhus: 69 kvm. Balkong i v\u00e4ster: 27 kvm<br>Garage och f\u00f6rr\u00e5d i k\u00e4llaren.<br>Gemensamt poolomr\u00e5de<br>Pris: 295.000Euro<\/p>\n\n\n\n<p><strong><a href=\"https:\/\/www.portugalagent.pt\/fastighet\/lagenhet-2-sovrum-lagenhet-med-fantastik-utsikt-over-havet-och-nazaret2-1st-floor-mellanplan-av-treyta-inomh\/19984075\">2 st T2, entr\u00e9plan<\/a><\/strong><br>Yta inomhus: 69 kvm. Balkong i v\u00e4ster: 27 kvm<br>Garage och f\u00f6rr\u00e5d i k\u00e4llaren.<br>Gemensamt poolomr\u00e5de<br>Pris: 280.000Euro<\/p>\n\n\n\n<p><strong>KONTAKT<\/strong><\/p>\n\n\n\n<p><strong>Niklas Fors\u00e9n<\/strong><br><a href=\"mailto:niklas@portugalagent.com\">niklas@portugalagent.com<\/a> Tel +46-70-592 60 76<\/p>\n\n\n\n<p><strong>Kari Fors\u00e9n<\/strong><br><a href=\"mailto:kari@portugalagent.com\">kari@portugalagent.com<\/a> \u00a0Tel +46-70-910 95 60<\/p>\n\n\n\n<p>Deutschsprachiger Kontakt \u2013 tyska marknaden<br><strong>Torsten Henke<\/strong> <br><a href=\"mailto:torsten@portugalagent.com\">torsten@portugalagent.com<\/a> \u00a0+49-151-7283 0700<\/p>\n\n\n\n<p>Mer om v\u00e5ra m\u00e4klare: <a href=\"https:\/\/portugalagent.com\/sv\/kontakta-oss\/\">Portugalagent<\/a><\/p>\n\n\n\n<p><\/p>\n","protected":false},"excerpt":{"rendered":"<p>Nu har vi l\u00e4genheter till salu i Nazar\u00e9 p\u00e5 Silverkusten med bra adresser och fantastisk utsikt. T2 och T3 med balkong eller privat takterrass. L\u00e5t oss presentera n\u00e5gra riktigt fina l\u00e4genheter till salu i Nazar\u00e9 p\u00e5 Silverkusten: nyproduktion med fina balkonger och bra utsikt v\u00e4nda i s\u00f6der och v\u00e4ster. Byggstarten sker nu i november 2022 [&hellip;]<\/p>\n","protected":false},"author":2,"featured_media":65115,"comment_status":"open","ping_status":"open","sticky":false,"template":"","format":"standard","meta":{"om_disable_all_campaigns":false,"_monsterinsights_skip_tracking":false,"_monsterinsights_sitenote_active":false,"_monsterinsights_sitenote_note":"","_monsterinsights_sitenote_category":0},"categories":[23,30,18],"tags":[],"aioseo_notices":[],"yoast_head":"<!-- This site is optimized with the Yoast SEO plugin v19.10 - https:\/\/yoast.com\/wordpress\/plugins\/seo\/ -->\n<title>Goda utsikter i Nazar\u00e9 - Portugal Agent<\/title>\n<meta name=\"description\" content=\"L\u00e4genheter med goda utsikter i Nazar\u00e9 T3 och T2 till salu p\u00e5 Silverkusten\" \/>\n<meta name=\"robots\" content=\"index, follow, max-snippet:-1, max-image-preview:large, max-video-preview:-1\" \/>\n<link rel=\"canonical\" href=\"https:\/\/portugalagent.com\/sv\/lagenheter-med-goda-utsikter-i-nazare\/\" \/>\n<meta property=\"og:locale\" content=\"sv_SE\" \/>\n<meta property=\"og:type\" content=\"article\" \/>\n<meta property=\"og:title\" content=\"Goda utsikter i Nazar\u00e9 - Portugal Agent\" \/>\n<meta property=\"og:description\" content=\"L\u00e4genheter med goda utsikter i Nazar\u00e9 T3 och T2 till salu p\u00e5 Silverkusten\" \/>\n<meta property=\"og:url\" content=\"https:\/\/portugalagent.com\/sv\/lagenheter-med-goda-utsikter-i-nazare\/\" \/>\n<meta property=\"og:site_name\" content=\"Portugal Agent\" \/>\n<meta property=\"article:published_time\" content=\"2022-11-14T17:49:37+00:00\" \/>\n<meta property=\"article:modified_time\" content=\"2022-11-14T17:49:40+00:00\" \/>\n<meta property=\"og:image\" content=\"https:\/\/portugalagent.com\/wp-content\/uploads\/2022\/11\/DJI_0824NET2.jpg?v=1668447869\" \/>\n\t<meta property=\"og:image:width\" content=\"1500\" \/>\n\t<meta property=\"og:image:height\" content=\"1000\" \/>\n\t<meta property=\"og:image:type\" content=\"image\/jpeg\" \/>\n<meta name=\"author\" content=\"Niklas Fors\u00e9n\" \/>\n<meta name=\"twitter:card\" content=\"summary_large_image\" \/>\n<meta name=\"twitter:label1\" content=\"Skriven av\" \/>\n\t<meta name=\"twitter:data1\" content=\"Niklas Fors\u00e9n\" \/>\n\t<meta name=\"twitter:label2\" content=\"Ber\u00e4knad l\u00e4stid\" \/>\n\t<meta name=\"twitter:data2\" content=\"3 minuter\" \/>\n<script type=\"application\/ld+json\" class=\"yoast-schema-graph\">{\"@context\":\"https:\/\/schema.org\",\"@graph\":[{\"@type\":\"Article\",\"@id\":\"https:\/\/portugalagent.com\/sv\/lagenheter-med-goda-utsikter-i-nazare\/#article\",\"isPartOf\":{\"@id\":\"https:\/\/portugalagent.com\/sv\/lagenheter-med-goda-utsikter-i-nazare\/\"},\"author\":{\"name\":\"Niklas Fors\u00e9n\",\"@id\":\"https:\/\/portugalagent.com\/sv\/#\/schema\/person\/916dd45acb1ec87bc80bc43ca8907acd\"},\"headline\":\"Goda utsikter i Nazar\u00e9\",\"datePublished\":\"2022-11-14T17:49:37+00:00\",\"dateModified\":\"2022-11-14T17:49:40+00:00\",\"mainEntityOfPage\":{\"@id\":\"https:\/\/portugalagent.com\/sv\/lagenheter-med-goda-utsikter-i-nazare\/\"},\"wordCount\":670,\"commentCount\":0,\"publisher\":{\"@id\":\"https:\/\/portugalagent.com\/sv\/#organization\"},\"articleSection\":[\"K\u00f6pa bostad i Portugal\",\"news\",\"Nyheter\"],\"inLanguage\":\"sv-SE\",\"potentialAction\":[{\"@type\":\"CommentAction\",\"name\":\"Comment\",\"target\":[\"https:\/\/portugalagent.com\/sv\/lagenheter-med-goda-utsikter-i-nazare\/#respond\"]}]},{\"@type\":\"WebPage\",\"@id\":\"https:\/\/portugalagent.com\/sv\/lagenheter-med-goda-utsikter-i-nazare\/\",\"url\":\"https:\/\/portugalagent.com\/sv\/lagenheter-med-goda-utsikter-i-nazare\/\",\"name\":\"Goda utsikter i Nazar\u00e9 - Portugal Agent\",\"isPartOf\":{\"@id\":\"https:\/\/portugalagent.com\/sv\/#website\"},\"datePublished\":\"2022-11-14T17:49:37+00:00\",\"dateModified\":\"2022-11-14T17:49:40+00:00\",\"description\":\"L\u00e4genheter med goda utsikter i Nazar\u00e9 T3 och T2 till salu p\u00e5 Silverkusten\",\"breadcrumb\":{\"@id\":\"https:\/\/portugalagent.com\/sv\/lagenheter-med-goda-utsikter-i-nazare\/#breadcrumb\"},\"inLanguage\":\"sv-SE\",\"potentialAction\":[{\"@type\":\"ReadAction\",\"target\":[\"https:\/\/portugalagent.com\/sv\/lagenheter-med-goda-utsikter-i-nazare\/\"]}]},{\"@type\":\"BreadcrumbList\",\"@id\":\"https:\/\/portugalagent.com\/sv\/lagenheter-med-goda-utsikter-i-nazare\/#breadcrumb\",\"itemListElement\":[{\"@type\":\"ListItem\",\"position\":1,\"name\":\"Home\",\"item\":\"https:\/\/portugalagent.com\/sv\/\"},{\"@type\":\"ListItem\",\"position\":2,\"name\":\"Goda utsikter i Nazar\u00e9\"}]},{\"@type\":\"WebSite\",\"@id\":\"https:\/\/portugalagent.com\/sv\/#website\",\"url\":\"https:\/\/portugalagent.com\/sv\/\",\"name\":\"Portugal Agent\",\"description\":\"\",\"publisher\":{\"@id\":\"https:\/\/portugalagent.com\/sv\/#organization\"},\"potentialAction\":[{\"@type\":\"SearchAction\",\"target\":{\"@type\":\"EntryPoint\",\"urlTemplate\":\"https:\/\/portugalagent.com\/sv\/?s={search_term_string}\"},\"query-input\":\"required name=search_term_string\"}],\"inLanguage\":\"sv-SE\"},{\"@type\":\"Organization\",\"@id\":\"https:\/\/portugalagent.com\/sv\/#organization\",\"name\":\"Portugal Agent\",\"url\":\"https:\/\/portugalagent.com\/sv\/\",\"logo\":{\"@type\":\"ImageObject\",\"inLanguage\":\"sv-SE\",\"@id\":\"https:\/\/portugalagent.com\/sv\/#\/schema\/logo\/image\/\",\"url\":\"https:\/\/portugalagent.com\/wp-content\/uploads\/2020\/11\/portugalagent.svg\",\"contentUrl\":\"https:\/\/portugalagent.com\/wp-content\/uploads\/2020\/11\/portugalagent.svg\",\"caption\":\"Portugal Agent\"},\"image\":{\"@id\":\"https:\/\/portugalagent.com\/sv\/#\/schema\/logo\/image\/\"}},{\"@type\":\"Person\",\"@id\":\"https:\/\/portugalagent.com\/sv\/#\/schema\/person\/916dd45acb1ec87bc80bc43ca8907acd\",\"name\":\"Niklas Fors\u00e9n\",\"image\":{\"@type\":\"ImageObject\",\"inLanguage\":\"sv-SE\",\"@id\":\"https:\/\/portugalagent.com\/sv\/#\/schema\/person\/image\/\",\"url\":\"https:\/\/secure.gravatar.com\/avatar\/663013df21d0d1921019a9add374baaa?s=96&d=mm&r=g\",\"contentUrl\":\"https:\/\/secure.gravatar.com\/avatar\/663013df21d0d1921019a9add374baaa?s=96&d=mm&r=g\",\"caption\":\"Niklas Fors\u00e9n\"},\"url\":\"https:\/\/portugalagent.com\/sv\/author\/niklasportugalagent-com\/\"}]}<\/script>\n<!-- \/ Yoast SEO plugin. -->","yoast_head_json":{"title":"Goda utsikter i Nazar\u00e9 - Portugal Agent","description":"L\u00e4genheter med goda utsikter i Nazar\u00e9 T3 och T2 till salu p\u00e5 Silverkusten","robots":{"index":"index","follow":"follow","max-snippet":"max-snippet:-1","max-image-preview":"max-image-preview:large","max-video-preview":"max-video-preview:-1"},"canonical":"https:\/\/portugalagent.com\/sv\/lagenheter-med-goda-utsikter-i-nazare\/","og_locale":"sv_SE","og_type":"article","og_title":"Goda utsikter i Nazar\u00e9 - Portugal Agent","og_description":"L\u00e4genheter med goda utsikter i Nazar\u00e9 T3 och T2 till salu p\u00e5 Silverkusten","og_url":"https:\/\/portugalagent.com\/sv\/lagenheter-med-goda-utsikter-i-nazare\/","og_site_name":"Portugal Agent","article_published_time":"2022-11-14T17:49:37+00:00","article_modified_time":"2022-11-14T17:49:40+00:00","og_image":[{"width":1500,"height":1000,"url":"https:\/\/portugalagent.com\/wp-content\/uploads\/2022\/11\/DJI_0824NET2.jpg?v=1668447869","type":"image\/jpeg"}],"author":"Niklas Fors\u00e9n","twitter_card":"summary_large_image","twitter_misc":{"Skriven av":"Niklas Fors\u00e9n","Ber\u00e4knad l\u00e4stid":"3 minuter"},"schema":{"@context":"https:\/\/schema.org","@graph":[{"@type":"Article","@id":"https:\/\/portugalagent.com\/sv\/lagenheter-med-goda-utsikter-i-nazare\/#article","isPartOf":{"@id":"https:\/\/portugalagent.com\/sv\/lagenheter-med-goda-utsikter-i-nazare\/"},"author":{"name":"Niklas Fors\u00e9n","@id":"https:\/\/portugalagent.com\/sv\/#\/schema\/person\/916dd45acb1ec87bc80bc43ca8907acd"},"headline":"Goda utsikter i Nazar\u00e9","datePublished":"2022-11-14T17:49:37+00:00","dateModified":"2022-11-14T17:49:40+00:00","mainEntityOfPage":{"@id":"https:\/\/portugalagent.com\/sv\/lagenheter-med-goda-utsikter-i-nazare\/"},"wordCount":670,"commentCount":0,"publisher":{"@id":"https:\/\/portugalagent.com\/sv\/#organization"},"articleSection":["K\u00f6pa bostad i Portugal","news","Nyheter"],"inLanguage":"sv-SE","potentialAction":[{"@type":"CommentAction","name":"Comment","target":["https:\/\/portugalagent.com\/sv\/lagenheter-med-goda-utsikter-i-nazare\/#respond"]}]},{"@type":"WebPage","@id":"https:\/\/portugalagent.com\/sv\/lagenheter-med-goda-utsikter-i-nazare\/","url":"https:\/\/portugalagent.com\/sv\/lagenheter-med-goda-utsikter-i-nazare\/","name":"Goda utsikter i Nazar\u00e9 - Portugal Agent","isPartOf":{"@id":"https:\/\/portugalagent.com\/sv\/#website"},"datePublished":"2022-11-14T17:49:37+00:00","dateModified":"2022-11-14T17:49:40+00:00","description":"L\u00e4genheter med goda utsikter i Nazar\u00e9 T3 och T2 till salu p\u00e5 Silverkusten","breadcrumb":{"@id":"https:\/\/portugalagent.com\/sv\/lagenheter-med-goda-utsikter-i-nazare\/#breadcrumb"},"inLanguage":"sv-SE","potentialAction":[{"@type":"ReadAction","target":["https:\/\/portugalagent.com\/sv\/lagenheter-med-goda-utsikter-i-nazare\/"]}]},{"@type":"BreadcrumbList","@id":"https:\/\/portugalagent.com\/sv\/lagenheter-med-goda-utsikter-i-nazare\/#breadcrumb","itemListElement":[{"@type":"ListItem","position":1,"name":"Home","item":"https:\/\/portugalagent.com\/sv\/"},{"@type":"ListItem","position":2,"name":"Goda utsikter i Nazar\u00e9"}]},{"@type":"WebSite","@id":"https:\/\/portugalagent.com\/sv\/#website","url":"https:\/\/portugalagent.com\/sv\/","name":"Portugal Agent","description":"","publisher":{"@id":"https:\/\/portugalagent.com\/sv\/#organization"},"potentialAction":[{"@type":"SearchAction","target":{"@type":"EntryPoint","urlTemplate":"https:\/\/portugalagent.com\/sv\/?s={search_term_string}"},"query-input":"required name=search_term_string"}],"inLanguage":"sv-SE"},{"@type":"Organization","@id":"https:\/\/portugalagent.com\/sv\/#organization","name":"Portugal Agent","url":"https:\/\/portugalagent.com\/sv\/","logo":{"@type":"ImageObject","inLanguage":"sv-SE","@id":"https:\/\/portugalagent.com\/sv\/#\/schema\/logo\/image\/","url":"https:\/\/portugalagent.com\/wp-content\/uploads\/2020\/11\/portugalagent.svg","contentUrl":"https:\/\/portugalagent.com\/wp-content\/uploads\/2020\/11\/portugalagent.svg","caption":"Portugal Agent"},"image":{"@id":"https:\/\/portugalagent.com\/sv\/#\/schema\/logo\/image\/"}},{"@type":"Person","@id":"https:\/\/portugalagent.com\/sv\/#\/schema\/person\/916dd45acb1ec87bc80bc43ca8907acd","name":"Niklas Fors\u00e9n","image":{"@type":"ImageObject","inLanguage":"sv-SE","@id":"https:\/\/portugalagent.com\/sv\/#\/schema\/person\/image\/","url":"https:\/\/secure.gravatar.com\/avatar\/663013df21d0d1921019a9add374baaa?s=96&d=mm&r=g","contentUrl":"https:\/\/secure.gravatar.com\/avatar\/663013df21d0d1921019a9add374baaa?s=96&d=mm&r=g","caption":"Niklas Fors\u00e9n"},"url":"https:\/\/portugalagent.com\/sv\/author\/niklasportugalagent-com\/"}]}},"_links":{"self":[{"href":"https:\/\/portugalagent.com\/sv\/wp-json\/wp\/v2\/posts\/65109"}],"collection":[{"href":"https:\/\/portugalagent.com\/sv\/wp-json\/wp\/v2\/posts"}],"about":[{"href":"https:\/\/portugalagent.com\/sv\/wp-json\/wp\/v2\/types\/post"}],"author":[{"embeddable":true,"href":"https:\/\/portugalagent.com\/sv\/wp-json\/wp\/v2\/users\/2"}],"replies":[{"embeddable":true,"href":"https:\/\/portugalagent.com\/sv\/wp-json\/wp\/v2\/comments?post=65109"}],"version-history":[{"count":2,"href":"https:\/\/portugalagent.com\/sv\/wp-json\/wp\/v2\/posts\/65109\/revisions"}],"predecessor-version":[{"id":65141,"href":"https:\/\/portugalagent.com\/sv\/wp-json\/wp\/v2\/posts\/65109\/revisions\/65141"}],"wp:featuredmedia":[{"embeddable":true,"href":"https:\/\/portugalagent.com\/sv\/wp-json\/wp\/v2\/media\/65115"}],"wp:attachment":[{"href":"https:\/\/portugalagent.com\/sv\/wp-json\/wp\/v2\/media?parent=65109"}],"wp:term":[{"taxonomy":"category","embeddable":true,"href":"https:\/\/portugalagent.com\/sv\/wp-json\/wp\/v2\/categories?post=65109"},{"taxonomy":"post_tag","embeddable":true,"href":"https:\/\/portugalagent.com\/sv\/wp-json\/wp\/v2\/tags?post=65109"}],"curies":[{"name":"wp","href":"https:\/\/api.w.org\/{rel}","templated":true}]}}