{"id":64086,"date":"2022-01-21T12:20:12","date_gmt":"2022-01-21T12:20:12","guid":{"rendered":"https:\/\/portugalagent.com\/?p=64086"},"modified":"2022-01-21T12:28:08","modified_gmt":"2022-01-21T12:28:08","slug":"starta-foretag-i-portugal-fran-sverige","status":"publish","type":"post","link":"https:\/\/portugalagent.com\/sv\/starta-foretag-i-portugal-fran-sverige\/","title":{"rendered":"Starta f\u00f6retag i Portugal"},"content":{"rendered":"\n<p>Nu \u00e4r det m\u00e5nga svenska entrepren\u00f6rer som funderar p\u00e5 att starta f\u00f6retag i Portugal. Vi p\u00e5 Portugalagent kan hj\u00e4lpa dig att komma ig\u00e5ng p\u00e5 ett smidigt s\u00e4tt.<\/p>\n\n\n\n<p>F\u00f6rdelarna med ett portugisiskt Lda, motsvarigheten till ett svenskt AB, j\u00e4mf\u00f6rt Sverige \u00e4r m\u00e5nga:<br>Stor frihet i bokf\u00f6ringen: M\u00e5nga kostnader kan stanna i bolaget och beh\u00f6ver inte taxeras privat f\u00f6r dig som \u00e4gare. T.ex. bilar<br>L\u00e5ga personalkostnader<br>F\u00f6rh\u00e5llandevis enkel byr\u00e5krati j\u00e4mf\u00f6rt med m\u00e5nga andra l\u00e4nder i s\u00f6dra Europa<br>Lokaler \u00e4r f\u00f6rh\u00e5llandevis billiga<br>Ja, listan kan g\u00f6ras l\u00e5ng.<\/p>\n\n\n\n<h3>S\u00e5 h\u00e4r kan Portugalagent hj\u00e4lpa dig att starta bolag i Portugal<\/h3>\n\n\n\n<p>Tillsammans har vi i Portugalagent bred erfarenhet fr\u00e5n f\u00f6retagsamhet och ledande roller inom svenskt aff\u00e4rsliv i mer \u00e4n 30 \u00e5r. Sedan v\u00e5ren 2015 har vi dessutom goda erfarenheter som f\u00f6retagare och fastighetsm\u00e4klare i Portugal.<br>V\u00e5ren 2021 b\u00f6rjade vi v\u00e5r konsultverksamhet mot svenskar och svenska f\u00f6retag som vill starta f\u00f6retag i Portugal i liten skala. Nu i vinter 21\/22 har fr\u00e5gorna och kunderna blivit fler och vi har en hel del p\u00e5 plats vad g\u00e4ller redovisning, start ups i Portugal, jurister, r\u00e5dgivning m m<br>Vi vet vad som skiljer portugisiskt aff\u00e4rsliv fr\u00e5n svenskt. Vi kan<br>t\u00e5gordningen och byr\u00e5kratin. Vi har ocks\u00e5 r\u00e4tt n\u00e4tverk f\u00f6r att hj\u00e4lpa dig fram\u00e5t vad g\u00e4ller juridisk r\u00e5dgivning, redovisning, webbyr\u00e5er, lokaler och annat.<\/p>\n\n\n\n<p>Enkelt uppl\u00e4gg: du fokuserar p\u00e5 din aff\u00e4rsid\u00e9 och vi lotsar dig fram\u00e5t genom ett aff\u00e4rsklimat och en byr\u00e5krati d\u00e4r du bitvis inte kommer k\u00e4nna igen dig i b\u00f6rjan.<\/p>\n\n\n\n<h2><strong>\u201dVarf\u00f6r l\u00e4ra av dina egna misstag &#8211; n\u00e4r du kan l\u00e4ra dig av mina?\u201d<\/strong><\/h2>\n\n\n\n<p>-Niklas Fors\u00e9n, grundare och partner. Portugalagent.<\/p>\n\n\n\n<h3>Kostnadsfritt f\u00f6rsta m\u00f6te<\/h3>\n\n\n\n<p>Boka ett f\u00f6rsta, kostnadsfritt m\u00f6te, f\u00f6r att se om vi kan tillf\u00f6ra dig och din etablering i Portugal n\u00e5got. Vi kan tr\u00e4ffas hos oss i Nazar\u00e9 &#8211; eller \u00e4nnu hellre uppkopplade via Teams eller liknande.<\/p>\n\n\n\n<p>Du kan \u00e4ven tr\u00e4ffa oss i Sverige n\u00e4r vi \u00e4r d\u00e4r. Vi kommer bes\u00f6ka b\u00e5de G\u00f6teborg och Stockholm i lite olika omg\u00e5ngar i februari och mars 2022. Givetvis \u00e4ven senare i lite olika perioder.<\/p>\n\n\n\n<p>L\u00e4ngre text och mer om v\u00e5r bakgrund h\u00e4r:<br><a href=\"https:\/\/portugalagent.com\/sv\/svensk-foretagare-i-portugal-foretagskonsult\/\">Svensk f\u00f6retagare i Portugal<\/a><\/p>\n\n\n\n<p>H\u00f6r av dig s\u00e5 bokar vi en tid!<\/p>\n\n\n\n<p><strong>Kontakt \u2013 f\u00f6retagskonsult<\/strong><br>Kari Fors\u00e9n, +46-70-910 95 60 Mejl: <a href=\"mailto:kari@portugalagent.com\">kari@portugalagent.com<\/a><br>Niklas Fors\u00e9n, +46-70-592 60 76. Mejl: <a href=\"mailto:niklas@portugalagent.com\">niklas@portugalagent.com<\/a><\/p>\n","protected":false},"excerpt":{"rendered":"<p>Nu \u00e4r det m\u00e5nga svenska entrepren\u00f6rer som funderar p\u00e5 att starta f\u00f6retag i Portugal. Vi p\u00e5 Portugalagent kan hj\u00e4lpa dig att komma ig\u00e5ng p\u00e5 ett smidigt s\u00e4tt. F\u00f6rdelarna med ett portugisiskt Lda, motsvarigheten till ett svenskt AB, j\u00e4mf\u00f6rt Sverige \u00e4r m\u00e5nga:Stor frihet i bokf\u00f6ringen: M\u00e5nga kostnader kan stanna i bolaget och beh\u00f6ver inte taxeras privat [&hellip;]<\/p>\n","protected":false},"author":2,"featured_media":64087,"comment_status":"open","ping_status":"open","sticky":false,"template":"","format":"standard","meta":{"om_disable_all_campaigns":false,"_monsterinsights_skip_tracking":false,"_monsterinsights_sitenote_active":false,"_monsterinsights_sitenote_note":"","_monsterinsights_sitenote_category":0},"categories":[30,18],"tags":[],"aioseo_notices":[],"yoast_head":"<!-- This site is optimized with the Yoast SEO plugin v19.10 - https:\/\/yoast.com\/wordpress\/plugins\/seo\/ -->\n<title>Starta f\u00f6retag i Portugal - Portugal Agent<\/title>\n<meta name=\"description\" content=\"Starta f\u00f6retag i Portugal fr\u00e5n Sverige\" \/>\n<meta name=\"robots\" content=\"index, follow, max-snippet:-1, max-image-preview:large, max-video-preview:-1\" \/>\n<link rel=\"canonical\" href=\"https:\/\/portugalagent.com\/sv\/starta-foretag-i-portugal-fran-sverige\/\" \/>\n<meta property=\"og:locale\" content=\"sv_SE\" \/>\n<meta property=\"og:type\" content=\"article\" \/>\n<meta property=\"og:title\" content=\"Starta f\u00f6retag i Portugal - Portugal Agent\" \/>\n<meta property=\"og:description\" content=\"Starta f\u00f6retag i Portugal fr\u00e5n Sverige\" \/>\n<meta property=\"og:url\" content=\"https:\/\/portugalagent.com\/sv\/starta-foretag-i-portugal-fran-sverige\/\" \/>\n<meta property=\"og:site_name\" content=\"Portugal Agent\" \/>\n<meta property=\"article:published_time\" content=\"2022-01-21T12:20:12+00:00\" \/>\n<meta property=\"article:modified_time\" content=\"2022-01-21T12:28:08+00:00\" \/>\n<meta property=\"og:image\" content=\"https:\/\/portugalagent.com\/wp-content\/uploads\/2022\/01\/IMG_1412.jpeg?v=1642767198\" \/>\n\t<meta property=\"og:image:width\" content=\"2049\" \/>\n\t<meta property=\"og:image:height\" content=\"1535\" \/>\n\t<meta property=\"og:image:type\" content=\"image\/jpeg\" \/>\n<meta name=\"author\" content=\"Niklas Fors\u00e9n\" \/>\n<meta name=\"twitter:card\" content=\"summary_large_image\" \/>\n<meta name=\"twitter:label1\" content=\"Skriven av\" \/>\n\t<meta name=\"twitter:data1\" content=\"Niklas Fors\u00e9n\" \/>\n\t<meta name=\"twitter:label2\" content=\"Ber\u00e4knad l\u00e4stid\" \/>\n\t<meta name=\"twitter:data2\" content=\"2 minuter\" \/>\n<script type=\"application\/ld+json\" class=\"yoast-schema-graph\">{\"@context\":\"https:\/\/schema.org\",\"@graph\":[{\"@type\":\"Article\",\"@id\":\"https:\/\/portugalagent.com\/sv\/starta-foretag-i-portugal-fran-sverige\/#article\",\"isPartOf\":{\"@id\":\"https:\/\/portugalagent.com\/sv\/starta-foretag-i-portugal-fran-sverige\/\"},\"author\":{\"name\":\"Niklas Fors\u00e9n\",\"@id\":\"https:\/\/portugalagent.com\/sv\/#\/schema\/person\/916dd45acb1ec87bc80bc43ca8907acd\"},\"headline\":\"Starta f\u00f6retag i Portugal\",\"datePublished\":\"2022-01-21T12:20:12+00:00\",\"dateModified\":\"2022-01-21T12:28:08+00:00\",\"mainEntityOfPage\":{\"@id\":\"https:\/\/portugalagent.com\/sv\/starta-foretag-i-portugal-fran-sverige\/\"},\"wordCount\":455,\"commentCount\":0,\"publisher\":{\"@id\":\"https:\/\/portugalagent.com\/sv\/#organization\"},\"articleSection\":[\"news\",\"Nyheter\"],\"inLanguage\":\"sv-SE\",\"potentialAction\":[{\"@type\":\"CommentAction\",\"name\":\"Comment\",\"target\":[\"https:\/\/portugalagent.com\/sv\/starta-foretag-i-portugal-fran-sverige\/#respond\"]}]},{\"@type\":\"WebPage\",\"@id\":\"https:\/\/portugalagent.com\/sv\/starta-foretag-i-portugal-fran-sverige\/\",\"url\":\"https:\/\/portugalagent.com\/sv\/starta-foretag-i-portugal-fran-sverige\/\",\"name\":\"Starta f\u00f6retag i Portugal - Portugal Agent\",\"isPartOf\":{\"@id\":\"https:\/\/portugalagent.com\/sv\/#website\"},\"datePublished\":\"2022-01-21T12:20:12+00:00\",\"dateModified\":\"2022-01-21T12:28:08+00:00\",\"description\":\"Starta f\u00f6retag i Portugal fr\u00e5n Sverige\",\"breadcrumb\":{\"@id\":\"https:\/\/portugalagent.com\/sv\/starta-foretag-i-portugal-fran-sverige\/#breadcrumb\"},\"inLanguage\":\"sv-SE\",\"potentialAction\":[{\"@type\":\"ReadAction\",\"target\":[\"https:\/\/portugalagent.com\/sv\/starta-foretag-i-portugal-fran-sverige\/\"]}]},{\"@type\":\"BreadcrumbList\",\"@id\":\"https:\/\/portugalagent.com\/sv\/starta-foretag-i-portugal-fran-sverige\/#breadcrumb\",\"itemListElement\":[{\"@type\":\"ListItem\",\"position\":1,\"name\":\"Home\",\"item\":\"https:\/\/portugalagent.com\/sv\/\"},{\"@type\":\"ListItem\",\"position\":2,\"name\":\"Starta f\u00f6retag i Portugal\"}]},{\"@type\":\"WebSite\",\"@id\":\"https:\/\/portugalagent.com\/sv\/#website\",\"url\":\"https:\/\/portugalagent.com\/sv\/\",\"name\":\"Portugal Agent\",\"description\":\"\",\"publisher\":{\"@id\":\"https:\/\/portugalagent.com\/sv\/#organization\"},\"potentialAction\":[{\"@type\":\"SearchAction\",\"target\":{\"@type\":\"EntryPoint\",\"urlTemplate\":\"https:\/\/portugalagent.com\/sv\/?s={search_term_string}\"},\"query-input\":\"required name=search_term_string\"}],\"inLanguage\":\"sv-SE\"},{\"@type\":\"Organization\",\"@id\":\"https:\/\/portugalagent.com\/sv\/#organization\",\"name\":\"Portugal Agent\",\"url\":\"https:\/\/portugalagent.com\/sv\/\",\"logo\":{\"@type\":\"ImageObject\",\"inLanguage\":\"sv-SE\",\"@id\":\"https:\/\/portugalagent.com\/sv\/#\/schema\/logo\/image\/\",\"url\":\"https:\/\/portugalagent.com\/wp-content\/uploads\/2020\/11\/portugalagent.svg\",\"contentUrl\":\"https:\/\/portugalagent.com\/wp-content\/uploads\/2020\/11\/portugalagent.svg\",\"caption\":\"Portugal Agent\"},\"image\":{\"@id\":\"https:\/\/portugalagent.com\/sv\/#\/schema\/logo\/image\/\"}},{\"@type\":\"Person\",\"@id\":\"https:\/\/portugalagent.com\/sv\/#\/schema\/person\/916dd45acb1ec87bc80bc43ca8907acd\",\"name\":\"Niklas Fors\u00e9n\",\"image\":{\"@type\":\"ImageObject\",\"inLanguage\":\"sv-SE\",\"@id\":\"https:\/\/portugalagent.com\/sv\/#\/schema\/person\/image\/\",\"url\":\"https:\/\/secure.gravatar.com\/avatar\/663013df21d0d1921019a9add374baaa?s=96&d=mm&r=g\",\"contentUrl\":\"https:\/\/secure.gravatar.com\/avatar\/663013df21d0d1921019a9add374baaa?s=96&d=mm&r=g\",\"caption\":\"Niklas Fors\u00e9n\"},\"url\":\"https:\/\/portugalagent.com\/sv\/author\/niklasportugalagent-com\/\"}]}<\/script>\n<!-- \/ Yoast SEO plugin. -->","yoast_head_json":{"title":"Starta f\u00f6retag i Portugal - Portugal Agent","description":"Starta f\u00f6retag i Portugal fr\u00e5n Sverige","robots":{"index":"index","follow":"follow","max-snippet":"max-snippet:-1","max-image-preview":"max-image-preview:large","max-video-preview":"max-video-preview:-1"},"canonical":"https:\/\/portugalagent.com\/sv\/starta-foretag-i-portugal-fran-sverige\/","og_locale":"sv_SE","og_type":"article","og_title":"Starta f\u00f6retag i Portugal - Portugal Agent","og_description":"Starta f\u00f6retag i Portugal fr\u00e5n Sverige","og_url":"https:\/\/portugalagent.com\/sv\/starta-foretag-i-portugal-fran-sverige\/","og_site_name":"Portugal Agent","article_published_time":"2022-01-21T12:20:12+00:00","article_modified_time":"2022-01-21T12:28:08+00:00","og_image":[{"width":2049,"height":1535,"url":"https:\/\/portugalagent.com\/wp-content\/uploads\/2022\/01\/IMG_1412.jpeg?v=1642767198","type":"image\/jpeg"}],"author":"Niklas Fors\u00e9n","twitter_card":"summary_large_image","twitter_misc":{"Skriven av":"Niklas Fors\u00e9n","Ber\u00e4knad l\u00e4stid":"2 minuter"},"schema":{"@context":"https:\/\/schema.org","@graph":[{"@type":"Article","@id":"https:\/\/portugalagent.com\/sv\/starta-foretag-i-portugal-fran-sverige\/#article","isPartOf":{"@id":"https:\/\/portugalagent.com\/sv\/starta-foretag-i-portugal-fran-sverige\/"},"author":{"name":"Niklas Fors\u00e9n","@id":"https:\/\/portugalagent.com\/sv\/#\/schema\/person\/916dd45acb1ec87bc80bc43ca8907acd"},"headline":"Starta f\u00f6retag i Portugal","datePublished":"2022-01-21T12:20:12+00:00","dateModified":"2022-01-21T12:28:08+00:00","mainEntityOfPage":{"@id":"https:\/\/portugalagent.com\/sv\/starta-foretag-i-portugal-fran-sverige\/"},"wordCount":455,"commentCount":0,"publisher":{"@id":"https:\/\/portugalagent.com\/sv\/#organization"},"articleSection":["news","Nyheter"],"inLanguage":"sv-SE","potentialAction":[{"@type":"CommentAction","name":"Comment","target":["https:\/\/portugalagent.com\/sv\/starta-foretag-i-portugal-fran-sverige\/#respond"]}]},{"@type":"WebPage","@id":"https:\/\/portugalagent.com\/sv\/starta-foretag-i-portugal-fran-sverige\/","url":"https:\/\/portugalagent.com\/sv\/starta-foretag-i-portugal-fran-sverige\/","name":"Starta f\u00f6retag i Portugal - Portugal Agent","isPartOf":{"@id":"https:\/\/portugalagent.com\/sv\/#website"},"datePublished":"2022-01-21T12:20:12+00:00","dateModified":"2022-01-21T12:28:08+00:00","description":"Starta f\u00f6retag i Portugal fr\u00e5n Sverige","breadcrumb":{"@id":"https:\/\/portugalagent.com\/sv\/starta-foretag-i-portugal-fran-sverige\/#breadcrumb"},"inLanguage":"sv-SE","potentialAction":[{"@type":"ReadAction","target":["https:\/\/portugalagent.com\/sv\/starta-foretag-i-portugal-fran-sverige\/"]}]},{"@type":"BreadcrumbList","@id":"https:\/\/portugalagent.com\/sv\/starta-foretag-i-portugal-fran-sverige\/#breadcrumb","itemListElement":[{"@type":"ListItem","position":1,"name":"Home","item":"https:\/\/portugalagent.com\/sv\/"},{"@type":"ListItem","position":2,"name":"Starta f\u00f6retag i Portugal"}]},{"@type":"WebSite","@id":"https:\/\/portugalagent.com\/sv\/#website","url":"https:\/\/portugalagent.com\/sv\/","name":"Portugal Agent","description":"","publisher":{"@id":"https:\/\/portugalagent.com\/sv\/#organization"},"potentialAction":[{"@type":"SearchAction","target":{"@type":"EntryPoint","urlTemplate":"https:\/\/portugalagent.com\/sv\/?s={search_term_string}"},"query-input":"required name=search_term_string"}],"inLanguage":"sv-SE"},{"@type":"Organization","@id":"https:\/\/portugalagent.com\/sv\/#organization","name":"Portugal Agent","url":"https:\/\/portugalagent.com\/sv\/","logo":{"@type":"ImageObject","inLanguage":"sv-SE","@id":"https:\/\/portugalagent.com\/sv\/#\/schema\/logo\/image\/","url":"https:\/\/portugalagent.com\/wp-content\/uploads\/2020\/11\/portugalagent.svg","contentUrl":"https:\/\/portugalagent.com\/wp-content\/uploads\/2020\/11\/portugalagent.svg","caption":"Portugal Agent"},"image":{"@id":"https:\/\/portugalagent.com\/sv\/#\/schema\/logo\/image\/"}},{"@type":"Person","@id":"https:\/\/portugalagent.com\/sv\/#\/schema\/person\/916dd45acb1ec87bc80bc43ca8907acd","name":"Niklas Fors\u00e9n","image":{"@type":"ImageObject","inLanguage":"sv-SE","@id":"https:\/\/portugalagent.com\/sv\/#\/schema\/person\/image\/","url":"https:\/\/secure.gravatar.com\/avatar\/663013df21d0d1921019a9add374baaa?s=96&d=mm&r=g","contentUrl":"https:\/\/secure.gravatar.com\/avatar\/663013df21d0d1921019a9add374baaa?s=96&d=mm&r=g","caption":"Niklas Fors\u00e9n"},"url":"https:\/\/portugalagent.com\/sv\/author\/niklasportugalagent-com\/"}]}},"_links":{"self":[{"href":"https:\/\/portugalagent.com\/sv\/wp-json\/wp\/v2\/posts\/64086"}],"collection":[{"href":"https:\/\/portugalagent.com\/sv\/wp-json\/wp\/v2\/posts"}],"about":[{"href":"https:\/\/portugalagent.com\/sv\/wp-json\/wp\/v2\/types\/post"}],"author":[{"embeddable":true,"href":"https:\/\/portugalagent.com\/sv\/wp-json\/wp\/v2\/users\/2"}],"replies":[{"embeddable":true,"href":"https:\/\/portugalagent.com\/sv\/wp-json\/wp\/v2\/comments?post=64086"}],"version-history":[{"count":3,"href":"https:\/\/portugalagent.com\/sv\/wp-json\/wp\/v2\/posts\/64086\/revisions"}],"predecessor-version":[{"id":64106,"href":"https:\/\/portugalagent.com\/sv\/wp-json\/wp\/v2\/posts\/64086\/revisions\/64106"}],"wp:featuredmedia":[{"embeddable":true,"href":"https:\/\/portugalagent.com\/sv\/wp-json\/wp\/v2\/media\/64087"}],"wp:attachment":[{"href":"https:\/\/portugalagent.com\/sv\/wp-json\/wp\/v2\/media?parent=64086"}],"wp:term":[{"taxonomy":"category","embeddable":true,"href":"https:\/\/portugalagent.com\/sv\/wp-json\/wp\/v2\/categories?post=64086"},{"taxonomy":"post_tag","embeddable":true,"href":"https:\/\/portugalagent.com\/sv\/wp-json\/wp\/v2\/tags?post=64086"}],"curies":[{"name":"wp","href":"https:\/\/api.w.org\/{rel}","templated":true}]}}