{"id":62738,"date":"2021-11-19T09:06:47","date_gmt":"2021-11-19T09:06:47","guid":{"rendered":"https:\/\/portugalagent.com\/?p=62738"},"modified":"2021-11-19T09:11:47","modified_gmt":"2021-11-19T09:11:47","slug":"nytt-till-salu-pa-silverkusten-ferrel-baleal-peniche-nazare","status":"publish","type":"post","link":"https:\/\/portugalagent.com\/sv\/nytt-till-salu-pa-silverkusten-ferrel-baleal-peniche-nazare\/","title":{"rendered":"Nytt till salu p\u00e5 Silverkusten"},"content":{"rendered":"\n<p>Hus till salu i Portugal. Vi \u00e4r fastighetsm\u00e4klare p\u00e5 Silverkusten och har etablerat n\u00e4ra samarbete med flera olika m\u00e4klare utefter kusten mellan Peniche\/Ferrel och upp till Nazar\u00e9 p\u00e5 s\u00f6dra delen av Silverkusten.<\/p>\n\n\n\n<h3>Nya objekt till salu<\/h3>\n\n\n\n<p>Vi jobbar just nu p\u00e5 \u00f6vers\u00e4ttning till svenska och tyska f\u00f6r m\u00e5nga hus och l\u00e4genheter till salu p\u00e5 Silverkusten. Kolla l\u00e4nken nedan s\u00e5 ser du ett urval av bost\u00e4der till salu \u2013 och kom ih\u00e5g \u2013 det kommer mera inom kort!<\/p>\n\n\n\n<p><a href=\"https:\/\/portugalagent.pt\/sv-se\/fastigheter\">Till salu p\u00e5 Silverkusten<\/a><\/p>\n\n\n\n<p><strong>S\u00e5 h\u00e4r g\u00e5r det till<\/strong><br>Kontakta oss direkt om du vill ha hj\u00e4lp p\u00e5 svenska! Vi kan ofta hj\u00e4lpa dig att k\u00f6pa den bostad du \u00f6nskar men d\u00e5 \u00e4r det viktigt att du inte f\u00f6rst presenterar dig f\u00f6r n\u00e5gon annan m\u00e4klare*. D\u00e5 kommer de betrakta dig som kund och sl\u00e4pper inte in oss i processen senare. Skicka i st\u00e4llet en l\u00e4nk till objektet till oss s\u00e5 tar vi kontakt med m\u00e4klaren i fr\u00e5ga. Sedan tar vi \u00f6ver och hj\u00e4lper dig genom hela k\u00f6pprocessen och \u00e4ven efter\u00e5t om du beh\u00f6ver hj\u00e4lp och r\u00e5dgivning. Vi bor i Nazar\u00e9 och hittar mycket bra i hela omr\u00e5det.<\/p>\n\n\n\n<p>Portugalagent har objekt och hus till salu i st\u00e4der och omr\u00e5den som; Ferrel, Baleal, Peniche, Praia D\u2019el Rey, Obidos, Foz do Arehlo, S\u00e3o Martinho do Porto och Nazar\u00e9. I omr\u00e5det mellan Ferrel i s\u00f6der och Obidoslagunen i norr ligger Silverkustens fyra fina <a href=\"https:\/\/portugalagent.com\/sv\/destination-silverkusten\/aktiviteter\/golf\/\">golfbanor<\/a>; Praia D\u2019el Rey, Bom Sucesso, Royal Obidos och West Cliffs. Hela omr\u00e5det erbjuder dessutom <a href=\"https:\/\/magicseaweed.com\/Peniche-Surfing\/106\/\">surfing<\/a> i toppklass.<\/p>\n\n\n\n<h3>Portugalagents m\u00e4klare<\/h3>\n\n\n\n<p>Kari Fors\u00e9n <a href=\"mailto:kari@portugalagent.com\">kari@portugalagent.com<\/a> \u00a0+46-70-910 95 60<br>Niklas Fors\u00e9n <a href=\"mailto:niklas@portugalagent.com\">niklas@portugalagent.com<\/a> \u00a0+46-70-592 60 76<\/p>\n\n\n\n<p><strong>Deutscher Markt \u2013 tyska marknaden<\/strong><br>Torsten Henke <a href=\"mailto:torsten@portugalagent.com\">torsten@portugalagent.com<\/a> \u00a0+49-151-7283 0700<\/p>\n\n\n\n<p><\/p>\n\n\n\n<p>*)G\u00e4ller \u00e4ven Imo Nazar\u00e9. <br>Vi \u00e4r medgrundare till Imo Nazar\u00e9 och var h\u00e4lftendel\u00e4gare i perioden januari 2015 &#8211; november 2020. Tyv\u00e4rr v\u00e4ljer de att konkurrera med oss p\u00e5 alla marknader &#8211; \u00e4ven den svenska. <\/p>\n","protected":false},"excerpt":{"rendered":"<p>Hus till salu i Portugal. Vi \u00e4r fastighetsm\u00e4klare p\u00e5 Silverkusten och har etablerat n\u00e4ra samarbete med flera olika m\u00e4klare utefter kusten mellan Peniche\/Ferrel och upp till Nazar\u00e9 p\u00e5 s\u00f6dra delen av Silverkusten. Nya objekt till salu Vi jobbar just nu p\u00e5 \u00f6vers\u00e4ttning till svenska och tyska f\u00f6r m\u00e5nga hus och l\u00e4genheter till salu p\u00e5 Silverkusten. [&hellip;]<\/p>\n","protected":false},"author":2,"featured_media":62744,"comment_status":"open","ping_status":"open","sticky":false,"template":"","format":"standard","meta":{"om_disable_all_campaigns":false,"_monsterinsights_skip_tracking":false,"_monsterinsights_sitenote_active":false,"_monsterinsights_sitenote_note":"","_monsterinsights_sitenote_category":0},"categories":[30,18],"tags":[],"aioseo_notices":[],"yoast_head":"<!-- This site is optimized with the Yoast SEO plugin v19.10 - https:\/\/yoast.com\/wordpress\/plugins\/seo\/ -->\n<title>Nytt till salu p\u00e5 Silverkusten - Portugal Agent<\/title>\n<meta name=\"description\" content=\"Hus till salu p\u00e5 Silverkusten, Ferrel, Baleal, Peniche, Nazar\u00e9\" \/>\n<meta name=\"robots\" content=\"index, follow, max-snippet:-1, max-image-preview:large, max-video-preview:-1\" \/>\n<link rel=\"canonical\" href=\"https:\/\/portugalagent.com\/sv\/nytt-till-salu-pa-silverkusten-ferrel-baleal-peniche-nazare\/\" \/>\n<meta property=\"og:locale\" content=\"sv_SE\" \/>\n<meta property=\"og:type\" content=\"article\" \/>\n<meta property=\"og:title\" content=\"Nytt till salu p\u00e5 Silverkusten - Portugal Agent\" \/>\n<meta property=\"og:description\" content=\"Hus till salu p\u00e5 Silverkusten, Ferrel, Baleal, Peniche, Nazar\u00e9\" \/>\n<meta property=\"og:url\" content=\"https:\/\/portugalagent.com\/sv\/nytt-till-salu-pa-silverkusten-ferrel-baleal-peniche-nazare\/\" \/>\n<meta property=\"og:site_name\" content=\"Portugal Agent\" \/>\n<meta property=\"article:published_time\" content=\"2021-11-19T09:06:47+00:00\" \/>\n<meta property=\"article:modified_time\" content=\"2021-11-19T09:11:47+00:00\" \/>\n<meta property=\"og:image\" content=\"https:\/\/portugalagent.com\/wp-content\/uploads\/2021\/11\/DJI_0299NET.jpg?v=1637312691\" \/>\n\t<meta property=\"og:image:width\" content=\"1800\" \/>\n\t<meta property=\"og:image:height\" content=\"1199\" \/>\n\t<meta property=\"og:image:type\" content=\"image\/jpeg\" \/>\n<meta name=\"author\" content=\"Niklas Fors\u00e9n\" \/>\n<meta name=\"twitter:card\" content=\"summary_large_image\" \/>\n<meta name=\"twitter:label1\" content=\"Skriven av\" \/>\n\t<meta name=\"twitter:data1\" content=\"Niklas Fors\u00e9n\" \/>\n\t<meta name=\"twitter:label2\" content=\"Ber\u00e4knad l\u00e4stid\" \/>\n\t<meta name=\"twitter:data2\" content=\"2 minuter\" \/>\n<script type=\"application\/ld+json\" class=\"yoast-schema-graph\">{\"@context\":\"https:\/\/schema.org\",\"@graph\":[{\"@type\":\"Article\",\"@id\":\"https:\/\/portugalagent.com\/sv\/nytt-till-salu-pa-silverkusten-ferrel-baleal-peniche-nazare\/#article\",\"isPartOf\":{\"@id\":\"https:\/\/portugalagent.com\/sv\/nytt-till-salu-pa-silverkusten-ferrel-baleal-peniche-nazare\/\"},\"author\":{\"name\":\"Niklas Fors\u00e9n\",\"@id\":\"https:\/\/portugalagent.com\/sv\/#\/schema\/person\/916dd45acb1ec87bc80bc43ca8907acd\"},\"headline\":\"Nytt till salu p\u00e5 Silverkusten\",\"datePublished\":\"2021-11-19T09:06:47+00:00\",\"dateModified\":\"2021-11-19T09:11:47+00:00\",\"mainEntityOfPage\":{\"@id\":\"https:\/\/portugalagent.com\/sv\/nytt-till-salu-pa-silverkusten-ferrel-baleal-peniche-nazare\/\"},\"wordCount\":355,\"commentCount\":0,\"publisher\":{\"@id\":\"https:\/\/portugalagent.com\/sv\/#organization\"},\"articleSection\":[\"news\",\"Nyheter\"],\"inLanguage\":\"sv-SE\",\"potentialAction\":[{\"@type\":\"CommentAction\",\"name\":\"Comment\",\"target\":[\"https:\/\/portugalagent.com\/sv\/nytt-till-salu-pa-silverkusten-ferrel-baleal-peniche-nazare\/#respond\"]}]},{\"@type\":\"WebPage\",\"@id\":\"https:\/\/portugalagent.com\/sv\/nytt-till-salu-pa-silverkusten-ferrel-baleal-peniche-nazare\/\",\"url\":\"https:\/\/portugalagent.com\/sv\/nytt-till-salu-pa-silverkusten-ferrel-baleal-peniche-nazare\/\",\"name\":\"Nytt till salu p\u00e5 Silverkusten - Portugal Agent\",\"isPartOf\":{\"@id\":\"https:\/\/portugalagent.com\/sv\/#website\"},\"datePublished\":\"2021-11-19T09:06:47+00:00\",\"dateModified\":\"2021-11-19T09:11:47+00:00\",\"description\":\"Hus till salu p\u00e5 Silverkusten, Ferrel, Baleal, Peniche, Nazar\u00e9\",\"breadcrumb\":{\"@id\":\"https:\/\/portugalagent.com\/sv\/nytt-till-salu-pa-silverkusten-ferrel-baleal-peniche-nazare\/#breadcrumb\"},\"inLanguage\":\"sv-SE\",\"potentialAction\":[{\"@type\":\"ReadAction\",\"target\":[\"https:\/\/portugalagent.com\/sv\/nytt-till-salu-pa-silverkusten-ferrel-baleal-peniche-nazare\/\"]}]},{\"@type\":\"BreadcrumbList\",\"@id\":\"https:\/\/portugalagent.com\/sv\/nytt-till-salu-pa-silverkusten-ferrel-baleal-peniche-nazare\/#breadcrumb\",\"itemListElement\":[{\"@type\":\"ListItem\",\"position\":1,\"name\":\"Home\",\"item\":\"https:\/\/portugalagent.com\/sv\/\"},{\"@type\":\"ListItem\",\"position\":2,\"name\":\"Nytt till salu p\u00e5 Silverkusten\"}]},{\"@type\":\"WebSite\",\"@id\":\"https:\/\/portugalagent.com\/sv\/#website\",\"url\":\"https:\/\/portugalagent.com\/sv\/\",\"name\":\"Portugal Agent\",\"description\":\"\",\"publisher\":{\"@id\":\"https:\/\/portugalagent.com\/sv\/#organization\"},\"potentialAction\":[{\"@type\":\"SearchAction\",\"target\":{\"@type\":\"EntryPoint\",\"urlTemplate\":\"https:\/\/portugalagent.com\/sv\/?s={search_term_string}\"},\"query-input\":\"required name=search_term_string\"}],\"inLanguage\":\"sv-SE\"},{\"@type\":\"Organization\",\"@id\":\"https:\/\/portugalagent.com\/sv\/#organization\",\"name\":\"Portugal Agent\",\"url\":\"https:\/\/portugalagent.com\/sv\/\",\"logo\":{\"@type\":\"ImageObject\",\"inLanguage\":\"sv-SE\",\"@id\":\"https:\/\/portugalagent.com\/sv\/#\/schema\/logo\/image\/\",\"url\":\"https:\/\/portugalagent.com\/wp-content\/uploads\/2020\/11\/portugalagent.svg\",\"contentUrl\":\"https:\/\/portugalagent.com\/wp-content\/uploads\/2020\/11\/portugalagent.svg\",\"caption\":\"Portugal Agent\"},\"image\":{\"@id\":\"https:\/\/portugalagent.com\/sv\/#\/schema\/logo\/image\/\"}},{\"@type\":\"Person\",\"@id\":\"https:\/\/portugalagent.com\/sv\/#\/schema\/person\/916dd45acb1ec87bc80bc43ca8907acd\",\"name\":\"Niklas Fors\u00e9n\",\"image\":{\"@type\":\"ImageObject\",\"inLanguage\":\"sv-SE\",\"@id\":\"https:\/\/portugalagent.com\/sv\/#\/schema\/person\/image\/\",\"url\":\"https:\/\/secure.gravatar.com\/avatar\/663013df21d0d1921019a9add374baaa?s=96&d=mm&r=g\",\"contentUrl\":\"https:\/\/secure.gravatar.com\/avatar\/663013df21d0d1921019a9add374baaa?s=96&d=mm&r=g\",\"caption\":\"Niklas Fors\u00e9n\"},\"url\":\"https:\/\/portugalagent.com\/sv\/author\/niklasportugalagent-com\/\"}]}<\/script>\n<!-- \/ Yoast SEO plugin. -->","yoast_head_json":{"title":"Nytt till salu p\u00e5 Silverkusten - Portugal Agent","description":"Hus till salu p\u00e5 Silverkusten, Ferrel, Baleal, Peniche, Nazar\u00e9","robots":{"index":"index","follow":"follow","max-snippet":"max-snippet:-1","max-image-preview":"max-image-preview:large","max-video-preview":"max-video-preview:-1"},"canonical":"https:\/\/portugalagent.com\/sv\/nytt-till-salu-pa-silverkusten-ferrel-baleal-peniche-nazare\/","og_locale":"sv_SE","og_type":"article","og_title":"Nytt till salu p\u00e5 Silverkusten - Portugal Agent","og_description":"Hus till salu p\u00e5 Silverkusten, Ferrel, Baleal, Peniche, Nazar\u00e9","og_url":"https:\/\/portugalagent.com\/sv\/nytt-till-salu-pa-silverkusten-ferrel-baleal-peniche-nazare\/","og_site_name":"Portugal Agent","article_published_time":"2021-11-19T09:06:47+00:00","article_modified_time":"2021-11-19T09:11:47+00:00","og_image":[{"width":1800,"height":1199,"url":"https:\/\/portugalagent.com\/wp-content\/uploads\/2021\/11\/DJI_0299NET.jpg?v=1637312691","type":"image\/jpeg"}],"author":"Niklas Fors\u00e9n","twitter_card":"summary_large_image","twitter_misc":{"Skriven av":"Niklas Fors\u00e9n","Ber\u00e4knad l\u00e4stid":"2 minuter"},"schema":{"@context":"https:\/\/schema.org","@graph":[{"@type":"Article","@id":"https:\/\/portugalagent.com\/sv\/nytt-till-salu-pa-silverkusten-ferrel-baleal-peniche-nazare\/#article","isPartOf":{"@id":"https:\/\/portugalagent.com\/sv\/nytt-till-salu-pa-silverkusten-ferrel-baleal-peniche-nazare\/"},"author":{"name":"Niklas Fors\u00e9n","@id":"https:\/\/portugalagent.com\/sv\/#\/schema\/person\/916dd45acb1ec87bc80bc43ca8907acd"},"headline":"Nytt till salu p\u00e5 Silverkusten","datePublished":"2021-11-19T09:06:47+00:00","dateModified":"2021-11-19T09:11:47+00:00","mainEntityOfPage":{"@id":"https:\/\/portugalagent.com\/sv\/nytt-till-salu-pa-silverkusten-ferrel-baleal-peniche-nazare\/"},"wordCount":355,"commentCount":0,"publisher":{"@id":"https:\/\/portugalagent.com\/sv\/#organization"},"articleSection":["news","Nyheter"],"inLanguage":"sv-SE","potentialAction":[{"@type":"CommentAction","name":"Comment","target":["https:\/\/portugalagent.com\/sv\/nytt-till-salu-pa-silverkusten-ferrel-baleal-peniche-nazare\/#respond"]}]},{"@type":"WebPage","@id":"https:\/\/portugalagent.com\/sv\/nytt-till-salu-pa-silverkusten-ferrel-baleal-peniche-nazare\/","url":"https:\/\/portugalagent.com\/sv\/nytt-till-salu-pa-silverkusten-ferrel-baleal-peniche-nazare\/","name":"Nytt till salu p\u00e5 Silverkusten - Portugal Agent","isPartOf":{"@id":"https:\/\/portugalagent.com\/sv\/#website"},"datePublished":"2021-11-19T09:06:47+00:00","dateModified":"2021-11-19T09:11:47+00:00","description":"Hus till salu p\u00e5 Silverkusten, Ferrel, Baleal, Peniche, Nazar\u00e9","breadcrumb":{"@id":"https:\/\/portugalagent.com\/sv\/nytt-till-salu-pa-silverkusten-ferrel-baleal-peniche-nazare\/#breadcrumb"},"inLanguage":"sv-SE","potentialAction":[{"@type":"ReadAction","target":["https:\/\/portugalagent.com\/sv\/nytt-till-salu-pa-silverkusten-ferrel-baleal-peniche-nazare\/"]}]},{"@type":"BreadcrumbList","@id":"https:\/\/portugalagent.com\/sv\/nytt-till-salu-pa-silverkusten-ferrel-baleal-peniche-nazare\/#breadcrumb","itemListElement":[{"@type":"ListItem","position":1,"name":"Home","item":"https:\/\/portugalagent.com\/sv\/"},{"@type":"ListItem","position":2,"name":"Nytt till salu p\u00e5 Silverkusten"}]},{"@type":"WebSite","@id":"https:\/\/portugalagent.com\/sv\/#website","url":"https:\/\/portugalagent.com\/sv\/","name":"Portugal Agent","description":"","publisher":{"@id":"https:\/\/portugalagent.com\/sv\/#organization"},"potentialAction":[{"@type":"SearchAction","target":{"@type":"EntryPoint","urlTemplate":"https:\/\/portugalagent.com\/sv\/?s={search_term_string}"},"query-input":"required name=search_term_string"}],"inLanguage":"sv-SE"},{"@type":"Organization","@id":"https:\/\/portugalagent.com\/sv\/#organization","name":"Portugal Agent","url":"https:\/\/portugalagent.com\/sv\/","logo":{"@type":"ImageObject","inLanguage":"sv-SE","@id":"https:\/\/portugalagent.com\/sv\/#\/schema\/logo\/image\/","url":"https:\/\/portugalagent.com\/wp-content\/uploads\/2020\/11\/portugalagent.svg","contentUrl":"https:\/\/portugalagent.com\/wp-content\/uploads\/2020\/11\/portugalagent.svg","caption":"Portugal Agent"},"image":{"@id":"https:\/\/portugalagent.com\/sv\/#\/schema\/logo\/image\/"}},{"@type":"Person","@id":"https:\/\/portugalagent.com\/sv\/#\/schema\/person\/916dd45acb1ec87bc80bc43ca8907acd","name":"Niklas Fors\u00e9n","image":{"@type":"ImageObject","inLanguage":"sv-SE","@id":"https:\/\/portugalagent.com\/sv\/#\/schema\/person\/image\/","url":"https:\/\/secure.gravatar.com\/avatar\/663013df21d0d1921019a9add374baaa?s=96&d=mm&r=g","contentUrl":"https:\/\/secure.gravatar.com\/avatar\/663013df21d0d1921019a9add374baaa?s=96&d=mm&r=g","caption":"Niklas Fors\u00e9n"},"url":"https:\/\/portugalagent.com\/sv\/author\/niklasportugalagent-com\/"}]}},"_links":{"self":[{"href":"https:\/\/portugalagent.com\/sv\/wp-json\/wp\/v2\/posts\/62738"}],"collection":[{"href":"https:\/\/portugalagent.com\/sv\/wp-json\/wp\/v2\/posts"}],"about":[{"href":"https:\/\/portugalagent.com\/sv\/wp-json\/wp\/v2\/types\/post"}],"author":[{"embeddable":true,"href":"https:\/\/portugalagent.com\/sv\/wp-json\/wp\/v2\/users\/2"}],"replies":[{"embeddable":true,"href":"https:\/\/portugalagent.com\/sv\/wp-json\/wp\/v2\/comments?post=62738"}],"version-history":[{"count":4,"href":"https:\/\/portugalagent.com\/sv\/wp-json\/wp\/v2\/posts\/62738\/revisions"}],"predecessor-version":[{"id":62768,"href":"https:\/\/portugalagent.com\/sv\/wp-json\/wp\/v2\/posts\/62738\/revisions\/62768"}],"wp:featuredmedia":[{"embeddable":true,"href":"https:\/\/portugalagent.com\/sv\/wp-json\/wp\/v2\/media\/62744"}],"wp:attachment":[{"href":"https:\/\/portugalagent.com\/sv\/wp-json\/wp\/v2\/media?parent=62738"}],"wp:term":[{"taxonomy":"category","embeddable":true,"href":"https:\/\/portugalagent.com\/sv\/wp-json\/wp\/v2\/categories?post=62738"},{"taxonomy":"post_tag","embeddable":true,"href":"https:\/\/portugalagent.com\/sv\/wp-json\/wp\/v2\/tags?post=62738"}],"curies":[{"name":"wp","href":"https:\/\/api.w.org\/{rel}","templated":true}]}}