{"id":62137,"date":"2021-06-21T10:02:00","date_gmt":"2021-06-21T10:02:00","guid":{"rendered":"https:\/\/portugalagent.com\/?p=62137"},"modified":"2021-06-21T10:17:24","modified_gmt":"2021-06-21T10:17:24","slug":"svensk-foretagare-i-portugal-foretagskonsult","status":"publish","type":"post","link":"https:\/\/portugalagent.com\/sv\/svensk-foretagare-i-portugal-foretagskonsult\/","title":{"rendered":"Svensk f\u00f6retagare i Portugal"},"content":{"rendered":"\n<p>\u00c4r du svensk och funderar p\u00e5 att starta f\u00f6retag i Portugal? Portugalagent kan hj\u00e4lpa dig! Med mer \u00e4n sex \u00e5rs erfarenhet i Portugal och 30-\u00e5rs erfarenhet som f\u00f6retagare i Sverige vet vi vad som kr\u00e4vs f\u00f6r ett framg\u00e5ngsrikt f\u00f6retagande i Portugal.<\/p>\n\n\n\n<p>Vi som driver Portugalagent har bred erfarenhet fr\u00e5n f\u00f6retagsamhet och ledande roller inom svenskt aff\u00e4rsliv i mer \u00e4n 30 \u00e5r. Sedan v\u00e5ren 2015 har vi dessutom goda erfarenheter som f\u00f6retagare och fastighetsm\u00e4klare i Portugal. Vi vet vad som skiljer portugisiskt aff\u00e4rsliv fr\u00e5n svenskt. Vi kan t\u00e5gordningen och byr\u00e5kratin. Vi har ocks\u00e5 r\u00e4tt n\u00e4tverk f\u00f6r att hj\u00e4lpa dig fram\u00e5t vad g\u00e4ller juridisk r\u00e5dgivning, redovisning, webbyr\u00e5er och annat.<br>V\u00e5rt uppl\u00e4gg \u00e4r enkelt: du fokuserar p\u00e5 din aff\u00e4rsid\u00e9 och vi lotsar dig fram\u00e5t genom ett aff\u00e4rsklimat och en byr\u00e5krati d\u00e4r du bitvis inte kommer k\u00e4nna igen dig i b\u00f6rjan.<\/p>\n\n\n\n<h3>Ett f\u00f6rsta m\u00f6te \u00e4r kostnadsfritt<\/h3>\n\n\n\n<p>Vi tar g\u00e4rna ett f\u00f6rsta, kostnadsfritt m\u00f6te, f\u00f6r att se om vi kan tillf\u00f6ra dig och din verksamhet n\u00e5got i Portugal och i symbiosen mellan svenskt och portugisiskt aff\u00e4rsklimat. Vi kan tr\u00e4ffas hos oss i Nazar\u00e9 &#8211; eller \u00e4nnu hellre uppkopplade via Teams eller liknande. H\u00f6r av dig s\u00e5 bokar vi en tid!<\/p>\n\n\n\n<h3>Beh\u00f6ver jag verkligen hj\u00e4lp?<\/h3>\n\n\n\n<p>Till en b\u00f6rjan ser det enklare ut \u00e4n vad det \u00e4r. Eller som Mr Yong sj\u00f6ng: There\u2019s more to the picture than meets the eye\u201d.&nbsp;<br>Det tog oss flera \u00e5r med heltidsverksamhet innan vi verkligen b\u00f6rjade se skillnaderna. I b\u00f6rjan \u00e4r det l\u00e4tt att \u201d\u00e5ka med\u201d. Alla \u00e4r mycket artiga och v\u00e4nliga. Ingen s\u00e4ger n\u00e5got best\u00e4mt nej till n\u00e5gonting och du f\u00e5r s\u00e4llan \u00f6ppet motst\u00e5nd eller kritik f\u00f6r n\u00e5got du g\u00f6r eller s\u00e4ger i Portugal. Till slut l\u00e4r man sig att det d\u00e4r leendet, den d\u00e4r icke kommentaren och den d\u00e4r tystnaden egentligen betyder n\u00e5got annat. Det \u00e4r d\u00e4r vi kan komma in och ge dig en genv\u00e4g till f\u00f6rst\u00e5else.<\/p>\n\n\n\n<p><strong>\u201dVarf\u00f6r l\u00e4ra av dina egna misstag &#8211; n\u00e4r du kan l\u00e4ra dig av mina?\u201d<\/strong><br>-Niklas Fors\u00e9n, grundare och partner. Portugalagent.<\/p>\n\n\n\n<h3>Planering<\/h3>\n\n\n\n<p>Planering och effektivitet \u00e4r inte grenar som portugiser vinner n\u00e5gra priser i. Det h\u00e4r kan vara mycket frustrerande f\u00f6r en tidseffektiv entrepren\u00f6r. Ligga p\u00e5 \u00e4r en del av l\u00f6sningen och det finns fler. Vi har l\u00e4rt oss en del knep under \u00e5ren.<\/p>\n\n\n\n<h3>Offert<\/h3>\n\n\n\n<p>En offert tar ofta l\u00e5ng tid att f\u00e5 och n\u00e4r du v\u00e4l har den i din hand \u00e4r den vanligtvis full med artighetsfraser och floskler. Ofta saknar den tyv\u00e4rr det d\u00e4r du hade \u00f6nskat dig: en tidslinje, en deadline, en bra och l\u00e4ttbegriplig specifikation eller en redovisning vad arbetstiden kostar per timme.&nbsp;&nbsp;<\/p>\n\n\n\n<h3>Avtal<\/h3>\n\n\n\n<p>En aff\u00e4rsbekant till oss som \u00e4r i fastighetsbranschen och som fr\u00e5n b\u00f6rjan kommer fr\u00e5n ett annat drivet land (inte Sverige men vill inte s\u00e4ga vilket annat land d\u00e5 det kan avsl\u00f6ja identiteten f\u00f6r de insatta) beskrev det s\u00e5 h\u00e4r: \u201dEtt avtal i Portugal \u00e4r mer som en v\u00e4gledning eller en programf\u00f6rklaring medan det f\u00f6r mig \u00e4r n\u00e5got jag f\u00f6ljer till punkt och pricka s\u00e5 l\u00e4nge avtalet g\u00e4ller.\u201d<\/p>\n\n\n\n<h2>Redovisning, skatt och moms<\/h2>\n\n\n\n<p>H\u00e4r finns det en del som skiljer. Bland annat det faktum att skattemyndigheten och f\u00f6retagaren inte samarbetar. Det \u00e4r sv\u00e5rt att f\u00e5 r\u00e5dgivning fr\u00e5n skattemyndigheten och det \u00e4r mer av \u201dkatt och r\u00e5tta\u201d \u00e4n ett konstruktivt samarbete. Det g\u00f6r ocks\u00e5 att m\u00e5nga f\u00f6retagare k\u00f6r \u201dkontantmetoden\u201d i st\u00e4llet f\u00f6r seri\u00f6s redovisning med s\u00e4kra momsint\u00e4kter f\u00f6r staten.<br>Det \u00e4r heller inte l\u00e4tt att finna en redovisningsbyr\u00e5 som i f\u00f6rsta hand rapporterar till dig som driver f\u00f6retaget och sedan g\u00f6r momsrapporten, skatteunderlaget osv. De verkar helt okunniga och konstigt nog ointresserade av att redovisningen kan vara, och \u00e4r, ett bra instrument f\u00f6r att bed\u00f6ma l\u00f6nsamhet och likviditet. H\u00e4r har vi gott om tips och r\u00e5d att ge.&nbsp;&nbsp;<\/p>\n\n\n\n<h3>Stolthet<\/h3>\n\n\n\n<p>Portugiser \u00e4r mycket stolta \u00f6ver sitt land och sig sj\u00e4lva. Detta g\u00f6r att det ibland kan vara sv\u00e5rt att f\u00e5 geh\u00f6r f\u00f6r id\u00e9er som \u00e4r nya. Ibland n\u00e4r vi inte kommer vidare alls i f\u00f6rhandlingar kan jag tycka att de \u00e4r dumstolta. Och n\u00e4r det riktigt k\u00f6r ihop sig kan jag ibland t\u00e4nka att det inte \u00e4r en slump att s\u00e5 f\u00e5 smarta l\u00f6sningar eller aff\u00e4rsid\u00e9er kommer fr\u00e5n Portugal, typ IKEA, SKF, Spotify, Klarna, bank-id osv. De \u00e4r starka p\u00e5 vin, kork, skinn och konfektion. Men grannlandet \u00e4r ju \u00e4nnu starkare. Och tittar man p\u00e5 it-branschen, banking, betalsystem, musik, internationella f\u00f6rfattare, bilar, industri, distribution m m s\u00e5 \u00e4r ju m\u00e5nga andra l\u00e4nder mer framg\u00e5ngsrika.&nbsp;<br>Se det som en f\u00f6rdel! Din aff\u00e4rsid\u00e9 kan bli riktigt l\u00f6nsam i Portugal.&nbsp; &nbsp;<\/p>\n\n\n\n<h3>D\u00e5liga p\u00e5 att ta betalt<\/h3>\n\n\n\n<p>Portugiser \u00e4r d\u00e5liga p\u00e5 att ta betalt. Det kan vara charmigt som privatperson och kund till en b\u00f6rjan. Men ganska snart m\u00e4rker du att det ocks\u00e5 inneb\u00e4r att du inte kan st\u00e4lla speciellt h\u00f6ga krav p\u00e5 din leverant\u00f6r. Synpunkter och kritik p\u00e5 en tj\u00e4nst uppfattas ofta som kr\u00e4nkande i st\u00e4llet f\u00f6r som \u00f6nskem\u00e5l om justeringar i best\u00e4llningen.&nbsp;Vi har m\u00e5nga konkreta exempel om du \u00e4r intresserad. &nbsp;Det intressanta som f\u00f6retagare \u00e4r att det finns m\u00e5nga v\u00e4gar att g\u00e5 och som \u00e4r ganska opr\u00f6vade i Portugal. Fler konkurrensf\u00f6rdelar!<\/p>\n\n\n\n<h3>L\u00f6nsamt att driva f\u00f6retag i Portugal<\/h3>\n\n\n\n<p>Mycket talar f\u00f6r f\u00f6retagare och f\u00f6retagsamhet i Portugal. Det \u00e4r l\u00e5ga kostnader f\u00f6r personal. B\u00e5de vad g\u00e4ller l\u00f6ner och annat i termer av f\u00f6rs\u00e4kringar, arbetsskydd, kl\u00e4der, semester osv. J\u00e4mf\u00f6rt Sverige \u00e4r ansvaret som arbetsgivare mindre.&nbsp;<br>Redovisningsm\u00e4ssigt \u00e4r det mycket enkelt att ta kostnader i bolaget. \u00c4ven bilar och representation. N\u00e5gon bilf\u00f6rm\u00e5n beh\u00f6ver inte redovisas eller beskattas av f\u00f6retagaren. Viss skatt f\u00f6r bilen tas av bolaget &#8211; inte av den som \u00e4ger bolaget.<\/p>\n\n\n\n<p>Konkurrensf\u00f6rdelarna f\u00f6r en f\u00f6retagare skolad i Sverige \u00e4r stora:&nbsp;<\/p>\n\n\n\n<ul><li>F\u00e5 duktiga entrepren\u00f6rer i Portugal<\/li><li>En coachande och utbildande organisation eller chef \u00e4r ovanligt<\/li><li>Platt organisation d\u00e4r de anst\u00e4llda f\u00e5r ta eget ansvar \u00e4r mycket ovanligt<\/li><li>F\u00e5 duktiga s\u00e4ljare i Portugal<\/li><li>Information saknas ofta eller \u00e4r bristf\u00e4llig<\/li><li>Effektivitet, smidighet, transparens, it, distribution, projektledning \u00e4r andra exempel d\u00e4r en svensk f\u00f6retagare kan g\u00f6ra skillnad.<\/li><\/ul>\n\n\n\n<p>Om du st\u00e4ller kunden i centrum och levererar det du lovat och dessutom i tid kommer du mycket l\u00e5ngt. H\u00e4r \u00e4r det ofta leverant\u00f6ren som dikterar villkoren och kunden st\u00e4ller f\u00e5, eller ens n\u00e5gra fr\u00e5gor.&nbsp;<\/p>\n\n\n\n<h3>Portugal \u00e4r ett s\u00e4kert land<\/h3>\n\n\n\n<p>B\u00e5de privat och som f\u00f6retagare \u00e4r det s\u00e4kert i Portugal. Speciellt i sm\u00e5st\u00e4der som Nazar\u00e9. Att bli r\u00e5nad eller f\u00e5 inbrott p\u00e5 kontoret eller i hemmet \u00e4r mycket ovanligt och inget vi r\u00e4knar med. En sann anekdot fr\u00e5n v\u00e5ra hemkvarter: Utanf\u00f6r en villa som \u00e4r under helrenovering med hantverkare i full g\u00e5ng inne i huset st\u00e5r en pickup p\u00e5 tomg\u00e5ng med f\u00f6rard\u00f6rren uppslagen. Ingen \u00e4r d\u00e4r och det \u00e4r ett ordentligt ov\u00e4sen inne i huset. F\u00f6rmodligen bilar dom i golv eller v\u00e4gg. D\u00e5 ser jag en bunt kontanter i 50Eurosedlar som ligger i en transparent liten plastp\u00e5se p\u00e5 instrumentpanelen.<br>Det s\u00e4ger n\u00e5got om vilken risk den d\u00e4r hantverkaren tror det \u00e4r att l\u00e4mna kontanter i vindrutan och bilen ig\u00e5ng med \u00f6ppen d\u00f6rr. Noll risk i Nazar\u00e9.<br>Men i bakgrunden finns det en sv\u00e5gerpolitik och bakom kulisserna f\u00f6rekommer det \u00e4ven korruption. Det \u00e4r s\u00e4llan du m\u00e4rker av detta men du kan hamna i situationer d\u00e4r avtal inte l\u00e4gre g\u00e4ller eller helt pl\u00f6tsligt tolkas p\u00e5 ett annat s\u00e4tt \u00e4n f\u00f6rra g\u00e5ngen.&nbsp;<br>Var p\u00e5 din vakt och skriv s\u00e4kra avtal med hj\u00e4lp av bra jurist om du ska g\u00f6ra st\u00f6rre aff\u00e4rer eller k\u00f6pa mark f\u00f6r att bygga industri eller annat.<\/p>\n\n\n\n<h3>Man s\u00e4ger inte nej<\/h3>\n\n\n\n<p>Det \u00e4r sv\u00e5rt att s\u00e4ga nej i Portugal. Och att erk\u00e4nna ett fel \u00e4r inte t\u00e4nkbart. Man h\u00e5ller sig i st\u00e4llet undan. \u201dVi portugiser \u00e4r bra p\u00e5 att spela d\u00f6da\u201d som en konsult p\u00e5 en firma i Lissabon uttryckte det. Som f\u00f6retagare kommer du hamna i situationer d\u00e4r motparten ljuger f\u00f6r att inte tappa ansiktet.&nbsp;<\/p>\n\n\n\n<h3>N\u00e4tverka<\/h3>\n\n\n\n<p>N\u00e4tverkande som f\u00f6retagare \u00e4r vana vid i Sverige finns inte. Man \u00e4r ofta mycket ovillig att ber\u00e4tta om sin egen aff\u00e4rsid\u00e9 eller hur man utf\u00f6r sina sysslor. Man h\u00e5ller korten mot br\u00f6stet och n\u00e5gon transparens finns inte. Det kan k\u00e4nnas som att de tror att jag ska stj\u00e4la verksamheten, l\u00e4ra mig allt och k\u00f6ra ifr\u00e5n dem, om de redovisar hur de arbetar eller om de ber\u00e4ttar om utmaningar och m\u00f6jligheter i f\u00f6retaget.<br>H\u00e4r finns mycket att f\u00f6rb\u00e4ttra och som kommer av bara farten med en svensk entrepren\u00f6r. Det ger ocks\u00e5 konkurrensf\u00f6rdelar.<\/p>\n\n\n\n<div class=\"is-layout-flow wp-block-group\"><div class=\"wp-block-group__inner-container\">\n<div class=\"is-layout-flex wp-container-4 wp-block-columns\">\n<div class=\"is-layout-flow wp-block-column\" style=\"flex-basis:100%\">\n<figure class=\"is-layout-flex wp-block-gallery-1 wp-block-gallery columns-1 is-cropped\"><ul class=\"blocks-gallery-grid\"><li class=\"blocks-gallery-item\"><figure><img decoding=\"async\" loading=\"lazy\" width=\"1024\" height=\"768\" src=\"https:\/\/portugalagent.com\/wp-content\/uploads\/2021\/06\/IMG_0106NETLiggande-1-1024x768.jpg?v=1624269525\" alt=\"\" data-id=\"62162\" class=\"wp-image-62162\" srcset=\"https:\/\/portugalagent.com\/wp-content\/uploads\/2021\/06\/IMG_0106NETLiggande-1-1024x768.jpg?v=1624269525 1024w, https:\/\/portugalagent.com\/wp-content\/uploads\/2021\/06\/IMG_0106NETLiggande-1-300x225.jpg?v=1624269525 300w, https:\/\/portugalagent.com\/wp-content\/uploads\/2021\/06\/IMG_0106NETLiggande-1-768x576.jpg?v=1624269525 768w, https:\/\/portugalagent.com\/wp-content\/uploads\/2021\/06\/IMG_0106NETLiggande-1-1536x1152.jpg?v=1624269525 1536w, https:\/\/portugalagent.com\/wp-content\/uploads\/2021\/06\/IMG_0106NETLiggande-1.jpg?v=1624269525 1600w\" sizes=\"(max-width: 1024px) 100vw, 1024px\" \/><\/figure><\/li><\/ul><\/figure>\n<\/div>\n<\/div>\n<\/div><\/div>\n\n\n\n<h3>V\u00e5r bakgrund&nbsp;&nbsp;<\/h3>\n\n\n\n<p>Portugalagent \u00e4gs av det portugisiska bolaget Alturadiante Lda som i sin tur \u00e4r hel\u00e4gt av Kari och Niklas Fors\u00e9n. Huvudsysslan \u00e4r fastighetsf\u00f6rmedling. Vi \u00e4r ocks\u00e5 medgrundare till det portugisiska m\u00e4kleriet Imo Nazar\u00e9 d\u00e4r vi s\u00e5lde v\u00e5r 50-procentiga andel i november 2020. Vi \u00e4r dock fortsatt n\u00e4ra aff\u00e4rspartners.<\/p>\n\n\n\n<h3>Grundarna av Portugalagent har bred erfarenhet&nbsp;<\/h3>\n\n\n\n<p><strong>Kari Fors\u00e9n<\/strong> \u00e4r civilingenj\u00f6r och har mer \u00e4n 20 \u00e5rs erfarenhet av ledande roller inom it-branschen. Hon har drivit flera&nbsp;stora, komplexa verksamheter och hon brinner f\u00f6r att se m\u00e4nniskor utvecklas och v\u00e4xa. Hon uppskattas s\u00e4rskilt f\u00f6r sitt ledarskap.&nbsp;<\/p>\n\n\n\n<p><strong>Niklas Fors\u00e9n<\/strong> har akademisk skolning, \u00e4r serieentrepren\u00f6r och har startat och drivit bolag i Sverige sedan tidigt 90-tal och i Portugal sedan 2015. Bland annat inom medieindustrin med tidningsf\u00f6rlag och webbsidor. Men \u00e4ven inom event marketing och f\u00f6rs\u00e4ljning. \u00c5r 2005 startade Niklas B\u00e5tagent Sverige som i dag \u00e4r Sveriges ledande b\u00e5tm\u00e4kleri. Detta s\u00e5ldes 2015 vilket \u00f6ppnade d\u00f6rren f\u00f6r Portugalagent i Nazar\u00e9.&nbsp;<\/p>\n\n\n\n<p>Niklas och Kari kompletterar varandra v\u00e4l. Niklas som den som brinner f\u00f6r att starta upp saker, den st\u00e4ndiga id\u00e9sprutan, som alltid ser m\u00f6jligheter. Och Kari som har blicken f\u00f6r helheten, ser vad som beh\u00f6ver kompletteras och som gillar att knyta ihop s\u00e4cken.&nbsp;<\/p>\n\n\n\n<p>2017 flyttade Kari och Niklas till Nazar\u00e9 i Portugal<\/p>\n\n\n\n<p>Vi l\u00e5ter dig fokusera p\u00e5 din aff\u00e4rsid\u00e9 s\u00e5 du kan undvika misstag och on\u00f6diga fr\u00e5getecken med portugisisk byr\u00e5krati och lite annorlunda aff\u00e4rssed. H\u00f6r g\u00e4rna av dig f\u00f6r ett kostnadsfritt f\u00f6rsta m\u00f6te!<\/p>\n\n\n\n<p><strong>KONTAKT<\/strong> &#8211;<strong> f\u00f6retagskonsult<\/strong><br>Kari Fors\u00e9n, +46-70-910 95 60 Mejl: <a href=\"mailto:kari@portugalagent.com\">kari@portugalagent.com<\/a><br>Niklas Fors\u00e9n, +46-70-592 60 76. Mejl: <a href=\"mailto:niklas@portugalagent.com\">niklas@portugalagent.com<\/a><\/p>\n\n\n\n<p>Mer om Kari och Niklas och fastighetsm\u00e4kleriet i Nazar\u00e9: <a href=\"https:\/\/portugalagent.com\/sv\/kontakta-oss\/\">Portugalagent<\/a><\/p>\n\n\n\n<p>Kolla upp Niklas p\u00e5 <a href=\"https:\/\/www.facebook.com\/niklas.forsen.3\">Facebook<\/a> och <a href=\"https:\/\/www.instagram.com\/niklasforsen\/\">Instagram<\/a><\/p>\n\n\n\n<figure class=\"is-layout-flex wp-block-gallery-6 wp-block-gallery columns-0 is-cropped\"><ul class=\"blocks-gallery-grid\"><\/ul><\/figure>\n\n\n\n<div class=\"is-layout-flow wp-block-group\"><div class=\"wp-block-group__inner-container\">\n<figure class=\"wp-block-image size-large\"><img decoding=\"async\" loading=\"lazy\" width=\"1024\" height=\"768\" src=\"https:\/\/portugalagent.com\/wp-content\/uploads\/2021\/06\/IMG_1721NET-1-1024x768.jpg?v=1624269688\" alt=\"\" class=\"wp-image-62172\" srcset=\"https:\/\/portugalagent.com\/wp-content\/uploads\/2021\/06\/IMG_1721NET-1-1024x768.jpg?v=1624269688 1024w, https:\/\/portugalagent.com\/wp-content\/uploads\/2021\/06\/IMG_1721NET-1-300x225.jpg?v=1624269688 300w, https:\/\/portugalagent.com\/wp-content\/uploads\/2021\/06\/IMG_1721NET-1-768x576.jpg?v=1624269688 768w, https:\/\/portugalagent.com\/wp-content\/uploads\/2021\/06\/IMG_1721NET-1-1536x1152.jpg?v=1624269688 1536w, https:\/\/portugalagent.com\/wp-content\/uploads\/2021\/06\/IMG_1721NET-1.jpg?v=1624269688 1600w\" sizes=\"(max-width: 1024px) 100vw, 1024px\" \/><\/figure>\n<\/div><\/div>\n","protected":false},"excerpt":{"rendered":"<p>\u00c4r du svensk och funderar p\u00e5 att starta f\u00f6retag i Portugal? Portugalagent kan hj\u00e4lpa dig! Med mer \u00e4n sex \u00e5rs erfarenhet i Portugal och 30-\u00e5rs erfarenhet som f\u00f6retagare i Sverige vet vi vad som kr\u00e4vs f\u00f6r ett framg\u00e5ngsrikt f\u00f6retagande i Portugal. Vi som driver Portugalagent har bred erfarenhet fr\u00e5n f\u00f6retagsamhet och ledande roller inom svenskt [&hellip;]<\/p>\n","protected":false},"author":2,"featured_media":62141,"comment_status":"open","ping_status":"open","sticky":false,"template":"","format":"standard","meta":{"om_disable_all_campaigns":false,"_monsterinsights_skip_tracking":false,"_monsterinsights_sitenote_active":false,"_monsterinsights_sitenote_note":"","_monsterinsights_sitenote_category":0},"categories":[30,18],"tags":[],"aioseo_notices":[],"yoast_head":"<!-- This site is optimized with the Yoast SEO plugin v19.10 - https:\/\/yoast.com\/wordpress\/plugins\/seo\/ -->\n<title>Svensk f\u00f6retagare i Portugal - Portugal Agent<\/title>\n<meta name=\"description\" content=\"svensk-foretagare-i-portugal f\u00f6retagskonsult och entrepren\u00f6rskonsult i Portugal\" \/>\n<meta name=\"robots\" content=\"index, follow, max-snippet:-1, max-image-preview:large, max-video-preview:-1\" \/>\n<link rel=\"canonical\" href=\"https:\/\/portugalagent.com\/sv\/svensk-foretagare-i-portugal-foretagskonsult\/\" \/>\n<meta property=\"og:locale\" content=\"sv_SE\" \/>\n<meta property=\"og:type\" content=\"article\" \/>\n<meta property=\"og:title\" content=\"Svensk f\u00f6retagare i Portugal - Portugal Agent\" \/>\n<meta property=\"og:description\" content=\"svensk-foretagare-i-portugal f\u00f6retagskonsult och entrepren\u00f6rskonsult i Portugal\" \/>\n<meta property=\"og:url\" content=\"https:\/\/portugalagent.com\/sv\/svensk-foretagare-i-portugal-foretagskonsult\/\" \/>\n<meta property=\"og:site_name\" content=\"Portugal Agent\" \/>\n<meta property=\"article:published_time\" content=\"2021-06-21T10:02:00+00:00\" \/>\n<meta property=\"article:modified_time\" content=\"2021-06-21T10:17:24+00:00\" \/>\n<meta property=\"og:image\" content=\"https:\/\/portugalagent.com\/wp-content\/uploads\/2021\/06\/Kari-och-Niklas-Forsen-Portugalagent.jpg?v=1624269180\" \/>\n\t<meta property=\"og:image:width\" content=\"1700\" \/>\n\t<meta property=\"og:image:height\" content=\"1275\" \/>\n\t<meta property=\"og:image:type\" content=\"image\/jpeg\" \/>\n<meta name=\"author\" content=\"Niklas Fors\u00e9n\" \/>\n<meta name=\"twitter:card\" content=\"summary_large_image\" \/>\n<meta name=\"twitter:label1\" content=\"Skriven av\" \/>\n\t<meta name=\"twitter:data1\" content=\"Niklas Fors\u00e9n\" \/>\n\t<meta name=\"twitter:label2\" content=\"Ber\u00e4knad l\u00e4stid\" \/>\n\t<meta name=\"twitter:data2\" content=\"8 minuter\" \/>\n<script type=\"application\/ld+json\" class=\"yoast-schema-graph\">{\"@context\":\"https:\/\/schema.org\",\"@graph\":[{\"@type\":\"Article\",\"@id\":\"https:\/\/portugalagent.com\/sv\/svensk-foretagare-i-portugal-foretagskonsult\/#article\",\"isPartOf\":{\"@id\":\"https:\/\/portugalagent.com\/sv\/svensk-foretagare-i-portugal-foretagskonsult\/\"},\"author\":{\"name\":\"Niklas Fors\u00e9n\",\"@id\":\"https:\/\/portugalagent.com\/sv\/#\/schema\/person\/916dd45acb1ec87bc80bc43ca8907acd\"},\"headline\":\"Svensk f\u00f6retagare i Portugal\",\"datePublished\":\"2021-06-21T10:02:00+00:00\",\"dateModified\":\"2021-06-21T10:17:24+00:00\",\"mainEntityOfPage\":{\"@id\":\"https:\/\/portugalagent.com\/sv\/svensk-foretagare-i-portugal-foretagskonsult\/\"},\"wordCount\":1995,\"commentCount\":2,\"publisher\":{\"@id\":\"https:\/\/portugalagent.com\/sv\/#organization\"},\"articleSection\":[\"news\",\"Nyheter\"],\"inLanguage\":\"sv-SE\",\"potentialAction\":[{\"@type\":\"CommentAction\",\"name\":\"Comment\",\"target\":[\"https:\/\/portugalagent.com\/sv\/svensk-foretagare-i-portugal-foretagskonsult\/#respond\"]}]},{\"@type\":\"WebPage\",\"@id\":\"https:\/\/portugalagent.com\/sv\/svensk-foretagare-i-portugal-foretagskonsult\/\",\"url\":\"https:\/\/portugalagent.com\/sv\/svensk-foretagare-i-portugal-foretagskonsult\/\",\"name\":\"Svensk f\u00f6retagare i Portugal - Portugal Agent\",\"isPartOf\":{\"@id\":\"https:\/\/portugalagent.com\/sv\/#website\"},\"datePublished\":\"2021-06-21T10:02:00+00:00\",\"dateModified\":\"2021-06-21T10:17:24+00:00\",\"description\":\"svensk-foretagare-i-portugal f\u00f6retagskonsult och entrepren\u00f6rskonsult i Portugal\",\"breadcrumb\":{\"@id\":\"https:\/\/portugalagent.com\/sv\/svensk-foretagare-i-portugal-foretagskonsult\/#breadcrumb\"},\"inLanguage\":\"sv-SE\",\"potentialAction\":[{\"@type\":\"ReadAction\",\"target\":[\"https:\/\/portugalagent.com\/sv\/svensk-foretagare-i-portugal-foretagskonsult\/\"]}]},{\"@type\":\"BreadcrumbList\",\"@id\":\"https:\/\/portugalagent.com\/sv\/svensk-foretagare-i-portugal-foretagskonsult\/#breadcrumb\",\"itemListElement\":[{\"@type\":\"ListItem\",\"position\":1,\"name\":\"Home\",\"item\":\"https:\/\/portugalagent.com\/sv\/\"},{\"@type\":\"ListItem\",\"position\":2,\"name\":\"Svensk f\u00f6retagare i Portugal\"}]},{\"@type\":\"WebSite\",\"@id\":\"https:\/\/portugalagent.com\/sv\/#website\",\"url\":\"https:\/\/portugalagent.com\/sv\/\",\"name\":\"Portugal Agent\",\"description\":\"\",\"publisher\":{\"@id\":\"https:\/\/portugalagent.com\/sv\/#organization\"},\"potentialAction\":[{\"@type\":\"SearchAction\",\"target\":{\"@type\":\"EntryPoint\",\"urlTemplate\":\"https:\/\/portugalagent.com\/sv\/?s={search_term_string}\"},\"query-input\":\"required name=search_term_string\"}],\"inLanguage\":\"sv-SE\"},{\"@type\":\"Organization\",\"@id\":\"https:\/\/portugalagent.com\/sv\/#organization\",\"name\":\"Portugal Agent\",\"url\":\"https:\/\/portugalagent.com\/sv\/\",\"logo\":{\"@type\":\"ImageObject\",\"inLanguage\":\"sv-SE\",\"@id\":\"https:\/\/portugalagent.com\/sv\/#\/schema\/logo\/image\/\",\"url\":\"https:\/\/portugalagent.com\/wp-content\/uploads\/2020\/11\/portugalagent.svg\",\"contentUrl\":\"https:\/\/portugalagent.com\/wp-content\/uploads\/2020\/11\/portugalagent.svg\",\"caption\":\"Portugal Agent\"},\"image\":{\"@id\":\"https:\/\/portugalagent.com\/sv\/#\/schema\/logo\/image\/\"}},{\"@type\":\"Person\",\"@id\":\"https:\/\/portugalagent.com\/sv\/#\/schema\/person\/916dd45acb1ec87bc80bc43ca8907acd\",\"name\":\"Niklas Fors\u00e9n\",\"image\":{\"@type\":\"ImageObject\",\"inLanguage\":\"sv-SE\",\"@id\":\"https:\/\/portugalagent.com\/sv\/#\/schema\/person\/image\/\",\"url\":\"https:\/\/secure.gravatar.com\/avatar\/663013df21d0d1921019a9add374baaa?s=96&d=mm&r=g\",\"contentUrl\":\"https:\/\/secure.gravatar.com\/avatar\/663013df21d0d1921019a9add374baaa?s=96&d=mm&r=g\",\"caption\":\"Niklas Fors\u00e9n\"},\"url\":\"https:\/\/portugalagent.com\/sv\/author\/niklasportugalagent-com\/\"}]}<\/script>\n<!-- \/ Yoast SEO plugin. -->","yoast_head_json":{"title":"Svensk f\u00f6retagare i Portugal - Portugal Agent","description":"svensk-foretagare-i-portugal f\u00f6retagskonsult och entrepren\u00f6rskonsult i Portugal","robots":{"index":"index","follow":"follow","max-snippet":"max-snippet:-1","max-image-preview":"max-image-preview:large","max-video-preview":"max-video-preview:-1"},"canonical":"https:\/\/portugalagent.com\/sv\/svensk-foretagare-i-portugal-foretagskonsult\/","og_locale":"sv_SE","og_type":"article","og_title":"Svensk f\u00f6retagare i Portugal - Portugal Agent","og_description":"svensk-foretagare-i-portugal f\u00f6retagskonsult och entrepren\u00f6rskonsult i Portugal","og_url":"https:\/\/portugalagent.com\/sv\/svensk-foretagare-i-portugal-foretagskonsult\/","og_site_name":"Portugal Agent","article_published_time":"2021-06-21T10:02:00+00:00","article_modified_time":"2021-06-21T10:17:24+00:00","og_image":[{"width":1700,"height":1275,"url":"https:\/\/portugalagent.com\/wp-content\/uploads\/2021\/06\/Kari-och-Niklas-Forsen-Portugalagent.jpg?v=1624269180","type":"image\/jpeg"}],"author":"Niklas Fors\u00e9n","twitter_card":"summary_large_image","twitter_misc":{"Skriven av":"Niklas Fors\u00e9n","Ber\u00e4knad l\u00e4stid":"8 minuter"},"schema":{"@context":"https:\/\/schema.org","@graph":[{"@type":"Article","@id":"https:\/\/portugalagent.com\/sv\/svensk-foretagare-i-portugal-foretagskonsult\/#article","isPartOf":{"@id":"https:\/\/portugalagent.com\/sv\/svensk-foretagare-i-portugal-foretagskonsult\/"},"author":{"name":"Niklas Fors\u00e9n","@id":"https:\/\/portugalagent.com\/sv\/#\/schema\/person\/916dd45acb1ec87bc80bc43ca8907acd"},"headline":"Svensk f\u00f6retagare i Portugal","datePublished":"2021-06-21T10:02:00+00:00","dateModified":"2021-06-21T10:17:24+00:00","mainEntityOfPage":{"@id":"https:\/\/portugalagent.com\/sv\/svensk-foretagare-i-portugal-foretagskonsult\/"},"wordCount":1995,"commentCount":2,"publisher":{"@id":"https:\/\/portugalagent.com\/sv\/#organization"},"articleSection":["news","Nyheter"],"inLanguage":"sv-SE","potentialAction":[{"@type":"CommentAction","name":"Comment","target":["https:\/\/portugalagent.com\/sv\/svensk-foretagare-i-portugal-foretagskonsult\/#respond"]}]},{"@type":"WebPage","@id":"https:\/\/portugalagent.com\/sv\/svensk-foretagare-i-portugal-foretagskonsult\/","url":"https:\/\/portugalagent.com\/sv\/svensk-foretagare-i-portugal-foretagskonsult\/","name":"Svensk f\u00f6retagare i Portugal - Portugal Agent","isPartOf":{"@id":"https:\/\/portugalagent.com\/sv\/#website"},"datePublished":"2021-06-21T10:02:00+00:00","dateModified":"2021-06-21T10:17:24+00:00","description":"svensk-foretagare-i-portugal f\u00f6retagskonsult och entrepren\u00f6rskonsult i Portugal","breadcrumb":{"@id":"https:\/\/portugalagent.com\/sv\/svensk-foretagare-i-portugal-foretagskonsult\/#breadcrumb"},"inLanguage":"sv-SE","potentialAction":[{"@type":"ReadAction","target":["https:\/\/portugalagent.com\/sv\/svensk-foretagare-i-portugal-foretagskonsult\/"]}]},{"@type":"BreadcrumbList","@id":"https:\/\/portugalagent.com\/sv\/svensk-foretagare-i-portugal-foretagskonsult\/#breadcrumb","itemListElement":[{"@type":"ListItem","position":1,"name":"Home","item":"https:\/\/portugalagent.com\/sv\/"},{"@type":"ListItem","position":2,"name":"Svensk f\u00f6retagare i Portugal"}]},{"@type":"WebSite","@id":"https:\/\/portugalagent.com\/sv\/#website","url":"https:\/\/portugalagent.com\/sv\/","name":"Portugal Agent","description":"","publisher":{"@id":"https:\/\/portugalagent.com\/sv\/#organization"},"potentialAction":[{"@type":"SearchAction","target":{"@type":"EntryPoint","urlTemplate":"https:\/\/portugalagent.com\/sv\/?s={search_term_string}"},"query-input":"required name=search_term_string"}],"inLanguage":"sv-SE"},{"@type":"Organization","@id":"https:\/\/portugalagent.com\/sv\/#organization","name":"Portugal Agent","url":"https:\/\/portugalagent.com\/sv\/","logo":{"@type":"ImageObject","inLanguage":"sv-SE","@id":"https:\/\/portugalagent.com\/sv\/#\/schema\/logo\/image\/","url":"https:\/\/portugalagent.com\/wp-content\/uploads\/2020\/11\/portugalagent.svg","contentUrl":"https:\/\/portugalagent.com\/wp-content\/uploads\/2020\/11\/portugalagent.svg","caption":"Portugal Agent"},"image":{"@id":"https:\/\/portugalagent.com\/sv\/#\/schema\/logo\/image\/"}},{"@type":"Person","@id":"https:\/\/portugalagent.com\/sv\/#\/schema\/person\/916dd45acb1ec87bc80bc43ca8907acd","name":"Niklas Fors\u00e9n","image":{"@type":"ImageObject","inLanguage":"sv-SE","@id":"https:\/\/portugalagent.com\/sv\/#\/schema\/person\/image\/","url":"https:\/\/secure.gravatar.com\/avatar\/663013df21d0d1921019a9add374baaa?s=96&d=mm&r=g","contentUrl":"https:\/\/secure.gravatar.com\/avatar\/663013df21d0d1921019a9add374baaa?s=96&d=mm&r=g","caption":"Niklas Fors\u00e9n"},"url":"https:\/\/portugalagent.com\/sv\/author\/niklasportugalagent-com\/"}]}},"_links":{"self":[{"href":"https:\/\/portugalagent.com\/sv\/wp-json\/wp\/v2\/posts\/62137"}],"collection":[{"href":"https:\/\/portugalagent.com\/sv\/wp-json\/wp\/v2\/posts"}],"about":[{"href":"https:\/\/portugalagent.com\/sv\/wp-json\/wp\/v2\/types\/post"}],"author":[{"embeddable":true,"href":"https:\/\/portugalagent.com\/sv\/wp-json\/wp\/v2\/users\/2"}],"replies":[{"embeddable":true,"href":"https:\/\/portugalagent.com\/sv\/wp-json\/wp\/v2\/comments?post=62137"}],"version-history":[{"count":6,"href":"https:\/\/portugalagent.com\/sv\/wp-json\/wp\/v2\/posts\/62137\/revisions"}],"predecessor-version":[{"id":62179,"href":"https:\/\/portugalagent.com\/sv\/wp-json\/wp\/v2\/posts\/62137\/revisions\/62179"}],"wp:featuredmedia":[{"embeddable":true,"href":"https:\/\/portugalagent.com\/sv\/wp-json\/wp\/v2\/media\/62141"}],"wp:attachment":[{"href":"https:\/\/portugalagent.com\/sv\/wp-json\/wp\/v2\/media?parent=62137"}],"wp:term":[{"taxonomy":"category","embeddable":true,"href":"https:\/\/portugalagent.com\/sv\/wp-json\/wp\/v2\/categories?post=62137"},{"taxonomy":"post_tag","embeddable":true,"href":"https:\/\/portugalagent.com\/sv\/wp-json\/wp\/v2\/tags?post=62137"}],"curies":[{"name":"wp","href":"https:\/\/api.w.org\/{rel}","templated":true}]}}