{"id":56629,"date":"2020-08-03T19:54:01","date_gmt":"2020-08-03T19:54:01","guid":{"rendered":"https:\/\/portugalagent.com\/?p=56629"},"modified":"2020-08-03T19:55:36","modified_gmt":"2020-08-03T19:55:36","slug":"transportsegling-leveranssegling","status":"publish","type":"post","link":"https:\/\/portugalagent.com\/sv\/transportsegling-leveranssegling\/","title":{"rendered":"Transportsegling &#8211; leveranssegling"},"content":{"rendered":"\n<h4>Nu har vi genomf\u00f6rt \u00e4nnu en transportsegling. Den h\u00e4r g\u00e5ngen med en svenskregistrerad Bavaria 42 fr\u00e5n Nazar\u00e9 i Portugal till Galicien i Spanien. \u00a0<\/h4>\n\n\n\n<p>Nu i sommar (1 juli \u2013 27 juli, 2020) seglade vi en Bavaria 42 fr\u00e5n Nazar\u00e9 och norrut. M\u00e5let var att segla hela v\u00e4gen till V\u00e4ster\u00e5s i M\u00e4laren men p\u00e5 grund av tekniska problem blev vi tvungna att v\u00e4nda p\u00e5 Biscayabukten. B\u00e5ten drabbades tyv\u00e4rr av en vattenintr\u00e4ngning vid tunneln till bogpropellern och vi bed\u00f6mde till slut att l\u00e4ckaget var f\u00f6r omfattande f\u00f6r att segla \u00f6ver Biscaya med. S\u00e5, i Viveiro i norra Galicien avbr\u00f6t vi v\u00e5r ambition att kryssa \u00f6ver till Brest.<\/p>\n\n\n\n<p>Kryssa hela v\u00e4gen \u00f6ver Biscaya?<\/p>\n\n\n\n<p>Ja, tyv\u00e4rr har juli 2020 bjudit p\u00e5 ett stabilt h\u00f6gtryck ute p\u00e5 Atlanten som gett h\u00e5rd nord- till nordostlig vind hela tiden. Efter att vi v\u00e4ntat lite och seglat n\u00e5gra kortare str\u00e4ckor norrut blev vi s\u00e5 gott som tvungna att f\u00f6rs\u00f6ka kryssa \u00f6ver Biscayabukten. Tre veckor i Galicien utan ett enda f\u00f6nster f\u00f6r undanvind eller l\u00e4tttvind!<\/p>\n\n\n\n<figure class=\"is-layout-flex wp-block-gallery-1 wp-block-gallery columns-2 is-cropped\"><ul class=\"blocks-gallery-grid\"><li class=\"blocks-gallery-item\"><figure><img decoding=\"async\" loading=\"lazy\" width=\"1024\" height=\"768\" src=\"https:\/\/portugalagent.com\/wp-content\/uploads\/2020\/08\/IMG_1950NET-1024x768.jpg?v=1596484068\" alt=\"\" data-id=\"56630\" class=\"wp-image-56630\" srcset=\"https:\/\/portugalagent.com\/wp-content\/uploads\/2020\/08\/IMG_1950NET-1024x768.jpg?v=1596484068 1024w, https:\/\/portugalagent.com\/wp-content\/uploads\/2020\/08\/IMG_1950NET-300x225.jpg?v=1596484068 300w, https:\/\/portugalagent.com\/wp-content\/uploads\/2020\/08\/IMG_1950NET-768x576.jpg?v=1596484068 768w, https:\/\/portugalagent.com\/wp-content\/uploads\/2020\/08\/IMG_1950NET-1536x1152.jpg?v=1596484068 1536w, https:\/\/portugalagent.com\/wp-content\/uploads\/2020\/08\/IMG_1950NET.jpg?v=1596484068 1700w\" sizes=\"(max-width: 1024px) 100vw, 1024px\" \/><\/figure><\/li><li class=\"blocks-gallery-item\"><figure><img decoding=\"async\" loading=\"lazy\" width=\"1024\" height=\"768\" src=\"https:\/\/portugalagent.com\/wp-content\/uploads\/2020\/08\/IMG_2002NET-1024x768.jpg?v=1596484080\" alt=\"\" data-id=\"56634\" data-full-url=\"https:\/\/portugalagent.com\/wp-content\/uploads\/2020\/08\/IMG_2002NET.jpg?v=1596484080\" data-link=\"https:\/\/portugalagent.com\/sv\/?attachment_id=56634\" class=\"wp-image-56634\" srcset=\"https:\/\/portugalagent.com\/wp-content\/uploads\/2020\/08\/IMG_2002NET-1024x768.jpg?v=1596484080 1024w, https:\/\/portugalagent.com\/wp-content\/uploads\/2020\/08\/IMG_2002NET-300x225.jpg?v=1596484080 300w, https:\/\/portugalagent.com\/wp-content\/uploads\/2020\/08\/IMG_2002NET-768x576.jpg?v=1596484080 768w, https:\/\/portugalagent.com\/wp-content\/uploads\/2020\/08\/IMG_2002NET-1536x1152.jpg?v=1596484080 1536w, https:\/\/portugalagent.com\/wp-content\/uploads\/2020\/08\/IMG_2002NET.jpg?v=1596484080 1700w\" sizes=\"(max-width: 1024px) 100vw, 1024px\" \/><\/figure><\/li><\/ul><\/figure>\n\n\n\n<p>Nu ligger b\u00e5ten p\u00e5 varv i Vigo och vi har stort f\u00f6rtroende f\u00f6r svenske Henrik Olsson p\u00e5 <a href=\"http:\/\/www.nauticsupply.com\/\">Nautic Supply<\/a> som leder arbetet d\u00e4r. B\u00e5ten kommer bli reparerad och \u00e5terst\u00e4lld men n\u00e4r det \u00e4r klart har v\u00e5rt tidsf\u00f6nster st\u00e4ngts tyv\u00e4rr s\u00e5 vi l\u00e4mnade b\u00e5ten d\u00e4r.<\/p>\n\n\n\n<p>Intresserad av att f\u00e5 hj\u00e4lp med en transportsegling?<\/p>\n\n\n\n<p>Vi kan utf\u00f6ra transportseglingar och leveransseglingar runt Sveriges kuster samt \u00e4ven fr\u00e5n s\u00f6dra Europa till Sverige eller fr\u00e5n Sverige till s\u00f6dra Europa. Med v\u00e5rt uppl\u00e4gg blir det inte speciellt dyrt!<\/p>\n\n\n\n<p>Mer om det: <a href=\"http:\/\/niklasforsen.se\/transportsegling-2\/\">Transportagent<\/a><\/p>\n\n\n\n<p>Kontakta g\u00e4rna oss f\u00f6r hj\u00e4lp med<a href=\"http:\/\/niklasforsen.se\/transportsegling-2\/\"> transportsegling.<\/a> Till eller fr\u00e5n Sverige. Eller b\u00e5tassistans i Nazar\u00e9, Portugal. Vi bor h\u00e4r och har r\u00e4tt kontakter f\u00f6r att kunna vara din svenska kontakt i Nazar\u00e9 eller p\u00e5 den v\u00e4stra kusten av Portugal. <br>Vi \u00e4r \u00e4ven b\u00e5tm\u00e4klare och franchisetagare till svenska<a href=\"http:\/\/batagent.se\/\"> B\u00e5tagent<\/a> och f\u00f6rmedlar b\u00e5tar till salu i Portugal. <\/p>\n\n\n\n<figure class=\"is-layout-flex wp-block-gallery-3 wp-block-gallery columns-2 is-cropped\"><ul class=\"blocks-gallery-grid\"><li class=\"blocks-gallery-item\"><figure><img decoding=\"async\" loading=\"lazy\" width=\"1024\" height=\"768\" src=\"https:\/\/portugalagent.com\/wp-content\/uploads\/2020\/08\/IMG_1721NET-1024x768.jpg?v=1596484304\" alt=\"\" data-id=\"56638\" class=\"wp-image-56638\" srcset=\"https:\/\/portugalagent.com\/wp-content\/uploads\/2020\/08\/IMG_1721NET-1024x768.jpg?v=1596484304 1024w, https:\/\/portugalagent.com\/wp-content\/uploads\/2020\/08\/IMG_1721NET-300x225.jpg?v=1596484304 300w, https:\/\/portugalagent.com\/wp-content\/uploads\/2020\/08\/IMG_1721NET-768x576.jpg?v=1596484304 768w, https:\/\/portugalagent.com\/wp-content\/uploads\/2020\/08\/IMG_1721NET-1536x1152.jpg?v=1596484304 1536w, https:\/\/portugalagent.com\/wp-content\/uploads\/2020\/08\/IMG_1721NET.jpg?v=1596484304 1700w\" sizes=\"(max-width: 1024px) 100vw, 1024px\" \/><\/figure><\/li><li class=\"blocks-gallery-item\"><figure><img decoding=\"async\" loading=\"lazy\" width=\"1024\" height=\"768\" src=\"https:\/\/portugalagent.com\/wp-content\/uploads\/2020\/08\/IMG_1785NET-1024x768.jpg?v=1596484328\" alt=\"\" data-id=\"56642\" data-full-url=\"https:\/\/portugalagent.com\/wp-content\/uploads\/2020\/08\/IMG_1785NET.jpg?v=1596484328\" data-link=\"https:\/\/portugalagent.com\/sv\/?attachment_id=56642\" class=\"wp-image-56642\" srcset=\"https:\/\/portugalagent.com\/wp-content\/uploads\/2020\/08\/IMG_1785NET-1024x768.jpg?v=1596484328 1024w, https:\/\/portugalagent.com\/wp-content\/uploads\/2020\/08\/IMG_1785NET-300x225.jpg?v=1596484328 300w, https:\/\/portugalagent.com\/wp-content\/uploads\/2020\/08\/IMG_1785NET-768x576.jpg?v=1596484328 768w, https:\/\/portugalagent.com\/wp-content\/uploads\/2020\/08\/IMG_1785NET-1536x1152.jpg?v=1596484328 1536w, https:\/\/portugalagent.com\/wp-content\/uploads\/2020\/08\/IMG_1785NET.jpg?v=1596484328 1700w\" sizes=\"(max-width: 1024px) 100vw, 1024px\" \/><\/figure><\/li><\/ul><\/figure>\n\n\n\n<p>Kontakt<\/p>\n\n\n\n<p>Niklas Fors\u00e9n<br>+46-70-592 60 76<br><a href=\"niklas@portugalagent.com\">niklas@portugalagent.com<\/a><\/p>\n","protected":false},"excerpt":{"rendered":"<p>Nu har vi genomf\u00f6rt \u00e4nnu en transportsegling. Den h\u00e4r g\u00e5ngen med en svenskregistrerad Bavaria 42 fr\u00e5n Nazar\u00e9 i Portugal till Galicien i Spanien. \u00a0 Nu i sommar (1 juli \u2013 27 juli, 2020) seglade vi en Bavaria 42 fr\u00e5n Nazar\u00e9 och norrut. M\u00e5let var att segla hela v\u00e4gen till V\u00e4ster\u00e5s i M\u00e4laren men p\u00e5 grund [&hellip;]<\/p>\n","protected":false},"author":2,"featured_media":56633,"comment_status":"open","ping_status":"open","sticky":false,"template":"","format":"standard","meta":{"om_disable_all_campaigns":false,"_monsterinsights_skip_tracking":false,"_monsterinsights_sitenote_active":false,"_monsterinsights_sitenote_note":"","_monsterinsights_sitenote_category":0},"categories":[30,18],"tags":[],"aioseo_notices":[],"yoast_head":"<!-- This site is optimized with the Yoast SEO plugin v19.10 - https:\/\/yoast.com\/wordpress\/plugins\/seo\/ -->\n<title>Transportsegling - leveranssegling - Portugal Agent<\/title>\n<meta name=\"robots\" content=\"index, follow, max-snippet:-1, max-image-preview:large, max-video-preview:-1\" \/>\n<link rel=\"canonical\" href=\"https:\/\/portugalagent.com\/sv\/transportsegling-leveranssegling\/\" \/>\n<meta property=\"og:locale\" content=\"sv_SE\" \/>\n<meta property=\"og:type\" content=\"article\" \/>\n<meta property=\"og:title\" content=\"Transportsegling - leveranssegling - Portugal Agent\" \/>\n<meta property=\"og:description\" content=\"Nu har vi genomf\u00f6rt \u00e4nnu en transportsegling. Den h\u00e4r g\u00e5ngen med en svenskregistrerad Bavaria 42 fr\u00e5n Nazar\u00e9 i Portugal till Galicien i Spanien. \u00a0 Nu i sommar (1 juli \u2013 27 juli, 2020) seglade vi en Bavaria 42 fr\u00e5n Nazar\u00e9 och norrut. M\u00e5let var att segla hela v\u00e4gen till V\u00e4ster\u00e5s i M\u00e4laren men p\u00e5 grund [&hellip;]\" \/>\n<meta property=\"og:url\" content=\"https:\/\/portugalagent.com\/sv\/transportsegling-leveranssegling\/\" \/>\n<meta property=\"og:site_name\" content=\"Portugal Agent\" \/>\n<meta property=\"article:published_time\" content=\"2020-08-03T19:54:01+00:00\" \/>\n<meta property=\"article:modified_time\" content=\"2020-08-03T19:55:36+00:00\" \/>\n<meta property=\"og:image\" content=\"https:\/\/portugalagent.com\/wp-content\/uploads\/2020\/08\/IMG_1950NET.jpg\" \/>\n\t<meta property=\"og:image:width\" content=\"1700\" \/>\n\t<meta property=\"og:image:height\" content=\"1275\" \/>\n\t<meta property=\"og:image:type\" content=\"image\/jpeg\" \/>\n<meta name=\"author\" content=\"Niklas Fors\u00e9n\" \/>\n<meta name=\"twitter:card\" content=\"summary_large_image\" \/>\n<meta name=\"twitter:label1\" content=\"Skriven av\" \/>\n\t<meta name=\"twitter:data1\" content=\"Niklas Fors\u00e9n\" \/>\n\t<meta name=\"twitter:label2\" content=\"Ber\u00e4knad l\u00e4stid\" \/>\n\t<meta name=\"twitter:data2\" content=\"2 minuter\" \/>\n<script type=\"application\/ld+json\" class=\"yoast-schema-graph\">{\"@context\":\"https:\/\/schema.org\",\"@graph\":[{\"@type\":\"Article\",\"@id\":\"https:\/\/portugalagent.com\/sv\/transportsegling-leveranssegling\/#article\",\"isPartOf\":{\"@id\":\"https:\/\/portugalagent.com\/sv\/transportsegling-leveranssegling\/\"},\"author\":{\"name\":\"Niklas Fors\u00e9n\",\"@id\":\"https:\/\/portugalagent.com\/sv\/#\/schema\/person\/916dd45acb1ec87bc80bc43ca8907acd\"},\"headline\":\"Transportsegling &#8211; leveranssegling\",\"datePublished\":\"2020-08-03T19:54:01+00:00\",\"dateModified\":\"2020-08-03T19:55:36+00:00\",\"mainEntityOfPage\":{\"@id\":\"https:\/\/portugalagent.com\/sv\/transportsegling-leveranssegling\/\"},\"wordCount\":380,\"commentCount\":0,\"publisher\":{\"@id\":\"https:\/\/portugalagent.com\/sv\/#organization\"},\"articleSection\":[\"news\",\"Nyheter\"],\"inLanguage\":\"sv-SE\",\"potentialAction\":[{\"@type\":\"CommentAction\",\"name\":\"Comment\",\"target\":[\"https:\/\/portugalagent.com\/sv\/transportsegling-leveranssegling\/#respond\"]}]},{\"@type\":\"WebPage\",\"@id\":\"https:\/\/portugalagent.com\/sv\/transportsegling-leveranssegling\/\",\"url\":\"https:\/\/portugalagent.com\/sv\/transportsegling-leveranssegling\/\",\"name\":\"Transportsegling - leveranssegling - Portugal Agent\",\"isPartOf\":{\"@id\":\"https:\/\/portugalagent.com\/sv\/#website\"},\"datePublished\":\"2020-08-03T19:54:01+00:00\",\"dateModified\":\"2020-08-03T19:55:36+00:00\",\"breadcrumb\":{\"@id\":\"https:\/\/portugalagent.com\/sv\/transportsegling-leveranssegling\/#breadcrumb\"},\"inLanguage\":\"sv-SE\",\"potentialAction\":[{\"@type\":\"ReadAction\",\"target\":[\"https:\/\/portugalagent.com\/sv\/transportsegling-leveranssegling\/\"]}]},{\"@type\":\"BreadcrumbList\",\"@id\":\"https:\/\/portugalagent.com\/sv\/transportsegling-leveranssegling\/#breadcrumb\",\"itemListElement\":[{\"@type\":\"ListItem\",\"position\":1,\"name\":\"Home\",\"item\":\"https:\/\/portugalagent.com\/sv\/\"},{\"@type\":\"ListItem\",\"position\":2,\"name\":\"Transportsegling &#8211; leveranssegling\"}]},{\"@type\":\"WebSite\",\"@id\":\"https:\/\/portugalagent.com\/sv\/#website\",\"url\":\"https:\/\/portugalagent.com\/sv\/\",\"name\":\"Portugal Agent\",\"description\":\"\",\"publisher\":{\"@id\":\"https:\/\/portugalagent.com\/sv\/#organization\"},\"potentialAction\":[{\"@type\":\"SearchAction\",\"target\":{\"@type\":\"EntryPoint\",\"urlTemplate\":\"https:\/\/portugalagent.com\/sv\/?s={search_term_string}\"},\"query-input\":\"required name=search_term_string\"}],\"inLanguage\":\"sv-SE\"},{\"@type\":\"Organization\",\"@id\":\"https:\/\/portugalagent.com\/sv\/#organization\",\"name\":\"Portugal Agent\",\"url\":\"https:\/\/portugalagent.com\/sv\/\",\"logo\":{\"@type\":\"ImageObject\",\"inLanguage\":\"sv-SE\",\"@id\":\"https:\/\/portugalagent.com\/sv\/#\/schema\/logo\/image\/\",\"url\":\"https:\/\/portugalagent.com\/wp-content\/uploads\/2020\/11\/portugalagent.svg\",\"contentUrl\":\"https:\/\/portugalagent.com\/wp-content\/uploads\/2020\/11\/portugalagent.svg\",\"caption\":\"Portugal Agent\"},\"image\":{\"@id\":\"https:\/\/portugalagent.com\/sv\/#\/schema\/logo\/image\/\"}},{\"@type\":\"Person\",\"@id\":\"https:\/\/portugalagent.com\/sv\/#\/schema\/person\/916dd45acb1ec87bc80bc43ca8907acd\",\"name\":\"Niklas Fors\u00e9n\",\"image\":{\"@type\":\"ImageObject\",\"inLanguage\":\"sv-SE\",\"@id\":\"https:\/\/portugalagent.com\/sv\/#\/schema\/person\/image\/\",\"url\":\"https:\/\/secure.gravatar.com\/avatar\/663013df21d0d1921019a9add374baaa?s=96&d=mm&r=g\",\"contentUrl\":\"https:\/\/secure.gravatar.com\/avatar\/663013df21d0d1921019a9add374baaa?s=96&d=mm&r=g\",\"caption\":\"Niklas Fors\u00e9n\"},\"url\":\"https:\/\/portugalagent.com\/sv\/author\/niklasportugalagent-com\/\"}]}<\/script>\n<!-- \/ Yoast SEO plugin. -->","yoast_head_json":{"title":"Transportsegling - leveranssegling - Portugal Agent","robots":{"index":"index","follow":"follow","max-snippet":"max-snippet:-1","max-image-preview":"max-image-preview:large","max-video-preview":"max-video-preview:-1"},"canonical":"https:\/\/portugalagent.com\/sv\/transportsegling-leveranssegling\/","og_locale":"sv_SE","og_type":"article","og_title":"Transportsegling - leveranssegling - Portugal Agent","og_description":"Nu har vi genomf\u00f6rt \u00e4nnu en transportsegling. Den h\u00e4r g\u00e5ngen med en svenskregistrerad Bavaria 42 fr\u00e5n Nazar\u00e9 i Portugal till Galicien i Spanien. \u00a0 Nu i sommar (1 juli \u2013 27 juli, 2020) seglade vi en Bavaria 42 fr\u00e5n Nazar\u00e9 och norrut. M\u00e5let var att segla hela v\u00e4gen till V\u00e4ster\u00e5s i M\u00e4laren men p\u00e5 grund [&hellip;]","og_url":"https:\/\/portugalagent.com\/sv\/transportsegling-leveranssegling\/","og_site_name":"Portugal Agent","article_published_time":"2020-08-03T19:54:01+00:00","article_modified_time":"2020-08-03T19:55:36+00:00","og_image":[{"width":1700,"height":1275,"url":"https:\/\/portugalagent.com\/wp-content\/uploads\/2020\/08\/IMG_1950NET.jpg","type":"image\/jpeg"}],"author":"Niklas Fors\u00e9n","twitter_card":"summary_large_image","twitter_misc":{"Skriven av":"Niklas Fors\u00e9n","Ber\u00e4knad l\u00e4stid":"2 minuter"},"schema":{"@context":"https:\/\/schema.org","@graph":[{"@type":"Article","@id":"https:\/\/portugalagent.com\/sv\/transportsegling-leveranssegling\/#article","isPartOf":{"@id":"https:\/\/portugalagent.com\/sv\/transportsegling-leveranssegling\/"},"author":{"name":"Niklas Fors\u00e9n","@id":"https:\/\/portugalagent.com\/sv\/#\/schema\/person\/916dd45acb1ec87bc80bc43ca8907acd"},"headline":"Transportsegling &#8211; leveranssegling","datePublished":"2020-08-03T19:54:01+00:00","dateModified":"2020-08-03T19:55:36+00:00","mainEntityOfPage":{"@id":"https:\/\/portugalagent.com\/sv\/transportsegling-leveranssegling\/"},"wordCount":380,"commentCount":0,"publisher":{"@id":"https:\/\/portugalagent.com\/sv\/#organization"},"articleSection":["news","Nyheter"],"inLanguage":"sv-SE","potentialAction":[{"@type":"CommentAction","name":"Comment","target":["https:\/\/portugalagent.com\/sv\/transportsegling-leveranssegling\/#respond"]}]},{"@type":"WebPage","@id":"https:\/\/portugalagent.com\/sv\/transportsegling-leveranssegling\/","url":"https:\/\/portugalagent.com\/sv\/transportsegling-leveranssegling\/","name":"Transportsegling - leveranssegling - Portugal Agent","isPartOf":{"@id":"https:\/\/portugalagent.com\/sv\/#website"},"datePublished":"2020-08-03T19:54:01+00:00","dateModified":"2020-08-03T19:55:36+00:00","breadcrumb":{"@id":"https:\/\/portugalagent.com\/sv\/transportsegling-leveranssegling\/#breadcrumb"},"inLanguage":"sv-SE","potentialAction":[{"@type":"ReadAction","target":["https:\/\/portugalagent.com\/sv\/transportsegling-leveranssegling\/"]}]},{"@type":"BreadcrumbList","@id":"https:\/\/portugalagent.com\/sv\/transportsegling-leveranssegling\/#breadcrumb","itemListElement":[{"@type":"ListItem","position":1,"name":"Home","item":"https:\/\/portugalagent.com\/sv\/"},{"@type":"ListItem","position":2,"name":"Transportsegling &#8211; leveranssegling"}]},{"@type":"WebSite","@id":"https:\/\/portugalagent.com\/sv\/#website","url":"https:\/\/portugalagent.com\/sv\/","name":"Portugal Agent","description":"","publisher":{"@id":"https:\/\/portugalagent.com\/sv\/#organization"},"potentialAction":[{"@type":"SearchAction","target":{"@type":"EntryPoint","urlTemplate":"https:\/\/portugalagent.com\/sv\/?s={search_term_string}"},"query-input":"required name=search_term_string"}],"inLanguage":"sv-SE"},{"@type":"Organization","@id":"https:\/\/portugalagent.com\/sv\/#organization","name":"Portugal Agent","url":"https:\/\/portugalagent.com\/sv\/","logo":{"@type":"ImageObject","inLanguage":"sv-SE","@id":"https:\/\/portugalagent.com\/sv\/#\/schema\/logo\/image\/","url":"https:\/\/portugalagent.com\/wp-content\/uploads\/2020\/11\/portugalagent.svg","contentUrl":"https:\/\/portugalagent.com\/wp-content\/uploads\/2020\/11\/portugalagent.svg","caption":"Portugal Agent"},"image":{"@id":"https:\/\/portugalagent.com\/sv\/#\/schema\/logo\/image\/"}},{"@type":"Person","@id":"https:\/\/portugalagent.com\/sv\/#\/schema\/person\/916dd45acb1ec87bc80bc43ca8907acd","name":"Niklas Fors\u00e9n","image":{"@type":"ImageObject","inLanguage":"sv-SE","@id":"https:\/\/portugalagent.com\/sv\/#\/schema\/person\/image\/","url":"https:\/\/secure.gravatar.com\/avatar\/663013df21d0d1921019a9add374baaa?s=96&d=mm&r=g","contentUrl":"https:\/\/secure.gravatar.com\/avatar\/663013df21d0d1921019a9add374baaa?s=96&d=mm&r=g","caption":"Niklas Fors\u00e9n"},"url":"https:\/\/portugalagent.com\/sv\/author\/niklasportugalagent-com\/"}]}},"_links":{"self":[{"href":"https:\/\/portugalagent.com\/sv\/wp-json\/wp\/v2\/posts\/56629"}],"collection":[{"href":"https:\/\/portugalagent.com\/sv\/wp-json\/wp\/v2\/posts"}],"about":[{"href":"https:\/\/portugalagent.com\/sv\/wp-json\/wp\/v2\/types\/post"}],"author":[{"embeddable":true,"href":"https:\/\/portugalagent.com\/sv\/wp-json\/wp\/v2\/users\/2"}],"replies":[{"embeddable":true,"href":"https:\/\/portugalagent.com\/sv\/wp-json\/wp\/v2\/comments?post=56629"}],"version-history":[{"count":1,"href":"https:\/\/portugalagent.com\/sv\/wp-json\/wp\/v2\/posts\/56629\/revisions"}],"predecessor-version":[{"id":56646,"href":"https:\/\/portugalagent.com\/sv\/wp-json\/wp\/v2\/posts\/56629\/revisions\/56646"}],"wp:featuredmedia":[{"embeddable":true,"href":"https:\/\/portugalagent.com\/sv\/wp-json\/wp\/v2\/media\/56633"}],"wp:attachment":[{"href":"https:\/\/portugalagent.com\/sv\/wp-json\/wp\/v2\/media?parent=56629"}],"wp:term":[{"taxonomy":"category","embeddable":true,"href":"https:\/\/portugalagent.com\/sv\/wp-json\/wp\/v2\/categories?post=56629"},{"taxonomy":"post_tag","embeddable":true,"href":"https:\/\/portugalagent.com\/sv\/wp-json\/wp\/v2\/tags?post=56629"}],"curies":[{"name":"wp","href":"https:\/\/api.w.org\/{rel}","templated":true}]}}