{"id":56012,"date":"2020-06-06T09:57:43","date_gmt":"2020-06-06T09:57:43","guid":{"rendered":"https:\/\/portugalagent.com\/?p=56012"},"modified":"2020-06-07T18:04:00","modified_gmt":"2020-06-07T18:04:00","slug":"ny-ejendomsmaegler-nyt-omrade","status":"publish","type":"post","link":"https:\/\/portugalagent.com\/sv\/ny-ejendomsmaegler-nyt-omrade\/","title":{"rendered":"Ny ejendomsm\u00e6gler \u2013 nyt omr\u00e5de"},"content":{"rendered":"\n<h3><strong>Nu udvider vi til ogs\u00e5 at omfatte Santa Cruz, Praia Azul og Torres Vedras. Dette sammen med J\u00f8rgen Kirchhoff, Portugal Agents nye m\u00e6gler p\u00e5 Costa Prata i Portugal.<\/strong><\/h3>\n\n\n\n<p>Ny ejendomsm\u00e6gler \u2013 nyt omr\u00e5de. Det er med stor gl\u00e6de, at vi nu kan pr\u00e6sentere en ny medarbejder og ejendomsm\u00e6gler: J\u00f8rgen Kirchhoff.<\/p>\n\n\n\n<h3>Vores nye region i Portugal<\/h3>\n\n\n\n<p>J\u00f8rgen bor i Praia Azul, som ligger i udkanten af Santa Cruz, s\u00e5 med ham f\u00e5r Portugal Agent en ejendomsm\u00e6gler i den sydlige del af Costa Prata. J\u00f8rgens distrikt bliver i og omkring Santa Cruz, ved kysten, under en time fra Lissabon. Landskabet er smukt b\u00f8lgende med ving\u00e5rd efter ving\u00e5rd og str\u00e6kker sig fra vestkysten \u00f8stp\u00e5 til den genuine portugisiske by Torres Vedras, som er kendt for at have Portugals bedste karneval.<\/p>\n\n\n\n<p>J\u00f8rgen er dansk, men har boet i Sverige i mere end 20 \u00e5r. J\u00f8rgen er gift med Erika, som kommer fra Brasilien, men har boet i Portugal i over 10 \u00e5r. Erika kommer ogs\u00e5 til at arbejde som ejendomsm\u00e6gler for at tage sig af s\u00e6lgere, samt af k\u00f8bere fra Brasilien og Portugal.<\/p>\n\n\n\n<p>Med J\u00f8rgen og Erika f\u00e5r Portugal Agent adgang til to meget kompetente ejendomsm\u00e6glere, der kan samarbejde p\u00e5 fire forskellige sprog: dansk, svensk, engelsk og portugisisk.<\/p>\n\n\n\n<h3><strong>Vores nye ejendomsm\u00e6gler pr\u00e6senterer her sig selv<\/strong><\/h3>\n\n\n\n<p>\u201dJeg har arbejdet i rejsebranchen i over 30 \u00e5r. Personaleledelse n\u00e5r det er som bedst, h\u00f8jt serviceniveau p\u00e5 alt du leverer samt rejse- og livsgl\u00e6de er n\u00f8gleord. Jeg er gift med en portugisisk kvinde, vi har en butik i Torres Vedras og jeg elsker at spille golf. Vi bor i Santa Cruz og overbeviste (let) Portugal Agent om, at de burde begynde at arbejde der.\u201d<\/p>\n\n\n\n<p>Skal du k\u00f8be et hus i Santa Cruz &#8211; eller s\u00e6lge et hus i Santa Cruz, Torres Vedras eller Praia Azul, er det J\u00f8rgen Kirchhoff og Portugal Agent, du skal kontakte!<\/p>\n\n\n\n<h3><strong>For dig, som er dansk<\/strong><\/h3>\n\n\n\n<p>Kom i kontakt med J\u00f8rgen. Hans modersm\u00e5l er dansk, og han kan hj\u00e6lpe dig med alle huse og lejligheder, som Portugal Agent har til salg. S\u00e5 ikke kun i omr\u00e5det omkring Santa Cruz, men alt hvad Portugal Agent har til salg p\u00e5 Costa Prata i Portugal. Det er altid lettere p\u00e5 sit eget sprog!<\/p>\n\n\n\n<p>Kontakt med J\u00f8rgen: <a href=\"https:\/\/portugalagent.com\/sv\/kontakta-oss\/medarbetare\/#\">J\u00f8rgen Kirchhoff<\/a><\/p>\n","protected":false},"excerpt":{"rendered":"<p>Nu udvider vi til ogs\u00e5 at omfatte Santa Cruz, Praia Azul og Torres Vedras. Dette sammen med J\u00f8rgen Kirchhoff, Portugal Agents nye m\u00e6gler p\u00e5 Costa Prata i Portugal. Ny ejendomsm\u00e6gler \u2013 nyt omr\u00e5de. Det er med stor gl\u00e6de, at vi nu kan pr\u00e6sentere en ny medarbejder og ejendomsm\u00e6gler: J\u00f8rgen Kirchhoff. Vores nye region i Portugal [&hellip;]<\/p>\n","protected":false},"author":2,"featured_media":56015,"comment_status":"open","ping_status":"open","sticky":false,"template":"","format":"standard","meta":{"om_disable_all_campaigns":false,"_monsterinsights_skip_tracking":false,"_monsterinsights_sitenote_active":false,"_monsterinsights_sitenote_note":"","_monsterinsights_sitenote_category":0},"categories":[30,18],"tags":[],"aioseo_notices":[],"yoast_head":"<!-- This site is optimized with the Yoast SEO plugin v19.10 - https:\/\/yoast.com\/wordpress\/plugins\/seo\/ -->\n<title>Ny ejendomsm\u00e6gler \u2013 nyt omr\u00e5de - Portugal Agent<\/title>\n<meta name=\"description\" content=\"Ny ejendomsm\u00e6gler J\u00f8rgen Kirchhoff\u2013 nyt omr\u00e5de Santa Cruz Torres Vedras Portugal Portugal Agents nye m\u00e6gler p\u00e5 Costa Prata i Portugal.\" \/>\n<meta name=\"robots\" content=\"index, follow, max-snippet:-1, max-image-preview:large, max-video-preview:-1\" \/>\n<link rel=\"canonical\" href=\"https:\/\/portugalagent.com\/sv\/ny-ejendomsmaegler-nyt-omrade\/\" \/>\n<meta property=\"og:locale\" content=\"sv_SE\" \/>\n<meta property=\"og:type\" content=\"article\" \/>\n<meta property=\"og:title\" content=\"Ny ejendomsm\u00e6gler \u2013 nyt omr\u00e5de - Portugal Agent\" \/>\n<meta property=\"og:description\" content=\"Ny ejendomsm\u00e6gler J\u00f8rgen Kirchhoff\u2013 nyt omr\u00e5de Santa Cruz Torres Vedras Portugal Portugal Agents nye m\u00e6gler p\u00e5 Costa Prata i Portugal.\" \/>\n<meta property=\"og:url\" content=\"https:\/\/portugalagent.com\/sv\/ny-ejendomsmaegler-nyt-omrade\/\" \/>\n<meta property=\"og:site_name\" content=\"Portugal Agent\" \/>\n<meta property=\"article:published_time\" content=\"2020-06-06T09:57:43+00:00\" \/>\n<meta property=\"article:modified_time\" content=\"2020-06-07T18:04:00+00:00\" \/>\n<meta property=\"og:image\" content=\"https:\/\/portugalagent.com\/wp-content\/uploads\/2020\/06\/J\u00f8rgen-Kirchhoff-Portugal-Agent.jpg?v=1591552613\" \/>\n\t<meta property=\"og:image:width\" content=\"1800\" \/>\n\t<meta property=\"og:image:height\" content=\"1350\" \/>\n\t<meta property=\"og:image:type\" content=\"image\/jpeg\" \/>\n<meta name=\"author\" content=\"Niklas Fors\u00e9n\" \/>\n<meta name=\"twitter:card\" content=\"summary_large_image\" \/>\n<meta name=\"twitter:label1\" content=\"Skriven av\" \/>\n\t<meta name=\"twitter:data1\" content=\"Niklas Fors\u00e9n\" \/>\n\t<meta name=\"twitter:label2\" content=\"Ber\u00e4knad l\u00e4stid\" \/>\n\t<meta name=\"twitter:data2\" content=\"2 minuter\" \/>\n<script type=\"application\/ld+json\" class=\"yoast-schema-graph\">{\"@context\":\"https:\/\/schema.org\",\"@graph\":[{\"@type\":\"Article\",\"@id\":\"https:\/\/portugalagent.com\/sv\/ny-ejendomsmaegler-nyt-omrade\/#article\",\"isPartOf\":{\"@id\":\"https:\/\/portugalagent.com\/sv\/ny-ejendomsmaegler-nyt-omrade\/\"},\"author\":{\"name\":\"Niklas Fors\u00e9n\",\"@id\":\"https:\/\/portugalagent.com\/sv\/#\/schema\/person\/916dd45acb1ec87bc80bc43ca8907acd\"},\"headline\":\"Ny ejendomsm\u00e6gler \u2013 nyt omr\u00e5de\",\"datePublished\":\"2020-06-06T09:57:43+00:00\",\"dateModified\":\"2020-06-07T18:04:00+00:00\",\"mainEntityOfPage\":{\"@id\":\"https:\/\/portugalagent.com\/sv\/ny-ejendomsmaegler-nyt-omrade\/\"},\"wordCount\":412,\"commentCount\":0,\"publisher\":{\"@id\":\"https:\/\/portugalagent.com\/sv\/#organization\"},\"articleSection\":[\"news\",\"Nyheter\"],\"inLanguage\":\"sv-SE\",\"potentialAction\":[{\"@type\":\"CommentAction\",\"name\":\"Comment\",\"target\":[\"https:\/\/portugalagent.com\/sv\/ny-ejendomsmaegler-nyt-omrade\/#respond\"]}]},{\"@type\":\"WebPage\",\"@id\":\"https:\/\/portugalagent.com\/sv\/ny-ejendomsmaegler-nyt-omrade\/\",\"url\":\"https:\/\/portugalagent.com\/sv\/ny-ejendomsmaegler-nyt-omrade\/\",\"name\":\"Ny ejendomsm\u00e6gler \u2013 nyt omr\u00e5de - Portugal Agent\",\"isPartOf\":{\"@id\":\"https:\/\/portugalagent.com\/sv\/#website\"},\"datePublished\":\"2020-06-06T09:57:43+00:00\",\"dateModified\":\"2020-06-07T18:04:00+00:00\",\"description\":\"Ny ejendomsm\u00e6gler J\u00f8rgen Kirchhoff\u2013 nyt omr\u00e5de Santa Cruz Torres Vedras Portugal Portugal Agents nye m\u00e6gler p\u00e5 Costa Prata i Portugal.\",\"breadcrumb\":{\"@id\":\"https:\/\/portugalagent.com\/sv\/ny-ejendomsmaegler-nyt-omrade\/#breadcrumb\"},\"inLanguage\":\"sv-SE\",\"potentialAction\":[{\"@type\":\"ReadAction\",\"target\":[\"https:\/\/portugalagent.com\/sv\/ny-ejendomsmaegler-nyt-omrade\/\"]}]},{\"@type\":\"BreadcrumbList\",\"@id\":\"https:\/\/portugalagent.com\/sv\/ny-ejendomsmaegler-nyt-omrade\/#breadcrumb\",\"itemListElement\":[{\"@type\":\"ListItem\",\"position\":1,\"name\":\"Home\",\"item\":\"https:\/\/portugalagent.com\/sv\/\"},{\"@type\":\"ListItem\",\"position\":2,\"name\":\"Ny ejendomsm\u00e6gler \u2013 nyt omr\u00e5de\"}]},{\"@type\":\"WebSite\",\"@id\":\"https:\/\/portugalagent.com\/sv\/#website\",\"url\":\"https:\/\/portugalagent.com\/sv\/\",\"name\":\"Portugal Agent\",\"description\":\"\",\"publisher\":{\"@id\":\"https:\/\/portugalagent.com\/sv\/#organization\"},\"potentialAction\":[{\"@type\":\"SearchAction\",\"target\":{\"@type\":\"EntryPoint\",\"urlTemplate\":\"https:\/\/portugalagent.com\/sv\/?s={search_term_string}\"},\"query-input\":\"required name=search_term_string\"}],\"inLanguage\":\"sv-SE\"},{\"@type\":\"Organization\",\"@id\":\"https:\/\/portugalagent.com\/sv\/#organization\",\"name\":\"Portugal Agent\",\"url\":\"https:\/\/portugalagent.com\/sv\/\",\"logo\":{\"@type\":\"ImageObject\",\"inLanguage\":\"sv-SE\",\"@id\":\"https:\/\/portugalagent.com\/sv\/#\/schema\/logo\/image\/\",\"url\":\"https:\/\/portugalagent.com\/wp-content\/uploads\/2020\/11\/portugalagent.svg\",\"contentUrl\":\"https:\/\/portugalagent.com\/wp-content\/uploads\/2020\/11\/portugalagent.svg\",\"caption\":\"Portugal Agent\"},\"image\":{\"@id\":\"https:\/\/portugalagent.com\/sv\/#\/schema\/logo\/image\/\"}},{\"@type\":\"Person\",\"@id\":\"https:\/\/portugalagent.com\/sv\/#\/schema\/person\/916dd45acb1ec87bc80bc43ca8907acd\",\"name\":\"Niklas Fors\u00e9n\",\"image\":{\"@type\":\"ImageObject\",\"inLanguage\":\"sv-SE\",\"@id\":\"https:\/\/portugalagent.com\/sv\/#\/schema\/person\/image\/\",\"url\":\"https:\/\/secure.gravatar.com\/avatar\/663013df21d0d1921019a9add374baaa?s=96&d=mm&r=g\",\"contentUrl\":\"https:\/\/secure.gravatar.com\/avatar\/663013df21d0d1921019a9add374baaa?s=96&d=mm&r=g\",\"caption\":\"Niklas Fors\u00e9n\"},\"url\":\"https:\/\/portugalagent.com\/sv\/author\/niklasportugalagent-com\/\"}]}<\/script>\n<!-- \/ Yoast SEO plugin. -->","yoast_head_json":{"title":"Ny ejendomsm\u00e6gler \u2013 nyt omr\u00e5de - Portugal Agent","description":"Ny ejendomsm\u00e6gler J\u00f8rgen Kirchhoff\u2013 nyt omr\u00e5de Santa Cruz Torres Vedras Portugal Portugal Agents nye m\u00e6gler p\u00e5 Costa Prata i Portugal.","robots":{"index":"index","follow":"follow","max-snippet":"max-snippet:-1","max-image-preview":"max-image-preview:large","max-video-preview":"max-video-preview:-1"},"canonical":"https:\/\/portugalagent.com\/sv\/ny-ejendomsmaegler-nyt-omrade\/","og_locale":"sv_SE","og_type":"article","og_title":"Ny ejendomsm\u00e6gler \u2013 nyt omr\u00e5de - Portugal Agent","og_description":"Ny ejendomsm\u00e6gler J\u00f8rgen Kirchhoff\u2013 nyt omr\u00e5de Santa Cruz Torres Vedras Portugal Portugal Agents nye m\u00e6gler p\u00e5 Costa Prata i Portugal.","og_url":"https:\/\/portugalagent.com\/sv\/ny-ejendomsmaegler-nyt-omrade\/","og_site_name":"Portugal Agent","article_published_time":"2020-06-06T09:57:43+00:00","article_modified_time":"2020-06-07T18:04:00+00:00","og_image":[{"width":1800,"height":1350,"url":"https:\/\/portugalagent.com\/wp-content\/uploads\/2020\/06\/J\u00f8rgen-Kirchhoff-Portugal-Agent.jpg?v=1591552613","type":"image\/jpeg"}],"author":"Niklas Fors\u00e9n","twitter_card":"summary_large_image","twitter_misc":{"Skriven av":"Niklas Fors\u00e9n","Ber\u00e4knad l\u00e4stid":"2 minuter"},"schema":{"@context":"https:\/\/schema.org","@graph":[{"@type":"Article","@id":"https:\/\/portugalagent.com\/sv\/ny-ejendomsmaegler-nyt-omrade\/#article","isPartOf":{"@id":"https:\/\/portugalagent.com\/sv\/ny-ejendomsmaegler-nyt-omrade\/"},"author":{"name":"Niklas Fors\u00e9n","@id":"https:\/\/portugalagent.com\/sv\/#\/schema\/person\/916dd45acb1ec87bc80bc43ca8907acd"},"headline":"Ny ejendomsm\u00e6gler \u2013 nyt omr\u00e5de","datePublished":"2020-06-06T09:57:43+00:00","dateModified":"2020-06-07T18:04:00+00:00","mainEntityOfPage":{"@id":"https:\/\/portugalagent.com\/sv\/ny-ejendomsmaegler-nyt-omrade\/"},"wordCount":412,"commentCount":0,"publisher":{"@id":"https:\/\/portugalagent.com\/sv\/#organization"},"articleSection":["news","Nyheter"],"inLanguage":"sv-SE","potentialAction":[{"@type":"CommentAction","name":"Comment","target":["https:\/\/portugalagent.com\/sv\/ny-ejendomsmaegler-nyt-omrade\/#respond"]}]},{"@type":"WebPage","@id":"https:\/\/portugalagent.com\/sv\/ny-ejendomsmaegler-nyt-omrade\/","url":"https:\/\/portugalagent.com\/sv\/ny-ejendomsmaegler-nyt-omrade\/","name":"Ny ejendomsm\u00e6gler \u2013 nyt omr\u00e5de - Portugal Agent","isPartOf":{"@id":"https:\/\/portugalagent.com\/sv\/#website"},"datePublished":"2020-06-06T09:57:43+00:00","dateModified":"2020-06-07T18:04:00+00:00","description":"Ny ejendomsm\u00e6gler J\u00f8rgen Kirchhoff\u2013 nyt omr\u00e5de Santa Cruz Torres Vedras Portugal Portugal Agents nye m\u00e6gler p\u00e5 Costa Prata i Portugal.","breadcrumb":{"@id":"https:\/\/portugalagent.com\/sv\/ny-ejendomsmaegler-nyt-omrade\/#breadcrumb"},"inLanguage":"sv-SE","potentialAction":[{"@type":"ReadAction","target":["https:\/\/portugalagent.com\/sv\/ny-ejendomsmaegler-nyt-omrade\/"]}]},{"@type":"BreadcrumbList","@id":"https:\/\/portugalagent.com\/sv\/ny-ejendomsmaegler-nyt-omrade\/#breadcrumb","itemListElement":[{"@type":"ListItem","position":1,"name":"Home","item":"https:\/\/portugalagent.com\/sv\/"},{"@type":"ListItem","position":2,"name":"Ny ejendomsm\u00e6gler \u2013 nyt omr\u00e5de"}]},{"@type":"WebSite","@id":"https:\/\/portugalagent.com\/sv\/#website","url":"https:\/\/portugalagent.com\/sv\/","name":"Portugal Agent","description":"","publisher":{"@id":"https:\/\/portugalagent.com\/sv\/#organization"},"potentialAction":[{"@type":"SearchAction","target":{"@type":"EntryPoint","urlTemplate":"https:\/\/portugalagent.com\/sv\/?s={search_term_string}"},"query-input":"required name=search_term_string"}],"inLanguage":"sv-SE"},{"@type":"Organization","@id":"https:\/\/portugalagent.com\/sv\/#organization","name":"Portugal Agent","url":"https:\/\/portugalagent.com\/sv\/","logo":{"@type":"ImageObject","inLanguage":"sv-SE","@id":"https:\/\/portugalagent.com\/sv\/#\/schema\/logo\/image\/","url":"https:\/\/portugalagent.com\/wp-content\/uploads\/2020\/11\/portugalagent.svg","contentUrl":"https:\/\/portugalagent.com\/wp-content\/uploads\/2020\/11\/portugalagent.svg","caption":"Portugal Agent"},"image":{"@id":"https:\/\/portugalagent.com\/sv\/#\/schema\/logo\/image\/"}},{"@type":"Person","@id":"https:\/\/portugalagent.com\/sv\/#\/schema\/person\/916dd45acb1ec87bc80bc43ca8907acd","name":"Niklas Fors\u00e9n","image":{"@type":"ImageObject","inLanguage":"sv-SE","@id":"https:\/\/portugalagent.com\/sv\/#\/schema\/person\/image\/","url":"https:\/\/secure.gravatar.com\/avatar\/663013df21d0d1921019a9add374baaa?s=96&d=mm&r=g","contentUrl":"https:\/\/secure.gravatar.com\/avatar\/663013df21d0d1921019a9add374baaa?s=96&d=mm&r=g","caption":"Niklas Fors\u00e9n"},"url":"https:\/\/portugalagent.com\/sv\/author\/niklasportugalagent-com\/"}]}},"_links":{"self":[{"href":"https:\/\/portugalagent.com\/sv\/wp-json\/wp\/v2\/posts\/56012"}],"collection":[{"href":"https:\/\/portugalagent.com\/sv\/wp-json\/wp\/v2\/posts"}],"about":[{"href":"https:\/\/portugalagent.com\/sv\/wp-json\/wp\/v2\/types\/post"}],"author":[{"embeddable":true,"href":"https:\/\/portugalagent.com\/sv\/wp-json\/wp\/v2\/users\/2"}],"replies":[{"embeddable":true,"href":"https:\/\/portugalagent.com\/sv\/wp-json\/wp\/v2\/comments?post=56012"}],"version-history":[{"count":2,"href":"https:\/\/portugalagent.com\/sv\/wp-json\/wp\/v2\/posts\/56012\/revisions"}],"predecessor-version":[{"id":56014,"href":"https:\/\/portugalagent.com\/sv\/wp-json\/wp\/v2\/posts\/56012\/revisions\/56014"}],"wp:featuredmedia":[{"embeddable":true,"href":"https:\/\/portugalagent.com\/sv\/wp-json\/wp\/v2\/media\/56015"}],"wp:attachment":[{"href":"https:\/\/portugalagent.com\/sv\/wp-json\/wp\/v2\/media?parent=56012"}],"wp:term":[{"taxonomy":"category","embeddable":true,"href":"https:\/\/portugalagent.com\/sv\/wp-json\/wp\/v2\/categories?post=56012"},{"taxonomy":"post_tag","embeddable":true,"href":"https:\/\/portugalagent.com\/sv\/wp-json\/wp\/v2\/tags?post=56012"}],"curies":[{"name":"wp","href":"https:\/\/api.w.org\/{rel}","templated":true}]}}