{"id":55082,"date":"2020-05-09T18:38:59","date_gmt":"2020-05-09T18:38:59","guid":{"rendered":"https:\/\/portugalagent.com\/?p=55082"},"modified":"2020-05-09T18:52:07","modified_gmt":"2020-05-09T18:52:07","slug":"antligen-oppet-igen","status":"publish","type":"post","link":"https:\/\/portugalagent.com\/sv\/antligen-oppet-igen\/","title":{"rendered":"\u00c4ntligen \u00f6ppet igen!"},"content":{"rendered":"\n<h3>Tankar fr\u00e5n Nazar\u00e9 vecka 19.<\/h3>\n\n\n\n<p>Nu har vi \u00e4ntligen \u00f6ppnat m\u00e4klarbutiken igen efter drygt sex veckors nedst\u00e4ngning p\u00e5 grund av corona. Nu f\u00e5r aff\u00e4rer och gemensamma utrymmen om max 200 kvadratmeter f\u00e5r h\u00e5llas \u00f6ppna under vissa restriktioner. Den g\u00e5ngna veckan \u00e4r ett sk\u00f6nt steg mot mer frihet och \u00f6ppenhet f\u00f6r alla i Portugal och Nazar\u00e9. Nu ser vi folk p\u00e5 str\u00e4nderna igen, surfarna b\u00f6rjar komma ut p\u00e5 vattnet och allt fler vandrar, joggar och cyklar i naturen. Nu v\u00e4ntar vi med sp\u00e4nning p\u00e5 nya besked fr\u00e5n myndigheterna i slutet av n\u00e4sta vecka. Om allt g\u00e5r som vi alla hoppas kan st\u00f6rre butiker \u00f6ppna till n\u00e4sta helg och framf\u00f6rallt hoppas vi p\u00e5 att restauranger och kaf\u00e9er kommer ig\u00e5ng d\u00e5.<\/p>\n\n\n\n<p>H\u00e4r kommer en lite nedbantad dagbok, med munskydd p\u00e5, fr\u00e5n Nazar\u00e9 vecka 19. Det viktigaste f\u00f6r Portugal Agent under hela coronakrisen s\u00e5 h\u00e4r l\u00e5ngt \u00e4r i alla fall att vi f\u00e5r ha v\u00e5r m\u00e4klarbutik \u00f6ppen igen!<\/p>\n\n\n\n<h3>\u00c5rets varmaste dag<\/h3>\n\n\n\n<p>S\u00f6ndag 3 maj<\/p>\n\n\n\n<p>St\u00e4dar m\u00e4klarbutiken i varmt sommarv\u00e4der. I morgon ska vi \u00e4ntligen \u00f6ppna igen. 28 grader redan p\u00e5 f\u00f6rmiddagen. H\u00e4rligt!<\/p>\n\n\n\n<p>P\u00e5 eftermiddagen var det \u00f6ver 30 grader varmt med en peak p\u00e5 34 grader vilket \u00e4r ovanligt i b\u00f6rjan av maj. Sk\u00f6nt d\u00e5 med en egen pool!<br>Vi fick ocks\u00e5 bes\u00f6k av en svensk barnfamilj vars condominium inte har \u00f6ppnat den gemensamma poolen \u00e4n f\u00f6r sommaren. D\u00e5 \u00e4r det sk\u00f6nt att ha kompisar s\u00e5 barnen f\u00e5r bada n\u00e4r det \u00e4r riktigt varmt!<\/p>\n\n\n\n<h3>V\u00e4lkommen in!<\/h3>\n\n\n\n<p>M\u00e5ndag 4 maj -20<\/p>\n\n\n\n<p>Nu sl\u00e5r vi upp d\u00f6rrarna f\u00f6r f\u00f6rsta g\u00e5ngen p\u00e5 \u00f6ver sex veckor. Vi har dock vidtagit en del restriktioner som framg\u00e5r av videofilmen nedan. Max tv\u00e5 bes\u00f6kare i taget, stanna vid den r\u00f6da linjen, s\u00e4tt p\u00e5 munskydd innan du g\u00e5r in i lokalen. Vi har ocks\u00e5 preparerat receptionsdisken och ett m\u00f6tesbord med ett pexiglasskydd som om\u00f6jligg\u00f6r att droppsmitta kan spridas fr\u00e5n v\u00e5r personal till en bes\u00f6kare eller tv\u00e4rt om.<\/p>\n\n\n\n<h3>Det \u00e4r i backarna man rycker<\/h3>\n\n\n\n<p>Onsdag 6 maj<\/p>\n\n\n\n<p>Vi var n\u00e5gra stycken som k\u00f6rde en ganska h\u00e5rd mtb-runda tillsammans i finv\u00e4dret. De som var med hela v\u00e4gen fick ihop s\u00e5d\u00e4r en 33 km och ca 560 h\u00f6jdmeter. H\u00f6gsta punkten ligger p\u00e5 130 m\u00f6h och l\u00e4gsta p\u00e5 5 m\u00f6h. Vi startade i Sitio da Nazar\u00e9, sedan s\u00f6derut uppe p\u00e5 \u00e5sen via Pederneira och s\u00f6derut, ner f\u00f6r grusbacken och \u00f6ver bron som korsar Rio Alcoa sedan upp f\u00f6r asfaltsbacken till Casal Mota. V\u00e4l d\u00e4r, v\u00e4nster och in bland husen f\u00f6r att hitta grusv\u00e4garna och stigarna som tar oss p\u00e5 ostsidan om \u00e5sen s\u00f6derut. Passage av v\u00e4gen som g\u00e5r mellan Serra da Pescaria och Famalicao sedan vidare s\u00f6derut mot S\u00e3o Martinho do Porto. I S\u00e3o Martinho do Porto \u00f6ver till Atlantsidan och sedan grusv\u00e4gar och stigar mot Salgado. D\u00e4rifr\u00e5n via jordbrukslandskapet tillbka till bron vid Rio Alcoa, upp f\u00f6r grusbacken till pederneira och tillbaka till Sitio. Jobbigt men kul!<br>H\u00e5kan Freij visade var sk\u00e5pet st\u00e5r \u2013 och gl\u00f6m inte att det \u00e4r i backarna man rycker!<\/p>\n\n\n\n<p>Vill du h\u00e4nga med och cykla: H\u00f6r av dig till Kari eller Niklas s\u00e5 finner vi en dag att tr\u00e4na lite tillsammans!<\/p>\n\n\n\n<h3>Inflyttning i Sitio da Nazar\u00e9<\/h3>\n\n\n\n<p>Fick upp den stora sl\u00e4pvagnen avsedd f\u00f6r transport av sn\u00f6skotrar (!) som st\u00e5tt p\u00e5 v\u00e5r tomt under vintern och v\u00e5ren. Undrar hur m\u00e5nga sn\u00f6skotervagnar det finns i Portugal? <br>Nu \u00e4ntligen kan de som \u00e4ger vagnen flytta in i sin fina villa i Sitioomr\u00e5det i Nazar\u00e9. Det \u00e4r dags att anv\u00e4nda den f\u00f6r flytten mellan en hyresl\u00e4genhet och villan.<\/p>\n\n\n\n<p>P\u00e5 eftermiddagen: Inflyttning i det fina huset! Pres Prop som byggt huset l\u00e4mnade \u00f6ver slutgiltiga dokument och nycklar till det glada k\u00f6parna. Ett hus med riktigt h\u00f6g standard, fina ytor och rej\u00e4l havsutsikt.<\/p>\n\n\n\n<p>Byggfirma: <a href=\"https:\/\/www.portugal-construction.com\/\">Presprop<\/a>. M\u00e4klare: <a href=\"https:\/\/portugalagent.com\/sv\/\">Portugal Agent<\/a> (fd Imo Nazar\u00e9)<\/p>\n\n\n\n<h3>Det g\u00e5r fortfarande att flyga till Lissabon<\/h3>\n\n\n\n<p>Tyv\u00e4rr g\u00e5r det m\u00e5nga historier i sociala medier om hur om\u00f6jligt det \u00e4r att resa n\u00e5gonstans alls inom Europa. Men det \u00e4r som tur \u00e4r inte helt sant. F\u00f6r att ta h\u00e5l p\u00e5 den myten vill jag bara meddela att vi under fredagen fick hit ett svenskt par som fl\u00f6g fr\u00e5n Stockholm via Tyskland och sedan vidare till Lissabon. Det g\u00e5r och tv\u00e5 kriterier g\u00f6r att du inte drabbas av n\u00e5gon risk f\u00f6r att bli stoppad: \u00c4r du skriven i Portugal s\u00e5 f\u00e5r du flyga hem utan att bli sittande i karant\u00e4n och f\u00f6r oss som \u00e4r svenska medborgare och skrivna i Portugal s\u00e5 g\u00e4ller att vi kan flyga till Sverige utan restriktioner \u2013 om vi \u00e4r symtomfria. En koll med UDs Resklar s\u00e4ger f\u00f6ljande: \u201dDet finns inga best\u00e4mmelser om obligatorisk karant\u00e4n f\u00f6r dem som anl\u00e4nder med flyg till Lissabon\u201d.<\/p>\n\n\n\n<p>Knepet \u00e4r v\u00e4l att hitta flyg. Just nu g\u00e5r det inga direktflyg mellan Sverige och Portugal s\u00e5 det blir till att hitta flyg med byte p\u00e5 l\u00e4mplig plats inom EU. Notera: Den starka rekommendationen om att inte resa annat \u00e4n i viktiga och n\u00f6dv\u00e4ndiga \u00e4renden kvarst\u00e5r fram till och med 15 juni fr\u00e5n Sveriges sida.<\/p>\n\n\n\n<p>Ladda hem appen \u201dResklar\u201d fr\u00e5n UD om du inte redan gjort det. Den dateras upp dagligen och skingrar m\u00e5nga rykten.<\/p>\n\n\n\n<h3>Ett virtuellt bes\u00f6k hos Portugal Agent<\/h3>\n\n\n\n<p>Bes\u00f6k v\u00e5rt m\u00e4kleri i Nazar\u00e9 h\u00e4r:<\/p>\n\n\n\n<figure class=\"wp-block-embed-youtube wp-block-embed is-type-video is-provider-youtube wp-embed-aspect-16-9 wp-has-aspect-ratio\"><div class=\"wp-block-embed__wrapper\">\n<iframe loading=\"lazy\" title=\"Visiting the Real Estate office in Nazar\u00e9\" width=\"500\" height=\"281\" src=\"https:\/\/www.youtube.com\/embed\/qEjBJTsKE1Q?feature=oembed\" frameborder=\"0\" allow=\"accelerometer; autoplay; encrypted-media; gyroscope; picture-in-picture\" allowfullscreen><\/iframe>\n<\/div><figcaption>V\u00e4lkommen in! Nyst\u00e4dat och med vidtagna s\u00e4kerhets\u00e5tg\u00e4rder gentemot coronaviruset. <\/figcaption><\/figure>\n\n\n\n<p>Tidigare dagb\u00f6cker fr\u00e5n Nazar\u00e9:<br><a href=\"https:\/\/portugalagent.com\/sv\/valborg-och-forstamaj-i-nazare\/\">V18<\/a>, <strong><a href=\"https:\/\/portugalagent.com\/sv\/nazare-vecka-17\/\">V17<\/a><\/strong>, <a style=\"font-weight: bold;\" href=\"https:\/\/portugalagent.com\/sv\/det-ar-folket-som-bygger-landet\/\">V16<\/a>, <strong><a href=\"https:\/\/portugalagent.com\/sv\/langfredag-hela-veckan\/\">V15<\/a><\/strong>, <strong><a href=\"https:\/\/portugalagent.com\/sv\/lapp-pa-luckan\/\">V14<\/a><\/strong>, <a href=\"https:\/\/portugalagent.com\/sv\/dagbok-fran-nazare-28-mars\/\"><strong>V13<\/strong><\/a><\/p>\n","protected":false},"excerpt":{"rendered":"<p>Tankar fr\u00e5n Nazar\u00e9 vecka 19. Nu har vi \u00e4ntligen \u00f6ppnat m\u00e4klarbutiken igen efter drygt sex veckors nedst\u00e4ngning p\u00e5 grund av corona. Nu f\u00e5r aff\u00e4rer och gemensamma utrymmen om max 200 kvadratmeter f\u00e5r h\u00e5llas \u00f6ppna under vissa restriktioner. Den g\u00e5ngna veckan \u00e4r ett sk\u00f6nt steg mot mer frihet och \u00f6ppenhet f\u00f6r alla i Portugal och Nazar\u00e9. [&hellip;]<\/p>\n","protected":false},"author":2,"featured_media":55116,"comment_status":"open","ping_status":"open","sticky":false,"template":"","format":"standard","meta":{"om_disable_all_campaigns":false,"_monsterinsights_skip_tracking":false,"_monsterinsights_sitenote_active":false,"_monsterinsights_sitenote_note":"","_monsterinsights_sitenote_category":0},"categories":[29,21,30,18],"tags":[],"aioseo_notices":[],"yoast_head":"<!-- This site is optimized with the Yoast SEO plugin v19.10 - https:\/\/yoast.com\/wordpress\/plugins\/seo\/ -->\n<title>\u00c4ntligen \u00f6ppet igen! - Portugal Agent<\/title>\n<meta name=\"robots\" content=\"index, follow, max-snippet:-1, max-image-preview:large, max-video-preview:-1\" \/>\n<link rel=\"canonical\" href=\"https:\/\/portugalagent.com\/sv\/antligen-oppet-igen\/\" \/>\n<meta property=\"og:locale\" content=\"sv_SE\" \/>\n<meta property=\"og:type\" content=\"article\" \/>\n<meta property=\"og:title\" content=\"\u00c4ntligen \u00f6ppet igen! - Portugal Agent\" \/>\n<meta property=\"og:description\" content=\"Tankar fr\u00e5n Nazar\u00e9 vecka 19. Nu har vi \u00e4ntligen \u00f6ppnat m\u00e4klarbutiken igen efter drygt sex veckors nedst\u00e4ngning p\u00e5 grund av corona. Nu f\u00e5r aff\u00e4rer och gemensamma utrymmen om max 200 kvadratmeter f\u00e5r h\u00e5llas \u00f6ppna under vissa restriktioner. Den g\u00e5ngna veckan \u00e4r ett sk\u00f6nt steg mot mer frihet och \u00f6ppenhet f\u00f6r alla i Portugal och Nazar\u00e9. [&hellip;]\" \/>\n<meta property=\"og:url\" content=\"https:\/\/portugalagent.com\/sv\/antligen-oppet-igen\/\" \/>\n<meta property=\"og:site_name\" content=\"Portugal Agent\" \/>\n<meta property=\"article:published_time\" content=\"2020-05-09T18:38:59+00:00\" \/>\n<meta property=\"article:modified_time\" content=\"2020-05-09T18:52:07+00:00\" \/>\n<meta property=\"og:image\" content=\"https:\/\/portugalagent.com\/wp-content\/uploads\/2020\/05\/IMG_0181NET.jpg?v=1589048874\" \/>\n\t<meta property=\"og:image:width\" content=\"1800\" \/>\n\t<meta property=\"og:image:height\" content=\"1350\" \/>\n\t<meta property=\"og:image:type\" content=\"image\/jpeg\" \/>\n<meta name=\"author\" content=\"Niklas Fors\u00e9n\" \/>\n<meta name=\"twitter:card\" content=\"summary_large_image\" \/>\n<meta name=\"twitter:label1\" content=\"Skriven av\" \/>\n\t<meta name=\"twitter:data1\" content=\"Niklas Fors\u00e9n\" \/>\n\t<meta name=\"twitter:label2\" content=\"Ber\u00e4knad l\u00e4stid\" \/>\n\t<meta name=\"twitter:data2\" content=\"5 minuter\" \/>\n<script type=\"application\/ld+json\" class=\"yoast-schema-graph\">{\"@context\":\"https:\/\/schema.org\",\"@graph\":[{\"@type\":\"Article\",\"@id\":\"https:\/\/portugalagent.com\/sv\/antligen-oppet-igen\/#article\",\"isPartOf\":{\"@id\":\"https:\/\/portugalagent.com\/sv\/antligen-oppet-igen\/\"},\"author\":{\"name\":\"Niklas Fors\u00e9n\",\"@id\":\"https:\/\/portugalagent.com\/sv\/#\/schema\/person\/916dd45acb1ec87bc80bc43ca8907acd\"},\"headline\":\"\u00c4ntligen \u00f6ppet igen!\",\"datePublished\":\"2020-05-09T18:38:59+00:00\",\"dateModified\":\"2020-05-09T18:52:07+00:00\",\"mainEntityOfPage\":{\"@id\":\"https:\/\/portugalagent.com\/sv\/antligen-oppet-igen\/\"},\"wordCount\":1021,\"commentCount\":0,\"publisher\":{\"@id\":\"https:\/\/portugalagent.com\/sv\/#organization\"},\"articleSection\":[\"Flytta till Portugal\",\"Nazar\u00e9\",\"news\",\"Nyheter\"],\"inLanguage\":\"sv-SE\",\"potentialAction\":[{\"@type\":\"CommentAction\",\"name\":\"Comment\",\"target\":[\"https:\/\/portugalagent.com\/sv\/antligen-oppet-igen\/#respond\"]}]},{\"@type\":\"WebPage\",\"@id\":\"https:\/\/portugalagent.com\/sv\/antligen-oppet-igen\/\",\"url\":\"https:\/\/portugalagent.com\/sv\/antligen-oppet-igen\/\",\"name\":\"\u00c4ntligen \u00f6ppet igen! - Portugal Agent\",\"isPartOf\":{\"@id\":\"https:\/\/portugalagent.com\/sv\/#website\"},\"datePublished\":\"2020-05-09T18:38:59+00:00\",\"dateModified\":\"2020-05-09T18:52:07+00:00\",\"breadcrumb\":{\"@id\":\"https:\/\/portugalagent.com\/sv\/antligen-oppet-igen\/#breadcrumb\"},\"inLanguage\":\"sv-SE\",\"potentialAction\":[{\"@type\":\"ReadAction\",\"target\":[\"https:\/\/portugalagent.com\/sv\/antligen-oppet-igen\/\"]}]},{\"@type\":\"BreadcrumbList\",\"@id\":\"https:\/\/portugalagent.com\/sv\/antligen-oppet-igen\/#breadcrumb\",\"itemListElement\":[{\"@type\":\"ListItem\",\"position\":1,\"name\":\"Home\",\"item\":\"https:\/\/portugalagent.com\/sv\/\"},{\"@type\":\"ListItem\",\"position\":2,\"name\":\"\u00c4ntligen \u00f6ppet igen!\"}]},{\"@type\":\"WebSite\",\"@id\":\"https:\/\/portugalagent.com\/sv\/#website\",\"url\":\"https:\/\/portugalagent.com\/sv\/\",\"name\":\"Portugal Agent\",\"description\":\"\",\"publisher\":{\"@id\":\"https:\/\/portugalagent.com\/sv\/#organization\"},\"potentialAction\":[{\"@type\":\"SearchAction\",\"target\":{\"@type\":\"EntryPoint\",\"urlTemplate\":\"https:\/\/portugalagent.com\/sv\/?s={search_term_string}\"},\"query-input\":\"required name=search_term_string\"}],\"inLanguage\":\"sv-SE\"},{\"@type\":\"Organization\",\"@id\":\"https:\/\/portugalagent.com\/sv\/#organization\",\"name\":\"Portugal Agent\",\"url\":\"https:\/\/portugalagent.com\/sv\/\",\"logo\":{\"@type\":\"ImageObject\",\"inLanguage\":\"sv-SE\",\"@id\":\"https:\/\/portugalagent.com\/sv\/#\/schema\/logo\/image\/\",\"url\":\"https:\/\/portugalagent.com\/wp-content\/uploads\/2020\/11\/portugalagent.svg\",\"contentUrl\":\"https:\/\/portugalagent.com\/wp-content\/uploads\/2020\/11\/portugalagent.svg\",\"caption\":\"Portugal Agent\"},\"image\":{\"@id\":\"https:\/\/portugalagent.com\/sv\/#\/schema\/logo\/image\/\"}},{\"@type\":\"Person\",\"@id\":\"https:\/\/portugalagent.com\/sv\/#\/schema\/person\/916dd45acb1ec87bc80bc43ca8907acd\",\"name\":\"Niklas Fors\u00e9n\",\"image\":{\"@type\":\"ImageObject\",\"inLanguage\":\"sv-SE\",\"@id\":\"https:\/\/portugalagent.com\/sv\/#\/schema\/person\/image\/\",\"url\":\"https:\/\/secure.gravatar.com\/avatar\/663013df21d0d1921019a9add374baaa?s=96&d=mm&r=g\",\"contentUrl\":\"https:\/\/secure.gravatar.com\/avatar\/663013df21d0d1921019a9add374baaa?s=96&d=mm&r=g\",\"caption\":\"Niklas Fors\u00e9n\"},\"url\":\"https:\/\/portugalagent.com\/sv\/author\/niklasportugalagent-com\/\"}]}<\/script>\n<!-- \/ Yoast SEO plugin. -->","yoast_head_json":{"title":"\u00c4ntligen \u00f6ppet igen! - Portugal Agent","robots":{"index":"index","follow":"follow","max-snippet":"max-snippet:-1","max-image-preview":"max-image-preview:large","max-video-preview":"max-video-preview:-1"},"canonical":"https:\/\/portugalagent.com\/sv\/antligen-oppet-igen\/","og_locale":"sv_SE","og_type":"article","og_title":"\u00c4ntligen \u00f6ppet igen! - Portugal Agent","og_description":"Tankar fr\u00e5n Nazar\u00e9 vecka 19. Nu har vi \u00e4ntligen \u00f6ppnat m\u00e4klarbutiken igen efter drygt sex veckors nedst\u00e4ngning p\u00e5 grund av corona. Nu f\u00e5r aff\u00e4rer och gemensamma utrymmen om max 200 kvadratmeter f\u00e5r h\u00e5llas \u00f6ppna under vissa restriktioner. Den g\u00e5ngna veckan \u00e4r ett sk\u00f6nt steg mot mer frihet och \u00f6ppenhet f\u00f6r alla i Portugal och Nazar\u00e9. [&hellip;]","og_url":"https:\/\/portugalagent.com\/sv\/antligen-oppet-igen\/","og_site_name":"Portugal Agent","article_published_time":"2020-05-09T18:38:59+00:00","article_modified_time":"2020-05-09T18:52:07+00:00","og_image":[{"width":1800,"height":1350,"url":"https:\/\/portugalagent.com\/wp-content\/uploads\/2020\/05\/IMG_0181NET.jpg?v=1589048874","type":"image\/jpeg"}],"author":"Niklas Fors\u00e9n","twitter_card":"summary_large_image","twitter_misc":{"Skriven av":"Niklas Fors\u00e9n","Ber\u00e4knad l\u00e4stid":"5 minuter"},"schema":{"@context":"https:\/\/schema.org","@graph":[{"@type":"Article","@id":"https:\/\/portugalagent.com\/sv\/antligen-oppet-igen\/#article","isPartOf":{"@id":"https:\/\/portugalagent.com\/sv\/antligen-oppet-igen\/"},"author":{"name":"Niklas Fors\u00e9n","@id":"https:\/\/portugalagent.com\/sv\/#\/schema\/person\/916dd45acb1ec87bc80bc43ca8907acd"},"headline":"\u00c4ntligen \u00f6ppet igen!","datePublished":"2020-05-09T18:38:59+00:00","dateModified":"2020-05-09T18:52:07+00:00","mainEntityOfPage":{"@id":"https:\/\/portugalagent.com\/sv\/antligen-oppet-igen\/"},"wordCount":1021,"commentCount":0,"publisher":{"@id":"https:\/\/portugalagent.com\/sv\/#organization"},"articleSection":["Flytta till Portugal","Nazar\u00e9","news","Nyheter"],"inLanguage":"sv-SE","potentialAction":[{"@type":"CommentAction","name":"Comment","target":["https:\/\/portugalagent.com\/sv\/antligen-oppet-igen\/#respond"]}]},{"@type":"WebPage","@id":"https:\/\/portugalagent.com\/sv\/antligen-oppet-igen\/","url":"https:\/\/portugalagent.com\/sv\/antligen-oppet-igen\/","name":"\u00c4ntligen \u00f6ppet igen! - Portugal Agent","isPartOf":{"@id":"https:\/\/portugalagent.com\/sv\/#website"},"datePublished":"2020-05-09T18:38:59+00:00","dateModified":"2020-05-09T18:52:07+00:00","breadcrumb":{"@id":"https:\/\/portugalagent.com\/sv\/antligen-oppet-igen\/#breadcrumb"},"inLanguage":"sv-SE","potentialAction":[{"@type":"ReadAction","target":["https:\/\/portugalagent.com\/sv\/antligen-oppet-igen\/"]}]},{"@type":"BreadcrumbList","@id":"https:\/\/portugalagent.com\/sv\/antligen-oppet-igen\/#breadcrumb","itemListElement":[{"@type":"ListItem","position":1,"name":"Home","item":"https:\/\/portugalagent.com\/sv\/"},{"@type":"ListItem","position":2,"name":"\u00c4ntligen \u00f6ppet igen!"}]},{"@type":"WebSite","@id":"https:\/\/portugalagent.com\/sv\/#website","url":"https:\/\/portugalagent.com\/sv\/","name":"Portugal Agent","description":"","publisher":{"@id":"https:\/\/portugalagent.com\/sv\/#organization"},"potentialAction":[{"@type":"SearchAction","target":{"@type":"EntryPoint","urlTemplate":"https:\/\/portugalagent.com\/sv\/?s={search_term_string}"},"query-input":"required name=search_term_string"}],"inLanguage":"sv-SE"},{"@type":"Organization","@id":"https:\/\/portugalagent.com\/sv\/#organization","name":"Portugal Agent","url":"https:\/\/portugalagent.com\/sv\/","logo":{"@type":"ImageObject","inLanguage":"sv-SE","@id":"https:\/\/portugalagent.com\/sv\/#\/schema\/logo\/image\/","url":"https:\/\/portugalagent.com\/wp-content\/uploads\/2020\/11\/portugalagent.svg","contentUrl":"https:\/\/portugalagent.com\/wp-content\/uploads\/2020\/11\/portugalagent.svg","caption":"Portugal Agent"},"image":{"@id":"https:\/\/portugalagent.com\/sv\/#\/schema\/logo\/image\/"}},{"@type":"Person","@id":"https:\/\/portugalagent.com\/sv\/#\/schema\/person\/916dd45acb1ec87bc80bc43ca8907acd","name":"Niklas Fors\u00e9n","image":{"@type":"ImageObject","inLanguage":"sv-SE","@id":"https:\/\/portugalagent.com\/sv\/#\/schema\/person\/image\/","url":"https:\/\/secure.gravatar.com\/avatar\/663013df21d0d1921019a9add374baaa?s=96&d=mm&r=g","contentUrl":"https:\/\/secure.gravatar.com\/avatar\/663013df21d0d1921019a9add374baaa?s=96&d=mm&r=g","caption":"Niklas Fors\u00e9n"},"url":"https:\/\/portugalagent.com\/sv\/author\/niklasportugalagent-com\/"}]}},"_links":{"self":[{"href":"https:\/\/portugalagent.com\/sv\/wp-json\/wp\/v2\/posts\/55082"}],"collection":[{"href":"https:\/\/portugalagent.com\/sv\/wp-json\/wp\/v2\/posts"}],"about":[{"href":"https:\/\/portugalagent.com\/sv\/wp-json\/wp\/v2\/types\/post"}],"author":[{"embeddable":true,"href":"https:\/\/portugalagent.com\/sv\/wp-json\/wp\/v2\/users\/2"}],"replies":[{"embeddable":true,"href":"https:\/\/portugalagent.com\/sv\/wp-json\/wp\/v2\/comments?post=55082"}],"version-history":[{"count":7,"href":"https:\/\/portugalagent.com\/sv\/wp-json\/wp\/v2\/posts\/55082\/revisions"}],"predecessor-version":[{"id":55139,"href":"https:\/\/portugalagent.com\/sv\/wp-json\/wp\/v2\/posts\/55082\/revisions\/55139"}],"wp:featuredmedia":[{"embeddable":true,"href":"https:\/\/portugalagent.com\/sv\/wp-json\/wp\/v2\/media\/55116"}],"wp:attachment":[{"href":"https:\/\/portugalagent.com\/sv\/wp-json\/wp\/v2\/media?parent=55082"}],"wp:term":[{"taxonomy":"category","embeddable":true,"href":"https:\/\/portugalagent.com\/sv\/wp-json\/wp\/v2\/categories?post=55082"},{"taxonomy":"post_tag","embeddable":true,"href":"https:\/\/portugalagent.com\/sv\/wp-json\/wp\/v2\/tags?post=55082"}],"curies":[{"name":"wp","href":"https:\/\/api.w.org\/{rel}","templated":true}]}}