{"id":53684,"date":"2016-11-12T00:00:00","date_gmt":"2016-11-12T00:00:00","guid":{"rendered":"https:\/\/portugalagent.com\/nyhetsbrev-november\/"},"modified":"2020-04-12T19:48:49","modified_gmt":"2020-04-12T19:48:49","slug":"nyhetsbrev-november","status":"publish","type":"post","link":"https:\/\/portugalagent.com\/sv\/nyhetsbrev-november\/","title":{"rendered":"Nyhetsbrev november"},"content":{"rendered":"<p>Nyhetsbrev nr 4 fr\u00e5n Portugalagent. 2016-11-02<\/p>\n<p><strong>Snart \u00e4r det vinter \u2013 d\u00e5 skiner solen fortfarande p\u00e5 Silverkusten!<\/strong><\/p>\n<p>I dag, redan andra november, faller den f\u00f6rsta bl\u00f6tsn\u00f6n h\u00e4r i Stockholm. D\u00e5 \u00e4r det sk\u00f6nt att veta att Nazar\u00e9 och Silverkusten fortfarande har \u00f6ver 20 grader varmt och mycket ljusare och l\u00e4ngre dagar \u00e4n vi har i Sverige s\u00e5 h\u00e4r \u00e5rs.<br \/>\nTack alla ni som varit med oss p\u00e5 visningar och skatteseminarier i \u00e5r. Ett extra stort tack vill vi rikta till er som k\u00f6pt bostad genom oss. Ni blir fler och fler. Det \u00e4r mycket kul!<\/p>\n<p>P\u00e5 de sexton m\u00e5nader vi varit verksamma i Nazar\u00e9 och p\u00e5 Silverkusten har v\u00e5ra m\u00e4klare s\u00e5lt ett 60-tal objekt i Nazar\u00e9omr\u00e5det samt ytterligare n\u00e5gra i Lissabon. Se v\u00e5ra referenser h\u00e4r: <a href=\"http:\/\/imonazare.com\/sold\/\">Sold.<\/a><\/p>\n<p><strong>Bild<\/strong>: Vilda Fors\u00e9n och jag utanf\u00f6r fyren i Nazar\u00e9 p\u00e5 julafton 2015.<\/p>\n<p>Notera att de s\u00e5lda objekten som redovisas p\u00e5 v\u00e5r hemsida \u00e4r exklusive nyproduktion eftersom vi inte har bilder p\u00e5 dessa under \u201dtill salu\u201d. Fram till nu har vi 18 olika svenska hush\u00e5ll p\u00e5 plats i Nazar\u00e9 och fler \u00e4r p\u00e5 g\u00e5ng nu i h\u00f6st\/vinter. Tillsammans bygger vi nu upp en liten svensk gemenskap i Nazar\u00e9.<\/p>\n<p><strong>Ut\u00f6kat omr\u00e5de och ut\u00f6kat samarbete<br \/>\n<\/strong>Vi har inlett ett n\u00e4ra samarbete med ett bygg- och utvecklingsf\u00f6retag, <a href=\"http:\/\/www.portugal-construction.com\/\">Presprop<\/a>, som \u00e4r verksamma i hela omr\u00e5det fr\u00e5n Nazar\u00e9 i norr ner till Obidoslagunen. De har sitt kontor i S\u00e3o Martinho do Porto och erbjuder totalentreprenad p\u00e5 egna tomter \u2013 eller p\u00e5 en tomt som du har hittat och vill bygga p\u00e5. H\u00e4r har vi exklusivitet f\u00f6r den Skandinaviska marknaden vilket \u00e4r sk\u00f6nt f\u00f6r v\u00e5ra spekulanter. D\u00e5 har vi full koll under hela processen fr\u00e5n f\u00f6rsta kontakten, via visning och avtal. De \u00e4r dessutom mycket bra p\u00e5 \u201dafter sales\u201d, dvs, hj\u00e4lp med hantverkare, m\u00f6bler, uthyrning osv.<\/p>\n<p><strong>Kommande aktiviteter<br \/>\n<\/strong>Vintern \u00e4r en intensiv period f\u00f6r oss med visningsresor, skatteseminarier och m\u00e4ssor. Dessutom kommer vi vara p\u00e5 plats i Nazar\u00e9 under jul och ny\u00e5r.<\/p>\n<p><strong>M\u00e4ssa f\u00f6r utlandsboende i G\u00f6teborg nu i november<\/strong>. Portugalagent och Imo Nazar\u00e9 medverkar p\u00e5 m\u00e4ssan i G\u00f6teborg, 12 \u2013 13 november, monter nr 59. Dessutom kommer tv\u00e5 personer fr\u00e5n Presprop Portugal att vara med i montern. Under varje m\u00e4ssdag arrangeras ocks\u00e5 ett bra Portugalseminarium. Varmt v\u00e4lkomna!<\/p>\n<p><strong>Kommande m\u00e4ssor v\u00e5ren 2017 d\u00e4r vi deltar<br \/>\n<\/strong>Stockholm: 18 och 19 februari<br \/>\nG\u00f6teborg: 4 och 5 mars<br \/>\nHelsingfors: 18 och 19 mars<\/p>\n<p><a href=\"https:\/\/portugalagent.com\/sv\/?p=304\"><strong>Visningsresor<\/strong><\/a><strong> till Nazar\u00e9 och Silverkusten v\u00e5ren 2017<\/strong><br \/>\n1 \u2013 5 februari, 26 \u2013 30 april samt 29 \u2013 3 maj.<\/p>\n<p>Notera att jag ofta \u00e4r p\u00e5 plats i Nazar\u00e9 en l\u00e4ngre period kring respektive visningsresa.<\/p>\n<p><a href=\"\/?p=4041\"><strong>Skatteseminarium<\/strong><\/a> <strong>torsdag 17 november<br \/>\n<\/strong>Grant Thornton och Portugalagent forts\u00e4tter med de popul\u00e4ra seminarierna med Portugal som tema. N\u00e4sta seminarium \u00e4r p\u00e5 torsdag 17 november. Sedan kommer vi h\u00e5lla fler under vintern. H\u00e5ll koll p\u00e5 nyhetsfl\u00f6det p\u00e5 Portugalagent.com s\u00e5 missar du inget!<br \/>\nOBS: begr\u00e4nsat antal platser \u2013 anm\u00e4lan g\u00f6rs direkt till Niklas Fors\u00e9n.<\/p>\n<p><strong>Framtid och utveckling<br \/>\n<\/strong>Med den utvecklig vi har nu ser det ljust ut f\u00f6r bostadsmarknaden i omr\u00e5det mellan Obidos och Nazar\u00e9 p\u00e5 Silverkusten. Statistiken visar p\u00e5 en \u00e5rlig prisuppg\u00e5ng runt 5% i snitt per \u00e5r under de senaste tv\u00e5 \u00e5ren. I Nazar\u00e9 har vi haft lite b\u00e4ttre \u00e4n s\u00e5 under 2016. Fr\u00e5n att ha varit en n\u00e4stan helt ok\u00e4nd sm\u00e5stad f\u00f6r svenskar har Nazar\u00e9 seglat upp till ytan och blivit, om inte popul\u00e4r, s\u00e5 i all fall ordentligt igenk\u00e4nd. N\u00e4r det g\u00e4ller Portugiser och Fransm\u00e4n s\u00e5 har ju Nazar\u00e9 sedan gammalt ett bra rykte och en stor igenk\u00e4nningsfaktor. Det b\u00e5dar gott f\u00f6r en fortsatt gynnsam prisutveckling i Nazar\u00e9 med omnejd.<\/p>\n<p><strong>Aktuella objekt till salu<br \/>\n<\/strong>De nyinkomna objekten publiceras alltid f\u00f6rst p\u00e5 Imo Nazar\u00e9. Vi hinner helt enkelt inte med att \u00f6vers\u00e4tt till svenska i den takt som vi f\u00e5r in fina objekt. Vill du se de mest aktuella objekten \u00e4r det\u00a0 l\u00e4nken h\u00e4r som g\u00e4ller: <a href=\"http:\/\/imonazare.com\/for-sale\/\">imonazare.com\/for-sale\/<\/a><\/p>\n<p><strong>Ny\u00e5r i Nazar\u00e9<br \/>\n<\/strong>Missa inte det fantastiska ny\u00e5rsfirandet i Nazar\u00e9. P\u00e5 m\u00e5nga webbsidor och i flera turistguider rankas Nazar\u00e9 som staden nr 1 i Portugal att fira ny\u00e5r i. Har du inget boende h\u00e4r \u00e4r det h\u00f6g tid att boka din ny\u00e5rshelg. Det blir helt enkelt kn\u00f6kfullt \u00f6ver Ny\u00e5r i Nazar\u00e9!<\/p>\n<p><strong>Alltid \u00f6ppet<br \/>\n<\/strong>V\u00e5rt portugisiska m\u00e4kleri Imo Nazar\u00e9 ligger centralt i Nazar\u00e9 och har \u00f6ppet 7 dagar i veckan. V\u00e4lkommen n\u00e4r du vill. Jag \u00e4r alltid med p\u00e5 visningsresorna och dessutom under vissa andra perioder. H\u00f6r av dig i god tid innan avresa om du vill ha svensk v\u00e4gledning i Nazar\u00e9.<\/p>\n<p><strong>V\u00e4lkommen p\u00e5 bes\u00f6k!<br \/>\n<\/strong>Nazar\u00e9 och Silverkusten lockar allt fler som vill ha havsutsikt och solnedg\u00e5ng i havet till rimlig kostnad. Nazar\u00e9 \u00e4r en mycket charmig sm\u00e5stad som lever \u00e5ret runt. Att det dessutom \u00e4r 1 tim och 10 min till Lissabons flygplats med m\u00e5nga flygavg\u00e5ngar dagligen fr\u00e5n Stockholm, G\u00f6teborg och K\u00f6penhamn \u00e4r givetvis en stor f\u00f6rdel.<br \/>\n<strong><br \/>\nV\u00e4lkommen till Silverkusten och Nazar\u00e9 \u2013 Europas b\u00e4sta strandremsa!<\/strong><\/p>\n<p>Niklas Fors\u00e9n\/Portugalagent Sverige AB<br \/>\nTel: +46-70-592 60 76<br \/>\nMejl: <a href=\"mailto:niklas@portugalagent.com\">niklas@portugalagent.com<\/a><\/p>\n<p>&nbsp;<\/p>\n","protected":false},"excerpt":{"rendered":"<p>Nyhetsbrev nr 4 fr\u00e5n Portugalagent. 2016-11-02 Snart \u00e4r det vinter \u2013 d\u00e5 skiner solen fortfarande p\u00e5 Silverkusten! I dag, redan andra november, faller den f\u00f6rsta bl\u00f6tsn\u00f6n h\u00e4r i Stockholm. D\u00e5 \u00e4r det sk\u00f6nt att veta att Nazar\u00e9 och Silverkusten fortfarande har \u00f6ver 20 grader varmt och mycket ljusare och l\u00e4ngre dagar \u00e4n vi har i [&hellip;]<\/p>\n","protected":false},"author":2,"featured_media":50070,"comment_status":"open","ping_status":"open","sticky":false,"template":"","format":"standard","meta":{"om_disable_all_campaigns":false,"_monsterinsights_skip_tracking":false,"_monsterinsights_sitenote_active":false,"_monsterinsights_sitenote_note":"","_monsterinsights_sitenote_category":0},"categories":[],"tags":[],"aioseo_notices":[],"yoast_head":"<!-- This site is optimized with the Yoast SEO plugin v19.10 - https:\/\/yoast.com\/wordpress\/plugins\/seo\/ -->\n<title>Nyhetsbrev november - Portugal Agent<\/title>\n<meta name=\"robots\" content=\"index, follow, max-snippet:-1, max-image-preview:large, max-video-preview:-1\" \/>\n<link rel=\"canonical\" href=\"https:\/\/portugalagent.com\/sv\/nyhetsbrev-november\/\" \/>\n<meta property=\"og:locale\" content=\"sv_SE\" \/>\n<meta property=\"og:type\" content=\"article\" \/>\n<meta property=\"og:title\" content=\"Nyhetsbrev november - Portugal Agent\" \/>\n<meta property=\"og:description\" content=\"Nyhetsbrev nr 4 fr\u00e5n Portugalagent. 2016-11-02 Snart \u00e4r det vinter \u2013 d\u00e5 skiner solen fortfarande p\u00e5 Silverkusten! I dag, redan andra november, faller den f\u00f6rsta bl\u00f6tsn\u00f6n h\u00e4r i Stockholm. D\u00e5 \u00e4r det sk\u00f6nt att veta att Nazar\u00e9 och Silverkusten fortfarande har \u00f6ver 20 grader varmt och mycket ljusare och l\u00e4ngre dagar \u00e4n vi har i [&hellip;]\" \/>\n<meta property=\"og:url\" content=\"https:\/\/portugalagent.com\/sv\/nyhetsbrev-november\/\" \/>\n<meta property=\"og:site_name\" content=\"Portugal Agent\" \/>\n<meta property=\"article:published_time\" content=\"2016-11-12T00:00:00+00:00\" \/>\n<meta property=\"article:modified_time\" content=\"2020-04-12T19:48:49+00:00\" \/>\n<meta property=\"og:image\" content=\"https:\/\/portugalagent.com\/wp-content\/uploads\/2020\/04\/FB-omslag-A-16.jpg\" \/>\n\t<meta property=\"og:image:width\" content=\"2048\" \/>\n\t<meta property=\"og:image:height\" content=\"1678\" \/>\n\t<meta property=\"og:image:type\" content=\"image\/jpeg\" \/>\n<meta name=\"author\" content=\"Niklas Fors\u00e9n\" \/>\n<meta name=\"twitter:card\" content=\"summary_large_image\" \/>\n<meta name=\"twitter:label1\" content=\"Skriven av\" \/>\n\t<meta name=\"twitter:data1\" content=\"Niklas Fors\u00e9n\" \/>\n\t<meta name=\"twitter:label2\" content=\"Ber\u00e4knad l\u00e4stid\" \/>\n\t<meta name=\"twitter:data2\" content=\"4 minuter\" \/>\n<script type=\"application\/ld+json\" class=\"yoast-schema-graph\">{\"@context\":\"https:\/\/schema.org\",\"@graph\":[{\"@type\":\"Article\",\"@id\":\"https:\/\/portugalagent.com\/sv\/nyhetsbrev-november\/#article\",\"isPartOf\":{\"@id\":\"https:\/\/portugalagent.com\/sv\/nyhetsbrev-november\/\"},\"author\":{\"name\":\"Niklas Fors\u00e9n\",\"@id\":\"https:\/\/portugalagent.com\/sv\/#\/schema\/person\/916dd45acb1ec87bc80bc43ca8907acd\"},\"headline\":\"Nyhetsbrev november\",\"datePublished\":\"2016-11-12T00:00:00+00:00\",\"dateModified\":\"2020-04-12T19:48:49+00:00\",\"mainEntityOfPage\":{\"@id\":\"https:\/\/portugalagent.com\/sv\/nyhetsbrev-november\/\"},\"wordCount\":901,\"commentCount\":0,\"publisher\":{\"@id\":\"https:\/\/portugalagent.com\/sv\/#organization\"},\"inLanguage\":\"sv-SE\",\"potentialAction\":[{\"@type\":\"CommentAction\",\"name\":\"Comment\",\"target\":[\"https:\/\/portugalagent.com\/sv\/nyhetsbrev-november\/#respond\"]}]},{\"@type\":\"WebPage\",\"@id\":\"https:\/\/portugalagent.com\/sv\/nyhetsbrev-november\/\",\"url\":\"https:\/\/portugalagent.com\/sv\/nyhetsbrev-november\/\",\"name\":\"Nyhetsbrev november - Portugal Agent\",\"isPartOf\":{\"@id\":\"https:\/\/portugalagent.com\/sv\/#website\"},\"datePublished\":\"2016-11-12T00:00:00+00:00\",\"dateModified\":\"2020-04-12T19:48:49+00:00\",\"breadcrumb\":{\"@id\":\"https:\/\/portugalagent.com\/sv\/nyhetsbrev-november\/#breadcrumb\"},\"inLanguage\":\"sv-SE\",\"potentialAction\":[{\"@type\":\"ReadAction\",\"target\":[\"https:\/\/portugalagent.com\/sv\/nyhetsbrev-november\/\"]}]},{\"@type\":\"BreadcrumbList\",\"@id\":\"https:\/\/portugalagent.com\/sv\/nyhetsbrev-november\/#breadcrumb\",\"itemListElement\":[{\"@type\":\"ListItem\",\"position\":1,\"name\":\"Home\",\"item\":\"https:\/\/portugalagent.com\/sv\/\"},{\"@type\":\"ListItem\",\"position\":2,\"name\":\"Nyhetsbrev november\"}]},{\"@type\":\"WebSite\",\"@id\":\"https:\/\/portugalagent.com\/sv\/#website\",\"url\":\"https:\/\/portugalagent.com\/sv\/\",\"name\":\"Portugal Agent\",\"description\":\"\",\"publisher\":{\"@id\":\"https:\/\/portugalagent.com\/sv\/#organization\"},\"potentialAction\":[{\"@type\":\"SearchAction\",\"target\":{\"@type\":\"EntryPoint\",\"urlTemplate\":\"https:\/\/portugalagent.com\/sv\/?s={search_term_string}\"},\"query-input\":\"required name=search_term_string\"}],\"inLanguage\":\"sv-SE\"},{\"@type\":\"Organization\",\"@id\":\"https:\/\/portugalagent.com\/sv\/#organization\",\"name\":\"Portugal Agent\",\"url\":\"https:\/\/portugalagent.com\/sv\/\",\"logo\":{\"@type\":\"ImageObject\",\"inLanguage\":\"sv-SE\",\"@id\":\"https:\/\/portugalagent.com\/sv\/#\/schema\/logo\/image\/\",\"url\":\"https:\/\/portugalagent.com\/wp-content\/uploads\/2020\/11\/portugalagent.svg\",\"contentUrl\":\"https:\/\/portugalagent.com\/wp-content\/uploads\/2020\/11\/portugalagent.svg\",\"caption\":\"Portugal Agent\"},\"image\":{\"@id\":\"https:\/\/portugalagent.com\/sv\/#\/schema\/logo\/image\/\"}},{\"@type\":\"Person\",\"@id\":\"https:\/\/portugalagent.com\/sv\/#\/schema\/person\/916dd45acb1ec87bc80bc43ca8907acd\",\"name\":\"Niklas Fors\u00e9n\",\"image\":{\"@type\":\"ImageObject\",\"inLanguage\":\"sv-SE\",\"@id\":\"https:\/\/portugalagent.com\/sv\/#\/schema\/person\/image\/\",\"url\":\"https:\/\/secure.gravatar.com\/avatar\/663013df21d0d1921019a9add374baaa?s=96&d=mm&r=g\",\"contentUrl\":\"https:\/\/secure.gravatar.com\/avatar\/663013df21d0d1921019a9add374baaa?s=96&d=mm&r=g\",\"caption\":\"Niklas Fors\u00e9n\"},\"url\":\"https:\/\/portugalagent.com\/sv\/author\/niklasportugalagent-com\/\"}]}<\/script>\n<!-- \/ Yoast SEO plugin. -->","yoast_head_json":{"title":"Nyhetsbrev november - Portugal Agent","robots":{"index":"index","follow":"follow","max-snippet":"max-snippet:-1","max-image-preview":"max-image-preview:large","max-video-preview":"max-video-preview:-1"},"canonical":"https:\/\/portugalagent.com\/sv\/nyhetsbrev-november\/","og_locale":"sv_SE","og_type":"article","og_title":"Nyhetsbrev november - Portugal Agent","og_description":"Nyhetsbrev nr 4 fr\u00e5n Portugalagent. 2016-11-02 Snart \u00e4r det vinter \u2013 d\u00e5 skiner solen fortfarande p\u00e5 Silverkusten! I dag, redan andra november, faller den f\u00f6rsta bl\u00f6tsn\u00f6n h\u00e4r i Stockholm. D\u00e5 \u00e4r det sk\u00f6nt att veta att Nazar\u00e9 och Silverkusten fortfarande har \u00f6ver 20 grader varmt och mycket ljusare och l\u00e4ngre dagar \u00e4n vi har i [&hellip;]","og_url":"https:\/\/portugalagent.com\/sv\/nyhetsbrev-november\/","og_site_name":"Portugal Agent","article_published_time":"2016-11-12T00:00:00+00:00","article_modified_time":"2020-04-12T19:48:49+00:00","og_image":[{"width":2048,"height":1678,"url":"https:\/\/portugalagent.com\/wp-content\/uploads\/2020\/04\/FB-omslag-A-16.jpg","type":"image\/jpeg"}],"author":"Niklas Fors\u00e9n","twitter_card":"summary_large_image","twitter_misc":{"Skriven av":"Niklas Fors\u00e9n","Ber\u00e4knad l\u00e4stid":"4 minuter"},"schema":{"@context":"https:\/\/schema.org","@graph":[{"@type":"Article","@id":"https:\/\/portugalagent.com\/sv\/nyhetsbrev-november\/#article","isPartOf":{"@id":"https:\/\/portugalagent.com\/sv\/nyhetsbrev-november\/"},"author":{"name":"Niklas Fors\u00e9n","@id":"https:\/\/portugalagent.com\/sv\/#\/schema\/person\/916dd45acb1ec87bc80bc43ca8907acd"},"headline":"Nyhetsbrev november","datePublished":"2016-11-12T00:00:00+00:00","dateModified":"2020-04-12T19:48:49+00:00","mainEntityOfPage":{"@id":"https:\/\/portugalagent.com\/sv\/nyhetsbrev-november\/"},"wordCount":901,"commentCount":0,"publisher":{"@id":"https:\/\/portugalagent.com\/sv\/#organization"},"inLanguage":"sv-SE","potentialAction":[{"@type":"CommentAction","name":"Comment","target":["https:\/\/portugalagent.com\/sv\/nyhetsbrev-november\/#respond"]}]},{"@type":"WebPage","@id":"https:\/\/portugalagent.com\/sv\/nyhetsbrev-november\/","url":"https:\/\/portugalagent.com\/sv\/nyhetsbrev-november\/","name":"Nyhetsbrev november - Portugal Agent","isPartOf":{"@id":"https:\/\/portugalagent.com\/sv\/#website"},"datePublished":"2016-11-12T00:00:00+00:00","dateModified":"2020-04-12T19:48:49+00:00","breadcrumb":{"@id":"https:\/\/portugalagent.com\/sv\/nyhetsbrev-november\/#breadcrumb"},"inLanguage":"sv-SE","potentialAction":[{"@type":"ReadAction","target":["https:\/\/portugalagent.com\/sv\/nyhetsbrev-november\/"]}]},{"@type":"BreadcrumbList","@id":"https:\/\/portugalagent.com\/sv\/nyhetsbrev-november\/#breadcrumb","itemListElement":[{"@type":"ListItem","position":1,"name":"Home","item":"https:\/\/portugalagent.com\/sv\/"},{"@type":"ListItem","position":2,"name":"Nyhetsbrev november"}]},{"@type":"WebSite","@id":"https:\/\/portugalagent.com\/sv\/#website","url":"https:\/\/portugalagent.com\/sv\/","name":"Portugal Agent","description":"","publisher":{"@id":"https:\/\/portugalagent.com\/sv\/#organization"},"potentialAction":[{"@type":"SearchAction","target":{"@type":"EntryPoint","urlTemplate":"https:\/\/portugalagent.com\/sv\/?s={search_term_string}"},"query-input":"required name=search_term_string"}],"inLanguage":"sv-SE"},{"@type":"Organization","@id":"https:\/\/portugalagent.com\/sv\/#organization","name":"Portugal Agent","url":"https:\/\/portugalagent.com\/sv\/","logo":{"@type":"ImageObject","inLanguage":"sv-SE","@id":"https:\/\/portugalagent.com\/sv\/#\/schema\/logo\/image\/","url":"https:\/\/portugalagent.com\/wp-content\/uploads\/2020\/11\/portugalagent.svg","contentUrl":"https:\/\/portugalagent.com\/wp-content\/uploads\/2020\/11\/portugalagent.svg","caption":"Portugal Agent"},"image":{"@id":"https:\/\/portugalagent.com\/sv\/#\/schema\/logo\/image\/"}},{"@type":"Person","@id":"https:\/\/portugalagent.com\/sv\/#\/schema\/person\/916dd45acb1ec87bc80bc43ca8907acd","name":"Niklas Fors\u00e9n","image":{"@type":"ImageObject","inLanguage":"sv-SE","@id":"https:\/\/portugalagent.com\/sv\/#\/schema\/person\/image\/","url":"https:\/\/secure.gravatar.com\/avatar\/663013df21d0d1921019a9add374baaa?s=96&d=mm&r=g","contentUrl":"https:\/\/secure.gravatar.com\/avatar\/663013df21d0d1921019a9add374baaa?s=96&d=mm&r=g","caption":"Niklas Fors\u00e9n"},"url":"https:\/\/portugalagent.com\/sv\/author\/niklasportugalagent-com\/"}]}},"_links":{"self":[{"href":"https:\/\/portugalagent.com\/sv\/wp-json\/wp\/v2\/posts\/53684"}],"collection":[{"href":"https:\/\/portugalagent.com\/sv\/wp-json\/wp\/v2\/posts"}],"about":[{"href":"https:\/\/portugalagent.com\/sv\/wp-json\/wp\/v2\/types\/post"}],"author":[{"embeddable":true,"href":"https:\/\/portugalagent.com\/sv\/wp-json\/wp\/v2\/users\/2"}],"replies":[{"embeddable":true,"href":"https:\/\/portugalagent.com\/sv\/wp-json\/wp\/v2\/comments?post=53684"}],"version-history":[{"count":1,"href":"https:\/\/portugalagent.com\/sv\/wp-json\/wp\/v2\/posts\/53684\/revisions"}],"predecessor-version":[{"id":53841,"href":"https:\/\/portugalagent.com\/sv\/wp-json\/wp\/v2\/posts\/53684\/revisions\/53841"}],"wp:featuredmedia":[{"embeddable":true,"href":"https:\/\/portugalagent.com\/sv\/wp-json\/wp\/v2\/media\/50070"}],"wp:attachment":[{"href":"https:\/\/portugalagent.com\/sv\/wp-json\/wp\/v2\/media?parent=53684"}],"wp:term":[{"taxonomy":"category","embeddable":true,"href":"https:\/\/portugalagent.com\/sv\/wp-json\/wp\/v2\/categories?post=53684"},{"taxonomy":"post_tag","embeddable":true,"href":"https:\/\/portugalagent.com\/sv\/wp-json\/wp\/v2\/tags?post=53684"}],"curies":[{"name":"wp","href":"https:\/\/api.w.org\/{rel}","templated":true}]}}