{"id":53683,"date":"2016-11-15T00:00:00","date_gmt":"2016-11-15T00:00:00","guid":{"rendered":"https:\/\/portugalagent.com\/vara-maklare-pa-industribesok\/"},"modified":"2020-04-12T19:48:49","modified_gmt":"2020-04-12T19:48:49","slug":"vara-maklare-pa-industribesok","status":"publish","type":"post","link":"https:\/\/portugalagent.com\/sv\/vara-maklare-pa-industribesok\/","title":{"rendered":"V\u00e5ra m\u00e4klare p\u00e5 industribes\u00f6k"},"content":{"rendered":"<p>N\u00e4r vi \u00e4nd\u00e5 hade personer fr\u00e5n Imo Nazar\u00e9 och Presprop fr\u00e5n Portugal p\u00e5 plats i G\u00f6teborg tog vi chansen att utbyta erfarenheter fr\u00e5n svenska byggen och svensk produktion av bost\u00e4der. Calle Sj\u00f6berg fr\u00e5n <a href=\"http:\/\/www.lokallager.se\/\">Lokallager AB<\/a> \u00a0i Varberg tog sig tid att boka m\u00f6ten och visningar dels med fabrikschefen och produktionsledaren av prefab hus i Derome samt egna projekt med Lokallager.<\/p>\n<p><a href=\"http:\/\/www.derome.se\/\">Derome<\/a> g\u00f6r allt fr\u00e5n skog till f\u00e4rdigt hus. Deras anl\u00e4ggning i Derome utanf\u00f6r Varberg s\u00e5gar upp virket som beh\u00f6vs f\u00f6r en huskropp p\u00e5 helgen i treskift enligt en noggrann plan och l\u00e4gger allt, bit f\u00f6r bit, i r\u00e4tt ordning. P\u00e5 m\u00e5ndag morgon kan arbetet med att s\u00e4tta ihop takstolar, v\u00e4ggar och golv s\u00e4tta ig\u00e5ng. Redan i slutet av veckan kan f\u00e4rdiga v\u00e4ggar med isolering och f\u00f6nster levereras ut till bygget. Denna effektivitet imponerade p\u00e5 v\u00e5ra portugisiska partners och vi har mycket att l\u00e4ra av varandra.<\/p>\n<p>Derome ligger ocks\u00e5 bakom framg\u00e5ngarna med <a href=\"http:\/\/www.a-hus.se\/\">A-hus<\/a>.<\/p>\n<p>P\u00e5 plats fr\u00e5n oss p\u00e5 I<a href=\"http:\/\/www.imonazare.com\/\">mo Nazar\u00e9<\/a> och Portugalagent hade vi: <a href=\"http:\/\/imonazare.com\/contact\/\">Rita Brilhante, Renato Silva och Niklas Fors\u00e9n<\/a>. Fr\u00e5n <a href=\"http:\/\/www.portugal-construction.com\/\">Presprop<\/a> hade vi\u00a0<strong>Davide Patricio<\/strong> och <strong>Luis Cardoso.<\/strong><\/p>\n<p>P\u00e5 plats fr\u00e5n Lokallager var Calle Sj\u00f6berg som ocks\u00e5 hj\u00e4lpte oss att arrangera detta fina industribes\u00f6k.<\/p>\n<p>&nbsp;<\/p>\n","protected":false},"excerpt":{"rendered":"<p>N\u00e4r vi \u00e4nd\u00e5 hade personer fr\u00e5n Imo Nazar\u00e9 och Presprop fr\u00e5n Portugal p\u00e5 plats i G\u00f6teborg tog vi chansen att utbyta erfarenheter fr\u00e5n svenska byggen och svensk produktion av bost\u00e4der. Calle Sj\u00f6berg fr\u00e5n Lokallager AB \u00a0i Varberg tog sig tid att boka m\u00f6ten och visningar dels med fabrikschefen och produktionsledaren av prefab hus i Derome [&hellip;]<\/p>\n","protected":false},"author":2,"featured_media":50120,"comment_status":"open","ping_status":"open","sticky":false,"template":"","format":"standard","meta":{"om_disable_all_campaigns":false,"_monsterinsights_skip_tracking":false,"_monsterinsights_sitenote_active":false,"_monsterinsights_sitenote_note":"","_monsterinsights_sitenote_category":0},"categories":[],"tags":[],"aioseo_notices":[],"yoast_head":"<!-- This site is optimized with the Yoast SEO plugin v19.10 - https:\/\/yoast.com\/wordpress\/plugins\/seo\/ -->\n<title>V\u00e5ra m\u00e4klare p\u00e5 industribes\u00f6k - Portugal Agent<\/title>\n<meta name=\"robots\" content=\"index, follow, max-snippet:-1, max-image-preview:large, max-video-preview:-1\" \/>\n<link rel=\"canonical\" href=\"https:\/\/portugalagent.com\/sv\/vara-maklare-pa-industribesok\/\" \/>\n<meta property=\"og:locale\" content=\"sv_SE\" \/>\n<meta property=\"og:type\" content=\"article\" \/>\n<meta property=\"og:title\" content=\"V\u00e5ra m\u00e4klare p\u00e5 industribes\u00f6k - Portugal Agent\" \/>\n<meta property=\"og:description\" content=\"N\u00e4r vi \u00e4nd\u00e5 hade personer fr\u00e5n Imo Nazar\u00e9 och Presprop fr\u00e5n Portugal p\u00e5 plats i G\u00f6teborg tog vi chansen att utbyta erfarenheter fr\u00e5n svenska byggen och svensk produktion av bost\u00e4der. Calle Sj\u00f6berg fr\u00e5n Lokallager AB \u00a0i Varberg tog sig tid att boka m\u00f6ten och visningar dels med fabrikschefen och produktionsledaren av prefab hus i Derome [&hellip;]\" \/>\n<meta property=\"og:url\" content=\"https:\/\/portugalagent.com\/sv\/vara-maklare-pa-industribesok\/\" \/>\n<meta property=\"og:site_name\" content=\"Portugal Agent\" \/>\n<meta property=\"article:published_time\" content=\"2016-11-15T00:00:00+00:00\" \/>\n<meta property=\"article:modified_time\" content=\"2020-04-12T19:48:49+00:00\" \/>\n<meta property=\"og:image\" content=\"https:\/\/portugalagent.com\/wp-content\/uploads\/2020\/04\/IMG_1535NET.jpg\" \/>\n\t<meta property=\"og:image:width\" content=\"1487\" \/>\n\t<meta property=\"og:image:height\" content=\"1132\" \/>\n\t<meta property=\"og:image:type\" content=\"image\/jpeg\" \/>\n<meta name=\"author\" content=\"Niklas Fors\u00e9n\" \/>\n<meta name=\"twitter:card\" content=\"summary_large_image\" \/>\n<meta name=\"twitter:label1\" content=\"Skriven av\" \/>\n\t<meta name=\"twitter:data1\" content=\"Niklas Fors\u00e9n\" \/>\n\t<meta name=\"twitter:label2\" content=\"Ber\u00e4knad l\u00e4stid\" \/>\n\t<meta name=\"twitter:data2\" content=\"1 minut\" \/>\n<script type=\"application\/ld+json\" class=\"yoast-schema-graph\">{\"@context\":\"https:\/\/schema.org\",\"@graph\":[{\"@type\":\"Article\",\"@id\":\"https:\/\/portugalagent.com\/sv\/vara-maklare-pa-industribesok\/#article\",\"isPartOf\":{\"@id\":\"https:\/\/portugalagent.com\/sv\/vara-maklare-pa-industribesok\/\"},\"author\":{\"name\":\"Niklas Fors\u00e9n\",\"@id\":\"https:\/\/portugalagent.com\/sv\/#\/schema\/person\/916dd45acb1ec87bc80bc43ca8907acd\"},\"headline\":\"V\u00e5ra m\u00e4klare p\u00e5 industribes\u00f6k\",\"datePublished\":\"2016-11-15T00:00:00+00:00\",\"dateModified\":\"2020-04-12T19:48:49+00:00\",\"mainEntityOfPage\":{\"@id\":\"https:\/\/portugalagent.com\/sv\/vara-maklare-pa-industribesok\/\"},\"wordCount\":241,\"commentCount\":0,\"publisher\":{\"@id\":\"https:\/\/portugalagent.com\/sv\/#organization\"},\"inLanguage\":\"sv-SE\",\"potentialAction\":[{\"@type\":\"CommentAction\",\"name\":\"Comment\",\"target\":[\"https:\/\/portugalagent.com\/sv\/vara-maklare-pa-industribesok\/#respond\"]}]},{\"@type\":\"WebPage\",\"@id\":\"https:\/\/portugalagent.com\/sv\/vara-maklare-pa-industribesok\/\",\"url\":\"https:\/\/portugalagent.com\/sv\/vara-maklare-pa-industribesok\/\",\"name\":\"V\u00e5ra m\u00e4klare p\u00e5 industribes\u00f6k - Portugal Agent\",\"isPartOf\":{\"@id\":\"https:\/\/portugalagent.com\/sv\/#website\"},\"datePublished\":\"2016-11-15T00:00:00+00:00\",\"dateModified\":\"2020-04-12T19:48:49+00:00\",\"breadcrumb\":{\"@id\":\"https:\/\/portugalagent.com\/sv\/vara-maklare-pa-industribesok\/#breadcrumb\"},\"inLanguage\":\"sv-SE\",\"potentialAction\":[{\"@type\":\"ReadAction\",\"target\":[\"https:\/\/portugalagent.com\/sv\/vara-maklare-pa-industribesok\/\"]}]},{\"@type\":\"BreadcrumbList\",\"@id\":\"https:\/\/portugalagent.com\/sv\/vara-maklare-pa-industribesok\/#breadcrumb\",\"itemListElement\":[{\"@type\":\"ListItem\",\"position\":1,\"name\":\"Home\",\"item\":\"https:\/\/portugalagent.com\/sv\/\"},{\"@type\":\"ListItem\",\"position\":2,\"name\":\"V\u00e5ra m\u00e4klare p\u00e5 industribes\u00f6k\"}]},{\"@type\":\"WebSite\",\"@id\":\"https:\/\/portugalagent.com\/sv\/#website\",\"url\":\"https:\/\/portugalagent.com\/sv\/\",\"name\":\"Portugal Agent\",\"description\":\"\",\"publisher\":{\"@id\":\"https:\/\/portugalagent.com\/sv\/#organization\"},\"potentialAction\":[{\"@type\":\"SearchAction\",\"target\":{\"@type\":\"EntryPoint\",\"urlTemplate\":\"https:\/\/portugalagent.com\/sv\/?s={search_term_string}\"},\"query-input\":\"required name=search_term_string\"}],\"inLanguage\":\"sv-SE\"},{\"@type\":\"Organization\",\"@id\":\"https:\/\/portugalagent.com\/sv\/#organization\",\"name\":\"Portugal Agent\",\"url\":\"https:\/\/portugalagent.com\/sv\/\",\"logo\":{\"@type\":\"ImageObject\",\"inLanguage\":\"sv-SE\",\"@id\":\"https:\/\/portugalagent.com\/sv\/#\/schema\/logo\/image\/\",\"url\":\"https:\/\/portugalagent.com\/wp-content\/uploads\/2020\/11\/portugalagent.svg\",\"contentUrl\":\"https:\/\/portugalagent.com\/wp-content\/uploads\/2020\/11\/portugalagent.svg\",\"caption\":\"Portugal Agent\"},\"image\":{\"@id\":\"https:\/\/portugalagent.com\/sv\/#\/schema\/logo\/image\/\"}},{\"@type\":\"Person\",\"@id\":\"https:\/\/portugalagent.com\/sv\/#\/schema\/person\/916dd45acb1ec87bc80bc43ca8907acd\",\"name\":\"Niklas Fors\u00e9n\",\"image\":{\"@type\":\"ImageObject\",\"inLanguage\":\"sv-SE\",\"@id\":\"https:\/\/portugalagent.com\/sv\/#\/schema\/person\/image\/\",\"url\":\"https:\/\/secure.gravatar.com\/avatar\/663013df21d0d1921019a9add374baaa?s=96&d=mm&r=g\",\"contentUrl\":\"https:\/\/secure.gravatar.com\/avatar\/663013df21d0d1921019a9add374baaa?s=96&d=mm&r=g\",\"caption\":\"Niklas Fors\u00e9n\"},\"url\":\"https:\/\/portugalagent.com\/sv\/author\/niklasportugalagent-com\/\"}]}<\/script>\n<!-- \/ Yoast SEO plugin. -->","yoast_head_json":{"title":"V\u00e5ra m\u00e4klare p\u00e5 industribes\u00f6k - Portugal Agent","robots":{"index":"index","follow":"follow","max-snippet":"max-snippet:-1","max-image-preview":"max-image-preview:large","max-video-preview":"max-video-preview:-1"},"canonical":"https:\/\/portugalagent.com\/sv\/vara-maklare-pa-industribesok\/","og_locale":"sv_SE","og_type":"article","og_title":"V\u00e5ra m\u00e4klare p\u00e5 industribes\u00f6k - Portugal Agent","og_description":"N\u00e4r vi \u00e4nd\u00e5 hade personer fr\u00e5n Imo Nazar\u00e9 och Presprop fr\u00e5n Portugal p\u00e5 plats i G\u00f6teborg tog vi chansen att utbyta erfarenheter fr\u00e5n svenska byggen och svensk produktion av bost\u00e4der. Calle Sj\u00f6berg fr\u00e5n Lokallager AB \u00a0i Varberg tog sig tid att boka m\u00f6ten och visningar dels med fabrikschefen och produktionsledaren av prefab hus i Derome [&hellip;]","og_url":"https:\/\/portugalagent.com\/sv\/vara-maklare-pa-industribesok\/","og_site_name":"Portugal Agent","article_published_time":"2016-11-15T00:00:00+00:00","article_modified_time":"2020-04-12T19:48:49+00:00","og_image":[{"width":1487,"height":1132,"url":"https:\/\/portugalagent.com\/wp-content\/uploads\/2020\/04\/IMG_1535NET.jpg","type":"image\/jpeg"}],"author":"Niklas Fors\u00e9n","twitter_card":"summary_large_image","twitter_misc":{"Skriven av":"Niklas Fors\u00e9n","Ber\u00e4knad l\u00e4stid":"1 minut"},"schema":{"@context":"https:\/\/schema.org","@graph":[{"@type":"Article","@id":"https:\/\/portugalagent.com\/sv\/vara-maklare-pa-industribesok\/#article","isPartOf":{"@id":"https:\/\/portugalagent.com\/sv\/vara-maklare-pa-industribesok\/"},"author":{"name":"Niklas Fors\u00e9n","@id":"https:\/\/portugalagent.com\/sv\/#\/schema\/person\/916dd45acb1ec87bc80bc43ca8907acd"},"headline":"V\u00e5ra m\u00e4klare p\u00e5 industribes\u00f6k","datePublished":"2016-11-15T00:00:00+00:00","dateModified":"2020-04-12T19:48:49+00:00","mainEntityOfPage":{"@id":"https:\/\/portugalagent.com\/sv\/vara-maklare-pa-industribesok\/"},"wordCount":241,"commentCount":0,"publisher":{"@id":"https:\/\/portugalagent.com\/sv\/#organization"},"inLanguage":"sv-SE","potentialAction":[{"@type":"CommentAction","name":"Comment","target":["https:\/\/portugalagent.com\/sv\/vara-maklare-pa-industribesok\/#respond"]}]},{"@type":"WebPage","@id":"https:\/\/portugalagent.com\/sv\/vara-maklare-pa-industribesok\/","url":"https:\/\/portugalagent.com\/sv\/vara-maklare-pa-industribesok\/","name":"V\u00e5ra m\u00e4klare p\u00e5 industribes\u00f6k - Portugal Agent","isPartOf":{"@id":"https:\/\/portugalagent.com\/sv\/#website"},"datePublished":"2016-11-15T00:00:00+00:00","dateModified":"2020-04-12T19:48:49+00:00","breadcrumb":{"@id":"https:\/\/portugalagent.com\/sv\/vara-maklare-pa-industribesok\/#breadcrumb"},"inLanguage":"sv-SE","potentialAction":[{"@type":"ReadAction","target":["https:\/\/portugalagent.com\/sv\/vara-maklare-pa-industribesok\/"]}]},{"@type":"BreadcrumbList","@id":"https:\/\/portugalagent.com\/sv\/vara-maklare-pa-industribesok\/#breadcrumb","itemListElement":[{"@type":"ListItem","position":1,"name":"Home","item":"https:\/\/portugalagent.com\/sv\/"},{"@type":"ListItem","position":2,"name":"V\u00e5ra m\u00e4klare p\u00e5 industribes\u00f6k"}]},{"@type":"WebSite","@id":"https:\/\/portugalagent.com\/sv\/#website","url":"https:\/\/portugalagent.com\/sv\/","name":"Portugal Agent","description":"","publisher":{"@id":"https:\/\/portugalagent.com\/sv\/#organization"},"potentialAction":[{"@type":"SearchAction","target":{"@type":"EntryPoint","urlTemplate":"https:\/\/portugalagent.com\/sv\/?s={search_term_string}"},"query-input":"required name=search_term_string"}],"inLanguage":"sv-SE"},{"@type":"Organization","@id":"https:\/\/portugalagent.com\/sv\/#organization","name":"Portugal Agent","url":"https:\/\/portugalagent.com\/sv\/","logo":{"@type":"ImageObject","inLanguage":"sv-SE","@id":"https:\/\/portugalagent.com\/sv\/#\/schema\/logo\/image\/","url":"https:\/\/portugalagent.com\/wp-content\/uploads\/2020\/11\/portugalagent.svg","contentUrl":"https:\/\/portugalagent.com\/wp-content\/uploads\/2020\/11\/portugalagent.svg","caption":"Portugal Agent"},"image":{"@id":"https:\/\/portugalagent.com\/sv\/#\/schema\/logo\/image\/"}},{"@type":"Person","@id":"https:\/\/portugalagent.com\/sv\/#\/schema\/person\/916dd45acb1ec87bc80bc43ca8907acd","name":"Niklas Fors\u00e9n","image":{"@type":"ImageObject","inLanguage":"sv-SE","@id":"https:\/\/portugalagent.com\/sv\/#\/schema\/person\/image\/","url":"https:\/\/secure.gravatar.com\/avatar\/663013df21d0d1921019a9add374baaa?s=96&d=mm&r=g","contentUrl":"https:\/\/secure.gravatar.com\/avatar\/663013df21d0d1921019a9add374baaa?s=96&d=mm&r=g","caption":"Niklas Fors\u00e9n"},"url":"https:\/\/portugalagent.com\/sv\/author\/niklasportugalagent-com\/"}]}},"_links":{"self":[{"href":"https:\/\/portugalagent.com\/sv\/wp-json\/wp\/v2\/posts\/53683"}],"collection":[{"href":"https:\/\/portugalagent.com\/sv\/wp-json\/wp\/v2\/posts"}],"about":[{"href":"https:\/\/portugalagent.com\/sv\/wp-json\/wp\/v2\/types\/post"}],"author":[{"embeddable":true,"href":"https:\/\/portugalagent.com\/sv\/wp-json\/wp\/v2\/users\/2"}],"replies":[{"embeddable":true,"href":"https:\/\/portugalagent.com\/sv\/wp-json\/wp\/v2\/comments?post=53683"}],"version-history":[{"count":1,"href":"https:\/\/portugalagent.com\/sv\/wp-json\/wp\/v2\/posts\/53683\/revisions"}],"predecessor-version":[{"id":53839,"href":"https:\/\/portugalagent.com\/sv\/wp-json\/wp\/v2\/posts\/53683\/revisions\/53839"}],"wp:featuredmedia":[{"embeddable":true,"href":"https:\/\/portugalagent.com\/sv\/wp-json\/wp\/v2\/media\/50120"}],"wp:attachment":[{"href":"https:\/\/portugalagent.com\/sv\/wp-json\/wp\/v2\/media?parent=53683"}],"wp:term":[{"taxonomy":"category","embeddable":true,"href":"https:\/\/portugalagent.com\/sv\/wp-json\/wp\/v2\/categories?post=53683"},{"taxonomy":"post_tag","embeddable":true,"href":"https:\/\/portugalagent.com\/sv\/wp-json\/wp\/v2\/tags?post=53683"}],"curies":[{"name":"wp","href":"https:\/\/api.w.org\/{rel}","templated":true}]}}