{"id":53676,"date":"2017-01-04T00:00:00","date_gmt":"2017-01-04T00:00:00","guid":{"rendered":"https:\/\/portugalagent.com\/flytt-och-pension-i-portugal\/"},"modified":"2020-04-12T19:48:49","modified_gmt":"2020-04-12T19:48:49","slug":"flytt-och-pension-i-portugal","status":"publish","type":"post","link":"https:\/\/portugalagent.com\/sv\/flytt-och-pension-i-portugal\/","title":{"rendered":"Flytt och pension i Portugal"},"content":{"rendered":"<p>Portugalagent och Imo Nazar\u00e9 har inlett ett samarbete med Karl-Olof \u00d6hrn (Kalle) och <a href=\"https:\/\/pensioneringiportugal.com\/\">\u201dPensionering i Portugal\u201d<\/a>.<\/p>\n<p>Kalle har sj\u00e4lv flyttat till Lissabon 2014 och har ett f\u00f6rflutet som revisor, partner och konsult i PWC i Sverige. P\u00e5 plats i Portugal kan han hj\u00e4lpa till med allt som har med den svenska delen av din utflyttning fr\u00e5n Sverige att g\u00f6ra \u2013 till helt andra kostnader \u00e4n vad m\u00e5nga svenska konsulter beh\u00f6ver debitera f\u00f6r samma tj\u00e4nster. Dessutom har han ett n\u00e4ra samarbete med r\u00e5dgivare och jurister i Portugal som bist\u00e5r med adekvat r\u00e5dgivning vad g\u00e4ller NHR-status och inflyttning till Portugal.<\/p>\n<p>Karl-Olof kommer \u00e4ven medverka p\u00e5 seminarier likt detta under v\u00e5ra visningsresor till Portugal, Silverkusten och Nazar\u00e9 under v\u00e5ren 2017. Om du \u00e4r intresserad av att vara med d\u00e5: H\u00f6r av dig i god tid till Niklas Fors\u00e9n\/Portugalagent.<br \/>\nV\u00e5rens visningsresor till Portugal: <a href=\"https:\/\/portugalagent.com\/sv\/?p=304\">Visningsresor v\u00e5ren 2017<\/a><\/p>\n<p>Kalles f\u00f6rdelar kan sammanfattas s\u00e5 h\u00e4r:<\/p>\n<ul>\n<li>\n<h5>Har egen aktuell erfarenhet av att flytta till Portugal fr\u00e5n Sverige<\/h5>\n<\/li>\n<li>\n<h5>F\u00f6ljer kunden fr\u00e5n start till m\u00e5l, genom egna tj\u00e4nster och sina samarbetspartners h\u00e4r.<\/h5>\n<\/li>\n<li>\n<h5>Har inga anst\u00e4llda. Kunderna f\u00e5r alltid prata med Kalle personligen.<\/h5>\n<\/li>\n<li>\n<h5>God kunskap genom sin tidigare verksamhet som revisor och konsult d\u00e4r Kalle har stor vana vid kontakter med myndigheter i Sverige i fr\u00e5gor om vad en utflyttning fr\u00e5n Sverige inneb\u00e4r.<\/h5>\n<\/li>\n<\/ul>\n","protected":false},"excerpt":{"rendered":"<p>Portugalagent och Imo Nazar\u00e9 har inlett ett samarbete med Karl-Olof \u00d6hrn (Kalle) och \u201dPensionering i Portugal\u201d. Kalle har sj\u00e4lv flyttat till Lissabon 2014 och har ett f\u00f6rflutet som revisor, partner och konsult i PWC i Sverige. P\u00e5 plats i Portugal kan han hj\u00e4lpa till med allt som har med den svenska delen av din utflyttning [&hellip;]<\/p>\n","protected":false},"author":2,"featured_media":50555,"comment_status":"open","ping_status":"open","sticky":false,"template":"","format":"standard","meta":{"om_disable_all_campaigns":false,"_monsterinsights_skip_tracking":false,"_monsterinsights_sitenote_active":false,"_monsterinsights_sitenote_note":"","_monsterinsights_sitenote_category":0},"categories":[],"tags":[],"aioseo_notices":[],"yoast_head":"<!-- This site is optimized with the Yoast SEO plugin v19.10 - https:\/\/yoast.com\/wordpress\/plugins\/seo\/ -->\n<title>Flytt och pension i Portugal - Portugal Agent<\/title>\n<meta name=\"robots\" content=\"index, follow, max-snippet:-1, max-image-preview:large, max-video-preview:-1\" \/>\n<link rel=\"canonical\" href=\"https:\/\/portugalagent.com\/sv\/flytt-och-pension-i-portugal\/\" \/>\n<meta property=\"og:locale\" content=\"sv_SE\" \/>\n<meta property=\"og:type\" content=\"article\" \/>\n<meta property=\"og:title\" content=\"Flytt och pension i Portugal - Portugal Agent\" \/>\n<meta property=\"og:description\" content=\"Portugalagent och Imo Nazar\u00e9 har inlett ett samarbete med Karl-Olof \u00d6hrn (Kalle) och \u201dPensionering i Portugal\u201d. Kalle har sj\u00e4lv flyttat till Lissabon 2014 och har ett f\u00f6rflutet som revisor, partner och konsult i PWC i Sverige. P\u00e5 plats i Portugal kan han hj\u00e4lpa till med allt som har med den svenska delen av din utflyttning [&hellip;]\" \/>\n<meta property=\"og:url\" content=\"https:\/\/portugalagent.com\/sv\/flytt-och-pension-i-portugal\/\" \/>\n<meta property=\"og:site_name\" content=\"Portugal Agent\" \/>\n<meta property=\"article:published_time\" content=\"2017-01-04T00:00:00+00:00\" \/>\n<meta property=\"article:modified_time\" content=\"2020-04-12T19:48:49+00:00\" \/>\n<meta property=\"og:image\" content=\"https:\/\/portugalagent.com\/wp-content\/uploads\/2020\/04\/IMG_2318NET.jpg\" \/>\n\t<meta property=\"og:image:width\" content=\"1450\" \/>\n\t<meta property=\"og:image:height\" content=\"1088\" \/>\n\t<meta property=\"og:image:type\" content=\"image\/jpeg\" \/>\n<meta name=\"author\" content=\"Niklas Fors\u00e9n\" \/>\n<meta name=\"twitter:card\" content=\"summary_large_image\" \/>\n<meta name=\"twitter:label1\" content=\"Skriven av\" \/>\n\t<meta name=\"twitter:data1\" content=\"Niklas Fors\u00e9n\" \/>\n\t<meta name=\"twitter:label2\" content=\"Ber\u00e4knad l\u00e4stid\" \/>\n\t<meta name=\"twitter:data2\" content=\"1 minut\" \/>\n<script type=\"application\/ld+json\" class=\"yoast-schema-graph\">{\"@context\":\"https:\/\/schema.org\",\"@graph\":[{\"@type\":\"Article\",\"@id\":\"https:\/\/portugalagent.com\/sv\/flytt-och-pension-i-portugal\/#article\",\"isPartOf\":{\"@id\":\"https:\/\/portugalagent.com\/sv\/flytt-och-pension-i-portugal\/\"},\"author\":{\"name\":\"Niklas Fors\u00e9n\",\"@id\":\"https:\/\/portugalagent.com\/sv\/#\/schema\/person\/916dd45acb1ec87bc80bc43ca8907acd\"},\"headline\":\"Flytt och pension i Portugal\",\"datePublished\":\"2017-01-04T00:00:00+00:00\",\"dateModified\":\"2020-04-12T19:48:49+00:00\",\"mainEntityOfPage\":{\"@id\":\"https:\/\/portugalagent.com\/sv\/flytt-och-pension-i-portugal\/\"},\"wordCount\":248,\"commentCount\":0,\"publisher\":{\"@id\":\"https:\/\/portugalagent.com\/sv\/#organization\"},\"inLanguage\":\"sv-SE\",\"potentialAction\":[{\"@type\":\"CommentAction\",\"name\":\"Comment\",\"target\":[\"https:\/\/portugalagent.com\/sv\/flytt-och-pension-i-portugal\/#respond\"]}]},{\"@type\":\"WebPage\",\"@id\":\"https:\/\/portugalagent.com\/sv\/flytt-och-pension-i-portugal\/\",\"url\":\"https:\/\/portugalagent.com\/sv\/flytt-och-pension-i-portugal\/\",\"name\":\"Flytt och pension i Portugal - Portugal Agent\",\"isPartOf\":{\"@id\":\"https:\/\/portugalagent.com\/sv\/#website\"},\"datePublished\":\"2017-01-04T00:00:00+00:00\",\"dateModified\":\"2020-04-12T19:48:49+00:00\",\"breadcrumb\":{\"@id\":\"https:\/\/portugalagent.com\/sv\/flytt-och-pension-i-portugal\/#breadcrumb\"},\"inLanguage\":\"sv-SE\",\"potentialAction\":[{\"@type\":\"ReadAction\",\"target\":[\"https:\/\/portugalagent.com\/sv\/flytt-och-pension-i-portugal\/\"]}]},{\"@type\":\"BreadcrumbList\",\"@id\":\"https:\/\/portugalagent.com\/sv\/flytt-och-pension-i-portugal\/#breadcrumb\",\"itemListElement\":[{\"@type\":\"ListItem\",\"position\":1,\"name\":\"Home\",\"item\":\"https:\/\/portugalagent.com\/sv\/\"},{\"@type\":\"ListItem\",\"position\":2,\"name\":\"Flytt och pension i Portugal\"}]},{\"@type\":\"WebSite\",\"@id\":\"https:\/\/portugalagent.com\/sv\/#website\",\"url\":\"https:\/\/portugalagent.com\/sv\/\",\"name\":\"Portugal Agent\",\"description\":\"\",\"publisher\":{\"@id\":\"https:\/\/portugalagent.com\/sv\/#organization\"},\"potentialAction\":[{\"@type\":\"SearchAction\",\"target\":{\"@type\":\"EntryPoint\",\"urlTemplate\":\"https:\/\/portugalagent.com\/sv\/?s={search_term_string}\"},\"query-input\":\"required name=search_term_string\"}],\"inLanguage\":\"sv-SE\"},{\"@type\":\"Organization\",\"@id\":\"https:\/\/portugalagent.com\/sv\/#organization\",\"name\":\"Portugal Agent\",\"url\":\"https:\/\/portugalagent.com\/sv\/\",\"logo\":{\"@type\":\"ImageObject\",\"inLanguage\":\"sv-SE\",\"@id\":\"https:\/\/portugalagent.com\/sv\/#\/schema\/logo\/image\/\",\"url\":\"https:\/\/portugalagent.com\/wp-content\/uploads\/2020\/11\/portugalagent.svg\",\"contentUrl\":\"https:\/\/portugalagent.com\/wp-content\/uploads\/2020\/11\/portugalagent.svg\",\"caption\":\"Portugal Agent\"},\"image\":{\"@id\":\"https:\/\/portugalagent.com\/sv\/#\/schema\/logo\/image\/\"}},{\"@type\":\"Person\",\"@id\":\"https:\/\/portugalagent.com\/sv\/#\/schema\/person\/916dd45acb1ec87bc80bc43ca8907acd\",\"name\":\"Niklas Fors\u00e9n\",\"image\":{\"@type\":\"ImageObject\",\"inLanguage\":\"sv-SE\",\"@id\":\"https:\/\/portugalagent.com\/sv\/#\/schema\/person\/image\/\",\"url\":\"https:\/\/secure.gravatar.com\/avatar\/663013df21d0d1921019a9add374baaa?s=96&d=mm&r=g\",\"contentUrl\":\"https:\/\/secure.gravatar.com\/avatar\/663013df21d0d1921019a9add374baaa?s=96&d=mm&r=g\",\"caption\":\"Niklas Fors\u00e9n\"},\"url\":\"https:\/\/portugalagent.com\/sv\/author\/niklasportugalagent-com\/\"}]}<\/script>\n<!-- \/ Yoast SEO plugin. -->","yoast_head_json":{"title":"Flytt och pension i Portugal - Portugal Agent","robots":{"index":"index","follow":"follow","max-snippet":"max-snippet:-1","max-image-preview":"max-image-preview:large","max-video-preview":"max-video-preview:-1"},"canonical":"https:\/\/portugalagent.com\/sv\/flytt-och-pension-i-portugal\/","og_locale":"sv_SE","og_type":"article","og_title":"Flytt och pension i Portugal - Portugal Agent","og_description":"Portugalagent och Imo Nazar\u00e9 har inlett ett samarbete med Karl-Olof \u00d6hrn (Kalle) och \u201dPensionering i Portugal\u201d. Kalle har sj\u00e4lv flyttat till Lissabon 2014 och har ett f\u00f6rflutet som revisor, partner och konsult i PWC i Sverige. P\u00e5 plats i Portugal kan han hj\u00e4lpa till med allt som har med den svenska delen av din utflyttning [&hellip;]","og_url":"https:\/\/portugalagent.com\/sv\/flytt-och-pension-i-portugal\/","og_site_name":"Portugal Agent","article_published_time":"2017-01-04T00:00:00+00:00","article_modified_time":"2020-04-12T19:48:49+00:00","og_image":[{"width":1450,"height":1088,"url":"https:\/\/portugalagent.com\/wp-content\/uploads\/2020\/04\/IMG_2318NET.jpg","type":"image\/jpeg"}],"author":"Niklas Fors\u00e9n","twitter_card":"summary_large_image","twitter_misc":{"Skriven av":"Niklas Fors\u00e9n","Ber\u00e4knad l\u00e4stid":"1 minut"},"schema":{"@context":"https:\/\/schema.org","@graph":[{"@type":"Article","@id":"https:\/\/portugalagent.com\/sv\/flytt-och-pension-i-portugal\/#article","isPartOf":{"@id":"https:\/\/portugalagent.com\/sv\/flytt-och-pension-i-portugal\/"},"author":{"name":"Niklas Fors\u00e9n","@id":"https:\/\/portugalagent.com\/sv\/#\/schema\/person\/916dd45acb1ec87bc80bc43ca8907acd"},"headline":"Flytt och pension i Portugal","datePublished":"2017-01-04T00:00:00+00:00","dateModified":"2020-04-12T19:48:49+00:00","mainEntityOfPage":{"@id":"https:\/\/portugalagent.com\/sv\/flytt-och-pension-i-portugal\/"},"wordCount":248,"commentCount":0,"publisher":{"@id":"https:\/\/portugalagent.com\/sv\/#organization"},"inLanguage":"sv-SE","potentialAction":[{"@type":"CommentAction","name":"Comment","target":["https:\/\/portugalagent.com\/sv\/flytt-och-pension-i-portugal\/#respond"]}]},{"@type":"WebPage","@id":"https:\/\/portugalagent.com\/sv\/flytt-och-pension-i-portugal\/","url":"https:\/\/portugalagent.com\/sv\/flytt-och-pension-i-portugal\/","name":"Flytt och pension i Portugal - Portugal Agent","isPartOf":{"@id":"https:\/\/portugalagent.com\/sv\/#website"},"datePublished":"2017-01-04T00:00:00+00:00","dateModified":"2020-04-12T19:48:49+00:00","breadcrumb":{"@id":"https:\/\/portugalagent.com\/sv\/flytt-och-pension-i-portugal\/#breadcrumb"},"inLanguage":"sv-SE","potentialAction":[{"@type":"ReadAction","target":["https:\/\/portugalagent.com\/sv\/flytt-och-pension-i-portugal\/"]}]},{"@type":"BreadcrumbList","@id":"https:\/\/portugalagent.com\/sv\/flytt-och-pension-i-portugal\/#breadcrumb","itemListElement":[{"@type":"ListItem","position":1,"name":"Home","item":"https:\/\/portugalagent.com\/sv\/"},{"@type":"ListItem","position":2,"name":"Flytt och pension i Portugal"}]},{"@type":"WebSite","@id":"https:\/\/portugalagent.com\/sv\/#website","url":"https:\/\/portugalagent.com\/sv\/","name":"Portugal Agent","description":"","publisher":{"@id":"https:\/\/portugalagent.com\/sv\/#organization"},"potentialAction":[{"@type":"SearchAction","target":{"@type":"EntryPoint","urlTemplate":"https:\/\/portugalagent.com\/sv\/?s={search_term_string}"},"query-input":"required name=search_term_string"}],"inLanguage":"sv-SE"},{"@type":"Organization","@id":"https:\/\/portugalagent.com\/sv\/#organization","name":"Portugal Agent","url":"https:\/\/portugalagent.com\/sv\/","logo":{"@type":"ImageObject","inLanguage":"sv-SE","@id":"https:\/\/portugalagent.com\/sv\/#\/schema\/logo\/image\/","url":"https:\/\/portugalagent.com\/wp-content\/uploads\/2020\/11\/portugalagent.svg","contentUrl":"https:\/\/portugalagent.com\/wp-content\/uploads\/2020\/11\/portugalagent.svg","caption":"Portugal Agent"},"image":{"@id":"https:\/\/portugalagent.com\/sv\/#\/schema\/logo\/image\/"}},{"@type":"Person","@id":"https:\/\/portugalagent.com\/sv\/#\/schema\/person\/916dd45acb1ec87bc80bc43ca8907acd","name":"Niklas Fors\u00e9n","image":{"@type":"ImageObject","inLanguage":"sv-SE","@id":"https:\/\/portugalagent.com\/sv\/#\/schema\/person\/image\/","url":"https:\/\/secure.gravatar.com\/avatar\/663013df21d0d1921019a9add374baaa?s=96&d=mm&r=g","contentUrl":"https:\/\/secure.gravatar.com\/avatar\/663013df21d0d1921019a9add374baaa?s=96&d=mm&r=g","caption":"Niklas Fors\u00e9n"},"url":"https:\/\/portugalagent.com\/sv\/author\/niklasportugalagent-com\/"}]}},"_links":{"self":[{"href":"https:\/\/portugalagent.com\/sv\/wp-json\/wp\/v2\/posts\/53676"}],"collection":[{"href":"https:\/\/portugalagent.com\/sv\/wp-json\/wp\/v2\/posts"}],"about":[{"href":"https:\/\/portugalagent.com\/sv\/wp-json\/wp\/v2\/types\/post"}],"author":[{"embeddable":true,"href":"https:\/\/portugalagent.com\/sv\/wp-json\/wp\/v2\/users\/2"}],"replies":[{"embeddable":true,"href":"https:\/\/portugalagent.com\/sv\/wp-json\/wp\/v2\/comments?post=53676"}],"version-history":[{"count":1,"href":"https:\/\/portugalagent.com\/sv\/wp-json\/wp\/v2\/posts\/53676\/revisions"}],"predecessor-version":[{"id":53833,"href":"https:\/\/portugalagent.com\/sv\/wp-json\/wp\/v2\/posts\/53676\/revisions\/53833"}],"wp:featuredmedia":[{"embeddable":true,"href":"https:\/\/portugalagent.com\/sv\/wp-json\/wp\/v2\/media\/50555"}],"wp:attachment":[{"href":"https:\/\/portugalagent.com\/sv\/wp-json\/wp\/v2\/media?parent=53676"}],"wp:term":[{"taxonomy":"category","embeddable":true,"href":"https:\/\/portugalagent.com\/sv\/wp-json\/wp\/v2\/categories?post=53676"},{"taxonomy":"post_tag","embeddable":true,"href":"https:\/\/portugalagent.com\/sv\/wp-json\/wp\/v2\/tags?post=53676"}],"curies":[{"name":"wp","href":"https:\/\/api.w.org\/{rel}","templated":true}]}}