{"id":53675,"date":"2017-01-08T00:00:00","date_gmt":"2017-01-08T00:00:00","guid":{"rendered":"https:\/\/portugalagent.com\/sondagscykling-pa-silverkusten-8-januari\/"},"modified":"2020-04-12T19:48:49","modified_gmt":"2020-04-12T19:48:49","slug":"sondagscykling-pa-silverkusten-8-januari","status":"publish","type":"post","link":"https:\/\/portugalagent.com\/sv\/sondagscykling-pa-silverkusten-8-januari\/","title":{"rendered":"S\u00f6ndagscykling p\u00e5 Silverkusten 8 januari"},"content":{"rendered":"<p>December 2016 och januari 2017 har varit mycket bra i Nazar\u00e9 och p\u00e5 hela Silverkusten. N\u00e4stan ingen vind, sol och runt 16 grader i skuggan. I solen \u00e4r det h\u00f6gsommarvarmt.<\/p>\n<p>S\u00f6ndagen 8 januari var inget undantag; ingen vind, inga moln och sm\u00e5 v\u00e5gor. D\u00e5 passar det bra med en mtb-runda!<br \/>\nVi tog cyklarna fr\u00e5n Sitio ner till Nazar\u00e9. Sedan via jordbrukslandskapet vid kusten s\u00f6derut till Salgado d\u00e4r vi v\u00e4nde nere vid stranden. Efter det samma v\u00e4g tillbaka mot Nazar\u00e9 och upp f\u00f6r grusbacken vid Alcoa-floden till Pederneira. Sedan hem till Sitio igen via Calhau. Hela rundan \u00e4r 27 km och med flera branta backar. En bra &#8221;lagomtur&#8221; s\u00e5 h\u00e4r p\u00e5 s\u00f6ndagen!<\/p>\n<p>Se mer i bilderna nedan.<\/p>\n<p>\u00c4r du mer intresserad av Silverkusten och Nazar\u00e9? Missa inte v\u00e5ra <a href=\"https:\/\/portugalagent.com\/sv\/?p=304\">visningsresor<\/a> i februari, april och maj!<\/p>\n<p>&nbsp;<\/p>\n","protected":false},"excerpt":{"rendered":"<p>December 2016 och januari 2017 har varit mycket bra i Nazar\u00e9 och p\u00e5 hela Silverkusten. N\u00e4stan ingen vind, sol och runt 16 grader i skuggan. I solen \u00e4r det h\u00f6gsommarvarmt. S\u00f6ndagen 8 januari var inget undantag; ingen vind, inga moln och sm\u00e5 v\u00e5gor. D\u00e5 passar det bra med en mtb-runda! Vi tog cyklarna fr\u00e5n Sitio [&hellip;]<\/p>\n","protected":false},"author":2,"featured_media":50568,"comment_status":"open","ping_status":"open","sticky":false,"template":"","format":"standard","meta":{"om_disable_all_campaigns":false,"_monsterinsights_skip_tracking":false,"_monsterinsights_sitenote_active":false,"_monsterinsights_sitenote_note":"","_monsterinsights_sitenote_category":0},"categories":[],"tags":[],"aioseo_notices":[],"yoast_head":"<!-- This site is optimized with the Yoast SEO plugin v19.10 - https:\/\/yoast.com\/wordpress\/plugins\/seo\/ -->\n<title>S\u00f6ndagscykling p\u00e5 Silverkusten 8 januari - Portugal Agent<\/title>\n<meta name=\"robots\" content=\"index, follow, max-snippet:-1, max-image-preview:large, max-video-preview:-1\" \/>\n<link rel=\"canonical\" href=\"https:\/\/portugalagent.com\/sv\/sondagscykling-pa-silverkusten-8-januari\/\" \/>\n<meta property=\"og:locale\" content=\"sv_SE\" \/>\n<meta property=\"og:type\" content=\"article\" \/>\n<meta property=\"og:title\" content=\"S\u00f6ndagscykling p\u00e5 Silverkusten 8 januari - Portugal Agent\" \/>\n<meta property=\"og:description\" content=\"December 2016 och januari 2017 har varit mycket bra i Nazar\u00e9 och p\u00e5 hela Silverkusten. N\u00e4stan ingen vind, sol och runt 16 grader i skuggan. I solen \u00e4r det h\u00f6gsommarvarmt. S\u00f6ndagen 8 januari var inget undantag; ingen vind, inga moln och sm\u00e5 v\u00e5gor. D\u00e5 passar det bra med en mtb-runda! Vi tog cyklarna fr\u00e5n Sitio [&hellip;]\" \/>\n<meta property=\"og:url\" content=\"https:\/\/portugalagent.com\/sv\/sondagscykling-pa-silverkusten-8-januari\/\" \/>\n<meta property=\"og:site_name\" content=\"Portugal Agent\" \/>\n<meta property=\"article:published_time\" content=\"2017-01-08T00:00:00+00:00\" \/>\n<meta property=\"article:modified_time\" content=\"2020-04-12T19:48:49+00:00\" \/>\n<meta property=\"og:image\" content=\"https:\/\/portugalagent.com\/wp-content\/uploads\/2020\/04\/IMG_2441.jpg\" \/>\n\t<meta property=\"og:image:width\" content=\"2048\" \/>\n\t<meta property=\"og:image:height\" content=\"1536\" \/>\n\t<meta property=\"og:image:type\" content=\"image\/jpeg\" \/>\n<meta name=\"author\" content=\"Niklas Fors\u00e9n\" \/>\n<meta name=\"twitter:card\" content=\"summary_large_image\" \/>\n<meta name=\"twitter:label1\" content=\"Skriven av\" \/>\n\t<meta name=\"twitter:data1\" content=\"Niklas Fors\u00e9n\" \/>\n\t<meta name=\"twitter:label2\" content=\"Ber\u00e4knad l\u00e4stid\" \/>\n\t<meta name=\"twitter:data2\" content=\"1 minut\" \/>\n<script type=\"application\/ld+json\" class=\"yoast-schema-graph\">{\"@context\":\"https:\/\/schema.org\",\"@graph\":[{\"@type\":\"Article\",\"@id\":\"https:\/\/portugalagent.com\/sv\/sondagscykling-pa-silverkusten-8-januari\/#article\",\"isPartOf\":{\"@id\":\"https:\/\/portugalagent.com\/sv\/sondagscykling-pa-silverkusten-8-januari\/\"},\"author\":{\"name\":\"Niklas Fors\u00e9n\",\"@id\":\"https:\/\/portugalagent.com\/sv\/#\/schema\/person\/916dd45acb1ec87bc80bc43ca8907acd\"},\"headline\":\"S\u00f6ndagscykling p\u00e5 Silverkusten 8 januari\",\"datePublished\":\"2017-01-08T00:00:00+00:00\",\"dateModified\":\"2020-04-12T19:48:49+00:00\",\"mainEntityOfPage\":{\"@id\":\"https:\/\/portugalagent.com\/sv\/sondagscykling-pa-silverkusten-8-januari\/\"},\"wordCount\":147,\"commentCount\":0,\"publisher\":{\"@id\":\"https:\/\/portugalagent.com\/sv\/#organization\"},\"inLanguage\":\"sv-SE\",\"potentialAction\":[{\"@type\":\"CommentAction\",\"name\":\"Comment\",\"target\":[\"https:\/\/portugalagent.com\/sv\/sondagscykling-pa-silverkusten-8-januari\/#respond\"]}]},{\"@type\":\"WebPage\",\"@id\":\"https:\/\/portugalagent.com\/sv\/sondagscykling-pa-silverkusten-8-januari\/\",\"url\":\"https:\/\/portugalagent.com\/sv\/sondagscykling-pa-silverkusten-8-januari\/\",\"name\":\"S\u00f6ndagscykling p\u00e5 Silverkusten 8 januari - Portugal Agent\",\"isPartOf\":{\"@id\":\"https:\/\/portugalagent.com\/sv\/#website\"},\"datePublished\":\"2017-01-08T00:00:00+00:00\",\"dateModified\":\"2020-04-12T19:48:49+00:00\",\"breadcrumb\":{\"@id\":\"https:\/\/portugalagent.com\/sv\/sondagscykling-pa-silverkusten-8-januari\/#breadcrumb\"},\"inLanguage\":\"sv-SE\",\"potentialAction\":[{\"@type\":\"ReadAction\",\"target\":[\"https:\/\/portugalagent.com\/sv\/sondagscykling-pa-silverkusten-8-januari\/\"]}]},{\"@type\":\"BreadcrumbList\",\"@id\":\"https:\/\/portugalagent.com\/sv\/sondagscykling-pa-silverkusten-8-januari\/#breadcrumb\",\"itemListElement\":[{\"@type\":\"ListItem\",\"position\":1,\"name\":\"Home\",\"item\":\"https:\/\/portugalagent.com\/sv\/\"},{\"@type\":\"ListItem\",\"position\":2,\"name\":\"S\u00f6ndagscykling p\u00e5 Silverkusten 8 januari\"}]},{\"@type\":\"WebSite\",\"@id\":\"https:\/\/portugalagent.com\/sv\/#website\",\"url\":\"https:\/\/portugalagent.com\/sv\/\",\"name\":\"Portugal Agent\",\"description\":\"\",\"publisher\":{\"@id\":\"https:\/\/portugalagent.com\/sv\/#organization\"},\"potentialAction\":[{\"@type\":\"SearchAction\",\"target\":{\"@type\":\"EntryPoint\",\"urlTemplate\":\"https:\/\/portugalagent.com\/sv\/?s={search_term_string}\"},\"query-input\":\"required name=search_term_string\"}],\"inLanguage\":\"sv-SE\"},{\"@type\":\"Organization\",\"@id\":\"https:\/\/portugalagent.com\/sv\/#organization\",\"name\":\"Portugal Agent\",\"url\":\"https:\/\/portugalagent.com\/sv\/\",\"logo\":{\"@type\":\"ImageObject\",\"inLanguage\":\"sv-SE\",\"@id\":\"https:\/\/portugalagent.com\/sv\/#\/schema\/logo\/image\/\",\"url\":\"https:\/\/portugalagent.com\/wp-content\/uploads\/2020\/11\/portugalagent.svg\",\"contentUrl\":\"https:\/\/portugalagent.com\/wp-content\/uploads\/2020\/11\/portugalagent.svg\",\"caption\":\"Portugal Agent\"},\"image\":{\"@id\":\"https:\/\/portugalagent.com\/sv\/#\/schema\/logo\/image\/\"}},{\"@type\":\"Person\",\"@id\":\"https:\/\/portugalagent.com\/sv\/#\/schema\/person\/916dd45acb1ec87bc80bc43ca8907acd\",\"name\":\"Niklas Fors\u00e9n\",\"image\":{\"@type\":\"ImageObject\",\"inLanguage\":\"sv-SE\",\"@id\":\"https:\/\/portugalagent.com\/sv\/#\/schema\/person\/image\/\",\"url\":\"https:\/\/secure.gravatar.com\/avatar\/663013df21d0d1921019a9add374baaa?s=96&d=mm&r=g\",\"contentUrl\":\"https:\/\/secure.gravatar.com\/avatar\/663013df21d0d1921019a9add374baaa?s=96&d=mm&r=g\",\"caption\":\"Niklas Fors\u00e9n\"},\"url\":\"https:\/\/portugalagent.com\/sv\/author\/niklasportugalagent-com\/\"}]}<\/script>\n<!-- \/ Yoast SEO plugin. -->","yoast_head_json":{"title":"S\u00f6ndagscykling p\u00e5 Silverkusten 8 januari - Portugal Agent","robots":{"index":"index","follow":"follow","max-snippet":"max-snippet:-1","max-image-preview":"max-image-preview:large","max-video-preview":"max-video-preview:-1"},"canonical":"https:\/\/portugalagent.com\/sv\/sondagscykling-pa-silverkusten-8-januari\/","og_locale":"sv_SE","og_type":"article","og_title":"S\u00f6ndagscykling p\u00e5 Silverkusten 8 januari - Portugal Agent","og_description":"December 2016 och januari 2017 har varit mycket bra i Nazar\u00e9 och p\u00e5 hela Silverkusten. N\u00e4stan ingen vind, sol och runt 16 grader i skuggan. I solen \u00e4r det h\u00f6gsommarvarmt. S\u00f6ndagen 8 januari var inget undantag; ingen vind, inga moln och sm\u00e5 v\u00e5gor. D\u00e5 passar det bra med en mtb-runda! Vi tog cyklarna fr\u00e5n Sitio [&hellip;]","og_url":"https:\/\/portugalagent.com\/sv\/sondagscykling-pa-silverkusten-8-januari\/","og_site_name":"Portugal Agent","article_published_time":"2017-01-08T00:00:00+00:00","article_modified_time":"2020-04-12T19:48:49+00:00","og_image":[{"width":2048,"height":1536,"url":"https:\/\/portugalagent.com\/wp-content\/uploads\/2020\/04\/IMG_2441.jpg","type":"image\/jpeg"}],"author":"Niklas Fors\u00e9n","twitter_card":"summary_large_image","twitter_misc":{"Skriven av":"Niklas Fors\u00e9n","Ber\u00e4knad l\u00e4stid":"1 minut"},"schema":{"@context":"https:\/\/schema.org","@graph":[{"@type":"Article","@id":"https:\/\/portugalagent.com\/sv\/sondagscykling-pa-silverkusten-8-januari\/#article","isPartOf":{"@id":"https:\/\/portugalagent.com\/sv\/sondagscykling-pa-silverkusten-8-januari\/"},"author":{"name":"Niklas Fors\u00e9n","@id":"https:\/\/portugalagent.com\/sv\/#\/schema\/person\/916dd45acb1ec87bc80bc43ca8907acd"},"headline":"S\u00f6ndagscykling p\u00e5 Silverkusten 8 januari","datePublished":"2017-01-08T00:00:00+00:00","dateModified":"2020-04-12T19:48:49+00:00","mainEntityOfPage":{"@id":"https:\/\/portugalagent.com\/sv\/sondagscykling-pa-silverkusten-8-januari\/"},"wordCount":147,"commentCount":0,"publisher":{"@id":"https:\/\/portugalagent.com\/sv\/#organization"},"inLanguage":"sv-SE","potentialAction":[{"@type":"CommentAction","name":"Comment","target":["https:\/\/portugalagent.com\/sv\/sondagscykling-pa-silverkusten-8-januari\/#respond"]}]},{"@type":"WebPage","@id":"https:\/\/portugalagent.com\/sv\/sondagscykling-pa-silverkusten-8-januari\/","url":"https:\/\/portugalagent.com\/sv\/sondagscykling-pa-silverkusten-8-januari\/","name":"S\u00f6ndagscykling p\u00e5 Silverkusten 8 januari - Portugal Agent","isPartOf":{"@id":"https:\/\/portugalagent.com\/sv\/#website"},"datePublished":"2017-01-08T00:00:00+00:00","dateModified":"2020-04-12T19:48:49+00:00","breadcrumb":{"@id":"https:\/\/portugalagent.com\/sv\/sondagscykling-pa-silverkusten-8-januari\/#breadcrumb"},"inLanguage":"sv-SE","potentialAction":[{"@type":"ReadAction","target":["https:\/\/portugalagent.com\/sv\/sondagscykling-pa-silverkusten-8-januari\/"]}]},{"@type":"BreadcrumbList","@id":"https:\/\/portugalagent.com\/sv\/sondagscykling-pa-silverkusten-8-januari\/#breadcrumb","itemListElement":[{"@type":"ListItem","position":1,"name":"Home","item":"https:\/\/portugalagent.com\/sv\/"},{"@type":"ListItem","position":2,"name":"S\u00f6ndagscykling p\u00e5 Silverkusten 8 januari"}]},{"@type":"WebSite","@id":"https:\/\/portugalagent.com\/sv\/#website","url":"https:\/\/portugalagent.com\/sv\/","name":"Portugal Agent","description":"","publisher":{"@id":"https:\/\/portugalagent.com\/sv\/#organization"},"potentialAction":[{"@type":"SearchAction","target":{"@type":"EntryPoint","urlTemplate":"https:\/\/portugalagent.com\/sv\/?s={search_term_string}"},"query-input":"required name=search_term_string"}],"inLanguage":"sv-SE"},{"@type":"Organization","@id":"https:\/\/portugalagent.com\/sv\/#organization","name":"Portugal Agent","url":"https:\/\/portugalagent.com\/sv\/","logo":{"@type":"ImageObject","inLanguage":"sv-SE","@id":"https:\/\/portugalagent.com\/sv\/#\/schema\/logo\/image\/","url":"https:\/\/portugalagent.com\/wp-content\/uploads\/2020\/11\/portugalagent.svg","contentUrl":"https:\/\/portugalagent.com\/wp-content\/uploads\/2020\/11\/portugalagent.svg","caption":"Portugal Agent"},"image":{"@id":"https:\/\/portugalagent.com\/sv\/#\/schema\/logo\/image\/"}},{"@type":"Person","@id":"https:\/\/portugalagent.com\/sv\/#\/schema\/person\/916dd45acb1ec87bc80bc43ca8907acd","name":"Niklas Fors\u00e9n","image":{"@type":"ImageObject","inLanguage":"sv-SE","@id":"https:\/\/portugalagent.com\/sv\/#\/schema\/person\/image\/","url":"https:\/\/secure.gravatar.com\/avatar\/663013df21d0d1921019a9add374baaa?s=96&d=mm&r=g","contentUrl":"https:\/\/secure.gravatar.com\/avatar\/663013df21d0d1921019a9add374baaa?s=96&d=mm&r=g","caption":"Niklas Fors\u00e9n"},"url":"https:\/\/portugalagent.com\/sv\/author\/niklasportugalagent-com\/"}]}},"_links":{"self":[{"href":"https:\/\/portugalagent.com\/sv\/wp-json\/wp\/v2\/posts\/53675"}],"collection":[{"href":"https:\/\/portugalagent.com\/sv\/wp-json\/wp\/v2\/posts"}],"about":[{"href":"https:\/\/portugalagent.com\/sv\/wp-json\/wp\/v2\/types\/post"}],"author":[{"embeddable":true,"href":"https:\/\/portugalagent.com\/sv\/wp-json\/wp\/v2\/users\/2"}],"replies":[{"embeddable":true,"href":"https:\/\/portugalagent.com\/sv\/wp-json\/wp\/v2\/comments?post=53675"}],"version-history":[{"count":1,"href":"https:\/\/portugalagent.com\/sv\/wp-json\/wp\/v2\/posts\/53675\/revisions"}],"predecessor-version":[{"id":53832,"href":"https:\/\/portugalagent.com\/sv\/wp-json\/wp\/v2\/posts\/53675\/revisions\/53832"}],"wp:featuredmedia":[{"embeddable":true,"href":"https:\/\/portugalagent.com\/sv\/wp-json\/wp\/v2\/media\/50568"}],"wp:attachment":[{"href":"https:\/\/portugalagent.com\/sv\/wp-json\/wp\/v2\/media?parent=53675"}],"wp:term":[{"taxonomy":"category","embeddable":true,"href":"https:\/\/portugalagent.com\/sv\/wp-json\/wp\/v2\/categories?post=53675"},{"taxonomy":"post_tag","embeddable":true,"href":"https:\/\/portugalagent.com\/sv\/wp-json\/wp\/v2\/tags?post=53675"}],"curies":[{"name":"wp","href":"https:\/\/api.w.org\/{rel}","templated":true}]}}