{"id":53672,"date":"2017-01-24T00:00:00","date_gmt":"2017-01-24T00:00:00","guid":{"rendered":"https:\/\/portugalagent.com\/byggprojekt-i-nazare-med-utsikt\/"},"modified":"2020-04-12T19:48:49","modified_gmt":"2020-04-12T19:48:49","slug":"byggprojekt-i-nazare-med-utsikt","status":"publish","type":"post","link":"https:\/\/portugalagent.com\/sv\/byggprojekt-i-nazare-med-utsikt\/","title":{"rendered":"Byggprojekt i Nazar\u00e9 med utsikt"},"content":{"rendered":"<p>I dag var jag och inspekterade byggf\u00f6retaget Gameiros nya projekt i Nazar\u00e9 som vi lite p\u00e5 skoj kallar f\u00f6r &#8221;Futurra&#8221; d\u00e5 det \u00e4r ett steg till in i framtiden f\u00f6r byggnader h\u00e4r i Nazar\u00e9 och p\u00e5 Silverkusten.<br \/>\nByggnaden uppf\u00f6rs i tre plan med garage i bottenv\u00e5ningen\/sutter\u00e4ng. Ovanf\u00f6r garaget\u00a0f\u00f6ljer sedan tre plan med bost\u00e4der d\u00e4r de flesta kommer ha str\u00e5lande utsikt \u00f6ver Nazar\u00e9 och Atlanten och givetvis med solnedg\u00e5ng i havet. I alla fall stora delar av \u00e5ret. I juni och juli kommer solen g\u00e5 ner bakom Sitio som ligger uppe p\u00e5 den h\u00f6ga klippan\/\u00e5sen till h\u00f6ger (nordv\u00e4st) i bilderna. Men d\u00e5 \u00e4r ju klockan typ 21!<\/p>\n<p>Futurra-projektet kommer ha ett helt fantastiskt \u00f6vre plan med sex l\u00e4genheter som alla dessutom f\u00e5r egen, privat, takterrass en trappa upp p\u00e5 byggnadens tak. Givetvis med egen trappa upp fr\u00e5n den egna l\u00e4genheten. Det blir fem T3:or h\u00e4r samt en T2:a. Samtliga l\u00e4genheter i Futurra f\u00e5r tillg\u00e5ng till ett p\u00e5kostat och stort poolomr\u00e5de. \u00c4ven det med havsutsikt. Dessutom garage till samtliga l\u00e4genheter i byggnadens k\u00e4llardel.<\/p>\n<p>Fastigheten ligger bara n\u00e5gra f\u00e5 minuters promenad fr\u00e5n gr\u00e4nderna och restaurangerna \u00a0i de \u00e4ldre delarna av Nazar\u00e9 och du n\u00e5r stranden p\u00e5 10 minuter om d\u00e5 g\u00e5r i normal takt. I omr\u00e5det finns flera andra byggnader som samma byggfirma uppf\u00f6rt och h\u00e4r har vi s\u00e5lt till andra svenskar under 2016.<\/p>\n<p>Intresserad? Jag kan ber\u00e4tta mycket mer. Jag har ocks\u00e5 ritningar, prislistor och en mer omfattande presentation att mejla till den som \u00e4r mer intresserad.<\/p>\n<p>Priser fr\u00e5n: 150.000 till 350.000 EURO<\/p>\n<p>Niklas Fors\u00e9n, niklas@portugalagent.com Tel: +46-70-592 60 76<\/p>\n<p>Se mer i bilderna nedan!<\/p>\n","protected":false},"excerpt":{"rendered":"<p>I dag var jag och inspekterade byggf\u00f6retaget Gameiros nya projekt i Nazar\u00e9 som vi lite p\u00e5 skoj kallar f\u00f6r &#8221;Futurra&#8221; d\u00e5 det \u00e4r ett steg till in i framtiden f\u00f6r byggnader h\u00e4r i Nazar\u00e9 och p\u00e5 Silverkusten. Byggnaden uppf\u00f6rs i tre plan med garage i bottenv\u00e5ningen\/sutter\u00e4ng. Ovanf\u00f6r garaget\u00a0f\u00f6ljer sedan tre plan med bost\u00e4der d\u00e4r de [&hellip;]<\/p>\n","protected":false},"author":2,"featured_media":50823,"comment_status":"open","ping_status":"open","sticky":false,"template":"","format":"standard","meta":{"om_disable_all_campaigns":false,"_monsterinsights_skip_tracking":false,"_monsterinsights_sitenote_active":false,"_monsterinsights_sitenote_note":"","_monsterinsights_sitenote_category":0},"categories":[],"tags":[],"aioseo_notices":[],"yoast_head":"<!-- This site is optimized with the Yoast SEO plugin v19.10 - https:\/\/yoast.com\/wordpress\/plugins\/seo\/ -->\n<title>Byggprojekt i Nazar\u00e9 med utsikt - Portugal Agent<\/title>\n<meta name=\"robots\" content=\"index, follow, max-snippet:-1, max-image-preview:large, max-video-preview:-1\" \/>\n<link rel=\"canonical\" href=\"https:\/\/portugalagent.com\/sv\/byggprojekt-i-nazare-med-utsikt\/\" \/>\n<meta property=\"og:locale\" content=\"sv_SE\" \/>\n<meta property=\"og:type\" content=\"article\" \/>\n<meta property=\"og:title\" content=\"Byggprojekt i Nazar\u00e9 med utsikt - Portugal Agent\" \/>\n<meta property=\"og:description\" content=\"I dag var jag och inspekterade byggf\u00f6retaget Gameiros nya projekt i Nazar\u00e9 som vi lite p\u00e5 skoj kallar f\u00f6r &#8221;Futurra&#8221; d\u00e5 det \u00e4r ett steg till in i framtiden f\u00f6r byggnader h\u00e4r i Nazar\u00e9 och p\u00e5 Silverkusten. Byggnaden uppf\u00f6rs i tre plan med garage i bottenv\u00e5ningen\/sutter\u00e4ng. Ovanf\u00f6r garaget\u00a0f\u00f6ljer sedan tre plan med bost\u00e4der d\u00e4r de [&hellip;]\" \/>\n<meta property=\"og:url\" content=\"https:\/\/portugalagent.com\/sv\/byggprojekt-i-nazare-med-utsikt\/\" \/>\n<meta property=\"og:site_name\" content=\"Portugal Agent\" \/>\n<meta property=\"article:published_time\" content=\"2017-01-24T00:00:00+00:00\" \/>\n<meta property=\"article:modified_time\" content=\"2020-04-12T19:48:49+00:00\" \/>\n<meta property=\"og:image\" content=\"https:\/\/portugalagent.com\/wp-content\/uploads\/2020\/04\/IMG_2765NET1.jpg\" \/>\n\t<meta property=\"og:image:width\" content=\"1450\" \/>\n\t<meta property=\"og:image:height\" content=\"1088\" \/>\n\t<meta property=\"og:image:type\" content=\"image\/jpeg\" \/>\n<meta name=\"author\" content=\"Niklas Fors\u00e9n\" \/>\n<meta name=\"twitter:card\" content=\"summary_large_image\" \/>\n<meta name=\"twitter:label1\" content=\"Skriven av\" \/>\n\t<meta name=\"twitter:data1\" content=\"Niklas Fors\u00e9n\" \/>\n\t<meta name=\"twitter:label2\" content=\"Ber\u00e4knad l\u00e4stid\" \/>\n\t<meta name=\"twitter:data2\" content=\"2 minuter\" \/>\n<script type=\"application\/ld+json\" class=\"yoast-schema-graph\">{\"@context\":\"https:\/\/schema.org\",\"@graph\":[{\"@type\":\"Article\",\"@id\":\"https:\/\/portugalagent.com\/sv\/byggprojekt-i-nazare-med-utsikt\/#article\",\"isPartOf\":{\"@id\":\"https:\/\/portugalagent.com\/sv\/byggprojekt-i-nazare-med-utsikt\/\"},\"author\":{\"name\":\"Niklas Fors\u00e9n\",\"@id\":\"https:\/\/portugalagent.com\/sv\/#\/schema\/person\/916dd45acb1ec87bc80bc43ca8907acd\"},\"headline\":\"Byggprojekt i Nazar\u00e9 med utsikt\",\"datePublished\":\"2017-01-24T00:00:00+00:00\",\"dateModified\":\"2020-04-12T19:48:49+00:00\",\"mainEntityOfPage\":{\"@id\":\"https:\/\/portugalagent.com\/sv\/byggprojekt-i-nazare-med-utsikt\/\"},\"wordCount\":309,\"commentCount\":0,\"publisher\":{\"@id\":\"https:\/\/portugalagent.com\/sv\/#organization\"},\"inLanguage\":\"sv-SE\",\"potentialAction\":[{\"@type\":\"CommentAction\",\"name\":\"Comment\",\"target\":[\"https:\/\/portugalagent.com\/sv\/byggprojekt-i-nazare-med-utsikt\/#respond\"]}]},{\"@type\":\"WebPage\",\"@id\":\"https:\/\/portugalagent.com\/sv\/byggprojekt-i-nazare-med-utsikt\/\",\"url\":\"https:\/\/portugalagent.com\/sv\/byggprojekt-i-nazare-med-utsikt\/\",\"name\":\"Byggprojekt i Nazar\u00e9 med utsikt - Portugal Agent\",\"isPartOf\":{\"@id\":\"https:\/\/portugalagent.com\/sv\/#website\"},\"datePublished\":\"2017-01-24T00:00:00+00:00\",\"dateModified\":\"2020-04-12T19:48:49+00:00\",\"breadcrumb\":{\"@id\":\"https:\/\/portugalagent.com\/sv\/byggprojekt-i-nazare-med-utsikt\/#breadcrumb\"},\"inLanguage\":\"sv-SE\",\"potentialAction\":[{\"@type\":\"ReadAction\",\"target\":[\"https:\/\/portugalagent.com\/sv\/byggprojekt-i-nazare-med-utsikt\/\"]}]},{\"@type\":\"BreadcrumbList\",\"@id\":\"https:\/\/portugalagent.com\/sv\/byggprojekt-i-nazare-med-utsikt\/#breadcrumb\",\"itemListElement\":[{\"@type\":\"ListItem\",\"position\":1,\"name\":\"Home\",\"item\":\"https:\/\/portugalagent.com\/sv\/\"},{\"@type\":\"ListItem\",\"position\":2,\"name\":\"Byggprojekt i Nazar\u00e9 med utsikt\"}]},{\"@type\":\"WebSite\",\"@id\":\"https:\/\/portugalagent.com\/sv\/#website\",\"url\":\"https:\/\/portugalagent.com\/sv\/\",\"name\":\"Portugal Agent\",\"description\":\"\",\"publisher\":{\"@id\":\"https:\/\/portugalagent.com\/sv\/#organization\"},\"potentialAction\":[{\"@type\":\"SearchAction\",\"target\":{\"@type\":\"EntryPoint\",\"urlTemplate\":\"https:\/\/portugalagent.com\/sv\/?s={search_term_string}\"},\"query-input\":\"required name=search_term_string\"}],\"inLanguage\":\"sv-SE\"},{\"@type\":\"Organization\",\"@id\":\"https:\/\/portugalagent.com\/sv\/#organization\",\"name\":\"Portugal Agent\",\"url\":\"https:\/\/portugalagent.com\/sv\/\",\"logo\":{\"@type\":\"ImageObject\",\"inLanguage\":\"sv-SE\",\"@id\":\"https:\/\/portugalagent.com\/sv\/#\/schema\/logo\/image\/\",\"url\":\"https:\/\/portugalagent.com\/wp-content\/uploads\/2020\/11\/portugalagent.svg\",\"contentUrl\":\"https:\/\/portugalagent.com\/wp-content\/uploads\/2020\/11\/portugalagent.svg\",\"caption\":\"Portugal Agent\"},\"image\":{\"@id\":\"https:\/\/portugalagent.com\/sv\/#\/schema\/logo\/image\/\"}},{\"@type\":\"Person\",\"@id\":\"https:\/\/portugalagent.com\/sv\/#\/schema\/person\/916dd45acb1ec87bc80bc43ca8907acd\",\"name\":\"Niklas Fors\u00e9n\",\"image\":{\"@type\":\"ImageObject\",\"inLanguage\":\"sv-SE\",\"@id\":\"https:\/\/portugalagent.com\/sv\/#\/schema\/person\/image\/\",\"url\":\"https:\/\/secure.gravatar.com\/avatar\/663013df21d0d1921019a9add374baaa?s=96&d=mm&r=g\",\"contentUrl\":\"https:\/\/secure.gravatar.com\/avatar\/663013df21d0d1921019a9add374baaa?s=96&d=mm&r=g\",\"caption\":\"Niklas Fors\u00e9n\"},\"url\":\"https:\/\/portugalagent.com\/sv\/author\/niklasportugalagent-com\/\"}]}<\/script>\n<!-- \/ Yoast SEO plugin. -->","yoast_head_json":{"title":"Byggprojekt i Nazar\u00e9 med utsikt - Portugal Agent","robots":{"index":"index","follow":"follow","max-snippet":"max-snippet:-1","max-image-preview":"max-image-preview:large","max-video-preview":"max-video-preview:-1"},"canonical":"https:\/\/portugalagent.com\/sv\/byggprojekt-i-nazare-med-utsikt\/","og_locale":"sv_SE","og_type":"article","og_title":"Byggprojekt i Nazar\u00e9 med utsikt - Portugal Agent","og_description":"I dag var jag och inspekterade byggf\u00f6retaget Gameiros nya projekt i Nazar\u00e9 som vi lite p\u00e5 skoj kallar f\u00f6r &#8221;Futurra&#8221; d\u00e5 det \u00e4r ett steg till in i framtiden f\u00f6r byggnader h\u00e4r i Nazar\u00e9 och p\u00e5 Silverkusten. Byggnaden uppf\u00f6rs i tre plan med garage i bottenv\u00e5ningen\/sutter\u00e4ng. Ovanf\u00f6r garaget\u00a0f\u00f6ljer sedan tre plan med bost\u00e4der d\u00e4r de [&hellip;]","og_url":"https:\/\/portugalagent.com\/sv\/byggprojekt-i-nazare-med-utsikt\/","og_site_name":"Portugal Agent","article_published_time":"2017-01-24T00:00:00+00:00","article_modified_time":"2020-04-12T19:48:49+00:00","og_image":[{"width":1450,"height":1088,"url":"https:\/\/portugalagent.com\/wp-content\/uploads\/2020\/04\/IMG_2765NET1.jpg","type":"image\/jpeg"}],"author":"Niklas Fors\u00e9n","twitter_card":"summary_large_image","twitter_misc":{"Skriven av":"Niklas Fors\u00e9n","Ber\u00e4knad l\u00e4stid":"2 minuter"},"schema":{"@context":"https:\/\/schema.org","@graph":[{"@type":"Article","@id":"https:\/\/portugalagent.com\/sv\/byggprojekt-i-nazare-med-utsikt\/#article","isPartOf":{"@id":"https:\/\/portugalagent.com\/sv\/byggprojekt-i-nazare-med-utsikt\/"},"author":{"name":"Niklas Fors\u00e9n","@id":"https:\/\/portugalagent.com\/sv\/#\/schema\/person\/916dd45acb1ec87bc80bc43ca8907acd"},"headline":"Byggprojekt i Nazar\u00e9 med utsikt","datePublished":"2017-01-24T00:00:00+00:00","dateModified":"2020-04-12T19:48:49+00:00","mainEntityOfPage":{"@id":"https:\/\/portugalagent.com\/sv\/byggprojekt-i-nazare-med-utsikt\/"},"wordCount":309,"commentCount":0,"publisher":{"@id":"https:\/\/portugalagent.com\/sv\/#organization"},"inLanguage":"sv-SE","potentialAction":[{"@type":"CommentAction","name":"Comment","target":["https:\/\/portugalagent.com\/sv\/byggprojekt-i-nazare-med-utsikt\/#respond"]}]},{"@type":"WebPage","@id":"https:\/\/portugalagent.com\/sv\/byggprojekt-i-nazare-med-utsikt\/","url":"https:\/\/portugalagent.com\/sv\/byggprojekt-i-nazare-med-utsikt\/","name":"Byggprojekt i Nazar\u00e9 med utsikt - Portugal Agent","isPartOf":{"@id":"https:\/\/portugalagent.com\/sv\/#website"},"datePublished":"2017-01-24T00:00:00+00:00","dateModified":"2020-04-12T19:48:49+00:00","breadcrumb":{"@id":"https:\/\/portugalagent.com\/sv\/byggprojekt-i-nazare-med-utsikt\/#breadcrumb"},"inLanguage":"sv-SE","potentialAction":[{"@type":"ReadAction","target":["https:\/\/portugalagent.com\/sv\/byggprojekt-i-nazare-med-utsikt\/"]}]},{"@type":"BreadcrumbList","@id":"https:\/\/portugalagent.com\/sv\/byggprojekt-i-nazare-med-utsikt\/#breadcrumb","itemListElement":[{"@type":"ListItem","position":1,"name":"Home","item":"https:\/\/portugalagent.com\/sv\/"},{"@type":"ListItem","position":2,"name":"Byggprojekt i Nazar\u00e9 med utsikt"}]},{"@type":"WebSite","@id":"https:\/\/portugalagent.com\/sv\/#website","url":"https:\/\/portugalagent.com\/sv\/","name":"Portugal Agent","description":"","publisher":{"@id":"https:\/\/portugalagent.com\/sv\/#organization"},"potentialAction":[{"@type":"SearchAction","target":{"@type":"EntryPoint","urlTemplate":"https:\/\/portugalagent.com\/sv\/?s={search_term_string}"},"query-input":"required name=search_term_string"}],"inLanguage":"sv-SE"},{"@type":"Organization","@id":"https:\/\/portugalagent.com\/sv\/#organization","name":"Portugal Agent","url":"https:\/\/portugalagent.com\/sv\/","logo":{"@type":"ImageObject","inLanguage":"sv-SE","@id":"https:\/\/portugalagent.com\/sv\/#\/schema\/logo\/image\/","url":"https:\/\/portugalagent.com\/wp-content\/uploads\/2020\/11\/portugalagent.svg","contentUrl":"https:\/\/portugalagent.com\/wp-content\/uploads\/2020\/11\/portugalagent.svg","caption":"Portugal Agent"},"image":{"@id":"https:\/\/portugalagent.com\/sv\/#\/schema\/logo\/image\/"}},{"@type":"Person","@id":"https:\/\/portugalagent.com\/sv\/#\/schema\/person\/916dd45acb1ec87bc80bc43ca8907acd","name":"Niklas Fors\u00e9n","image":{"@type":"ImageObject","inLanguage":"sv-SE","@id":"https:\/\/portugalagent.com\/sv\/#\/schema\/person\/image\/","url":"https:\/\/secure.gravatar.com\/avatar\/663013df21d0d1921019a9add374baaa?s=96&d=mm&r=g","contentUrl":"https:\/\/secure.gravatar.com\/avatar\/663013df21d0d1921019a9add374baaa?s=96&d=mm&r=g","caption":"Niklas Fors\u00e9n"},"url":"https:\/\/portugalagent.com\/sv\/author\/niklasportugalagent-com\/"}]}},"_links":{"self":[{"href":"https:\/\/portugalagent.com\/sv\/wp-json\/wp\/v2\/posts\/53672"}],"collection":[{"href":"https:\/\/portugalagent.com\/sv\/wp-json\/wp\/v2\/posts"}],"about":[{"href":"https:\/\/portugalagent.com\/sv\/wp-json\/wp\/v2\/types\/post"}],"author":[{"embeddable":true,"href":"https:\/\/portugalagent.com\/sv\/wp-json\/wp\/v2\/users\/2"}],"replies":[{"embeddable":true,"href":"https:\/\/portugalagent.com\/sv\/wp-json\/wp\/v2\/comments?post=53672"}],"version-history":[{"count":1,"href":"https:\/\/portugalagent.com\/sv\/wp-json\/wp\/v2\/posts\/53672\/revisions"}],"predecessor-version":[{"id":53829,"href":"https:\/\/portugalagent.com\/sv\/wp-json\/wp\/v2\/posts\/53672\/revisions\/53829"}],"wp:featuredmedia":[{"embeddable":true,"href":"https:\/\/portugalagent.com\/sv\/wp-json\/wp\/v2\/media\/50823"}],"wp:attachment":[{"href":"https:\/\/portugalagent.com\/sv\/wp-json\/wp\/v2\/media?parent=53672"}],"wp:term":[{"taxonomy":"category","embeddable":true,"href":"https:\/\/portugalagent.com\/sv\/wp-json\/wp\/v2\/categories?post=53672"},{"taxonomy":"post_tag","embeddable":true,"href":"https:\/\/portugalagent.com\/sv\/wp-json\/wp\/v2\/tags?post=53672"}],"curies":[{"name":"wp","href":"https:\/\/api.w.org\/{rel}","templated":true}]}}