{"id":53669,"date":"2017-02-01T00:00:00","date_gmt":"2017-02-01T00:00:00","guid":{"rendered":"https:\/\/portugalagent.com\/framat-for-silverkusten-och-nazare\/"},"modified":"2020-04-12T19:48:48","modified_gmt":"2020-04-12T19:48:48","slug":"framat-for-silverkusten-och-nazare","status":"publish","type":"post","link":"https:\/\/portugalagent.com\/sv\/framat-for-silverkusten-och-nazare\/","title":{"rendered":"Fram\u00e5t f\u00f6r Silverkusten och Nazar\u00e9"},"content":{"rendered":"<p><strong>Fortsatt fram\u00e5t f\u00f6r Portugal, Silverkusten och Nazar\u00e9<br \/>\n<\/strong>Det har g\u00e5tt bra f\u00f6r oss h\u00e4r i Nazar\u00e9 nu i vinter och det m\u00e4rks att hela trakten sjuder av aktivitet. Det byggs fler och fler bostadsomr\u00e5den och b\u00e5de vi och andra m\u00e4klare s\u00e4ljer bost\u00e4der p\u00e5 ritning och prospekt nu. Det var inte s\u00e5 l\u00e4tt bara f\u00f6r n\u00e5got \u00e5r sedan. D\u00e5 fanns en stor skepsis fr\u00e5n icke portugiser om leverans, standard, budget och tidsplan. Nu har den oron sl\u00e4ppt och d\u00e5 kommer avsluten \u00e4ven i projekt som \u00e4nnu inte \u00e4r f\u00e4rdigst\u00e4llda.<\/p>\n<p><strong>Mediernas bevakning \u2013 bara bra som vi ser det<br \/>\n<\/strong>I f\u00f6rra veckan k\u00f6rde SVTs Uppdrag Granskning ett ganska l\u00e5ngt och mycket uppm\u00e4rksammat inslag om Portugal, NHR och pensionering h\u00e4r. Dessutom var det inslag i Rapport tv\u00e5 kv\u00e4llar i rad p\u00e5 b\u00e4sta s\u00e4ndningstid. S\u00f6ndag 29 januari hade dessutom Aftonbladet tv\u00e5 helsidor om Silverkusten.<br \/>\nDet har f\u00f6rekommit en del kommentarer i sociala medier d\u00e4r svenskar som redan k\u00f6pt i Portugal \u00e4r oroliga f\u00f6r att NHR-reglerna snart kommer att \u00e4ndras och att mediebevakningen kommer \u201df\u00f6rst\u00f6ra allt\u201d. Vi \u00e4r av en annan \u00e5sikt. TV-inslagen visade tydligt att det \u00e4r fullt lagligt och inte i gr\u00e5zonen och absolut inget fusk, att flytta till Portugal med NHR-status. Det \u00e4r bra att allm\u00e4nheten f\u00f6rst\u00e5r att ingen av oss \u00e4r n\u00e5gra fuskare och att vi som m\u00e4klare inte inbjuder till skatteflykt.<br \/>\nVi har ocks\u00e5 noterat en kraftig \u00f6kning av bes\u00f6ksfrekvensen p\u00e5 v\u00e5r hemsida efter TV-programmen. Intresset f\u00f6r Nazar\u00e9 bara \u00f6kar!<br \/>\nVisst kan det bli \u00e4ndringar i reglerna om detta debatteras om och om igen, men det kommer ta tid. I alla fall flera \u00e5r. Och d\u00e5 kanske skatten g\u00e5r fr\u00e5n 0% till max 20% (Sinkskatt). Allts\u00e5 fortsatt f\u00f6rdelaktigt i ett mycket trevligt land!<br \/>\nEn sak verkar expertisen enig om: De som hinner f\u00e5 sin NHR innan reglerna eventuellt \u00e4ndras i framtiden kommer ha sina f\u00f6rm\u00e5ner kvar. Kanske l\u00e4ge att passa p\u00e5 snart?<\/p>\n<p><strong>M\u00e4ssor i Sverige: att k\u00f6pa bostad utomlands<br \/>\n<\/strong>Vi medverkar p\u00e5 tv\u00e5 <a href=\"http:\/\/www.fairmedia.se\/\">m\u00e4ssor f\u00f6r utlandsboende<\/a> under v\u00e5ren. F\u00f6rutom v\u00e5ra m\u00e4klare kommer du tr\u00e4ffa en representant fr\u00e5n n\u00e5gon av de byggfirmor vi samarbetar med p\u00e5 Silverkusten och i anslutning till m\u00e4ssorna kommer vi arrangera egna, mindre, Portugalseminarier.<br \/>\n<strong>Stockholm: 18 \u2013 19 februari <\/strong>och<strong> G\u00f6teborg: 4 \u2013 5 mars<\/strong><\/p>\n<p><strong>Visningsresor<br \/>\n<\/strong>Vi g\u00f6r tv\u00e5 <a href=\"https:\/\/portugalagent.com\/sv\/?p=304\">visningsresor till Portugal<\/a>, Silverkusten och Nazar\u00e9 under v\u00e5ren. D\u00e4r fokuserar vi p\u00e5 att visa runt i omgivningarna p\u00e5 den delen av Silverkusten som ligger mellan Peniche och Nazar\u00e9 men med fokus p\u00e5 Nazar\u00e9 som har mycket fint att erbjuda f\u00f6r de flesta svenska spekulanter. I samband med visningsresorna arrangerar vi ocks\u00e5 seminarier \u2013 se nedan.<br \/>\n<strong>26 \u2013 30 april <\/strong>och<strong> 29 april \u2013 3 maj<\/strong><\/p>\n<p><strong>Portugalseminarier<br \/>\n<\/strong>Under v\u00e5ren kommer vi arrangera flera seminarier b\u00e5de i Sverige och i Nazar\u00e9, med fokus p\u00e5 Silverkusten, Nazar\u00e9, NHR-status, k\u00f6pprocessen i Portugal skattefr\u00e5gor och mycket annat.<br \/>\nVid flera av dessa seminarier kommer vi ha experthj\u00e4lp fr\u00e5n \u00d6hman Bank, som kan svara p\u00e5 fr\u00e5gor om hur du kan f\u00f6rvalta ditt kapital i Portugal p\u00e5 b\u00e4sta s\u00e4tt samt n\u00e5gon skatteexpert \u2013 vi samarbetar med flera.<br \/>\n<strong>Stockholm<\/strong>, dagen efter m\u00e4ssan om utlandsboende: <strong>20 februari kl 12.00 samt kl 18.00<br \/>\n<\/strong><strong>G\u00f6teborg<\/strong>, dagen efter m\u00e4ssan om utlandsboende: <strong>6 mars kl 12.00 och kl 18.00<br \/>\n<\/strong><strong>Link\u00f6ping<\/strong>, samma dagar som m\u00e4ssan f\u00f6rutlandsboende: <strong>1 april kl 15.00 samt 2 april kl 11.00<\/strong><\/p>\n<p>Vid seminarierna i Sverige bjuder vi p\u00e5 n\u00e5got enkelt att \u00e4ta och dricka och det blir gott om tid att st\u00e4lla fr\u00e5gor.<\/p>\n<p><strong>Seminarier i Portugal \u2013 alla i Nazar\u00e9<br \/>\n<\/strong>P\u00e5 dessa medverkar <strong>\u00d6hman bank<\/strong> samt skatteexperten <strong>Karl-Olof \u00d6hrn<\/strong> fr\u00e5n \u201dPensionering i Portugal\u201d.<br \/>\n<strong>2 februari kl 17.00 * 29 april kl 16.00 * 30 april kl 10.00<br \/>\n<\/strong>Lokal och mer detaljer meddelas senare via mejl.<\/p>\n<p><strong> Notera<\/strong>: Du beh\u00f6ver inte vara med p\u00e5 en visningsresa med oss f\u00f6r att kunna delta i seminarierna. D\u00e4remot m\u00e5ste du anm\u00e4la dig i f\u00f6rv\u00e4g enligt nedan.<br \/>\nIntresserad? Anm\u00e4l dig direkt till Niklas Fors\u00e9n, <a href=\"mailto:niklas@portugalagent.com\">niklas@portugalagent.com<\/a><\/p>\n<p><strong>Alltid \u00f6ppet<br \/>\n<\/strong>V\u00e5rt portugisiska m\u00e4kleri Imo Nazar\u00e9 ligger centralt i Nazar\u00e9 och har \u00f6ppet 7 dagar i veckan. V\u00e4lkommen n\u00e4r du vill. Jag \u00e4r alltid med p\u00e5 visningsresorna och dessutom under vissa andra perioder. H\u00f6r av dig i god tid innan avresa om du vill ha svensk v\u00e4gledning i Nazar\u00e9.<\/p>\n<p><strong>V\u00e4lkommen p\u00e5 bes\u00f6k!<br \/>\n<\/strong>Nazar\u00e9 och Silverkusten lockar allt fler som vill ha havsutsikt och solnedg\u00e5ng i havet till rimlig kostnad. Nazar\u00e9 \u00e4r en mycket charmig sm\u00e5stad som lever \u00e5ret runt. Att det dessutom \u00e4r 1 tim och 10 min till Lissabons flygplats med m\u00e5nga flygavg\u00e5ngar dagligen fr\u00e5n Stockholm, G\u00f6teborg och K\u00f6penhamn \u00e4r givetvis en stor f\u00f6rdel.<\/p>\n<p><strong><br \/>\nV\u00e4lkommen till Silverkusten och Nazar\u00e9 \u2013 Europas sk\u00f6naste strandremsa!<\/strong><\/p>\n<p>Niklas Fors\u00e9n\/Portugalagent och Imo Nazar\u00e9<br \/>\nTel: +46-70-592 60 76<br \/>\nMejl: <a href=\"mailto:niklas@portugalagent.com\">niklas@portugalagent.com<\/a><br \/>\nF\u00f6lj oss p\u00e5 Facebook och Instagram\u00a0 #portugalagent @portugalagent<\/p>\n","protected":false},"excerpt":{"rendered":"<p>Fortsatt fram\u00e5t f\u00f6r Portugal, Silverkusten och Nazar\u00e9 Det har g\u00e5tt bra f\u00f6r oss h\u00e4r i Nazar\u00e9 nu i vinter och det m\u00e4rks att hela trakten sjuder av aktivitet. Det byggs fler och fler bostadsomr\u00e5den och b\u00e5de vi och andra m\u00e4klare s\u00e4ljer bost\u00e4der p\u00e5 ritning och prospekt nu. Det var inte s\u00e5 l\u00e4tt bara f\u00f6r n\u00e5got [&hellip;]<\/p>\n","protected":false},"author":2,"featured_media":50288,"comment_status":"open","ping_status":"open","sticky":false,"template":"","format":"standard","meta":{"om_disable_all_campaigns":false,"_monsterinsights_skip_tracking":false,"_monsterinsights_sitenote_active":false,"_monsterinsights_sitenote_note":"","_monsterinsights_sitenote_category":0},"categories":[],"tags":[],"aioseo_notices":[],"yoast_head":"<!-- This site is optimized with the Yoast SEO plugin v19.10 - https:\/\/yoast.com\/wordpress\/plugins\/seo\/ -->\n<title>Fram\u00e5t f\u00f6r Silverkusten och Nazar\u00e9 - Portugal Agent<\/title>\n<meta name=\"robots\" content=\"index, follow, max-snippet:-1, max-image-preview:large, max-video-preview:-1\" \/>\n<link rel=\"canonical\" href=\"https:\/\/portugalagent.com\/sv\/framat-for-silverkusten-och-nazare\/\" \/>\n<meta property=\"og:locale\" content=\"sv_SE\" \/>\n<meta property=\"og:type\" content=\"article\" \/>\n<meta property=\"og:title\" content=\"Fram\u00e5t f\u00f6r Silverkusten och Nazar\u00e9 - Portugal Agent\" \/>\n<meta property=\"og:description\" content=\"Fortsatt fram\u00e5t f\u00f6r Portugal, Silverkusten och Nazar\u00e9 Det har g\u00e5tt bra f\u00f6r oss h\u00e4r i Nazar\u00e9 nu i vinter och det m\u00e4rks att hela trakten sjuder av aktivitet. Det byggs fler och fler bostadsomr\u00e5den och b\u00e5de vi och andra m\u00e4klare s\u00e4ljer bost\u00e4der p\u00e5 ritning och prospekt nu. Det var inte s\u00e5 l\u00e4tt bara f\u00f6r n\u00e5got [&hellip;]\" \/>\n<meta property=\"og:url\" content=\"https:\/\/portugalagent.com\/sv\/framat-for-silverkusten-och-nazare\/\" \/>\n<meta property=\"og:site_name\" content=\"Portugal Agent\" \/>\n<meta property=\"article:published_time\" content=\"2017-02-01T00:00:00+00:00\" \/>\n<meta property=\"article:modified_time\" content=\"2020-04-12T19:48:48+00:00\" \/>\n<meta property=\"og:image\" content=\"https:\/\/portugalagent.com\/wp-content\/uploads\/2020\/04\/DSC_6575NET.jpg\" \/>\n\t<meta property=\"og:image:width\" content=\"1450\" \/>\n\t<meta property=\"og:image:height\" content=\"968\" \/>\n\t<meta property=\"og:image:type\" content=\"image\/jpeg\" \/>\n<meta name=\"author\" content=\"Niklas Fors\u00e9n\" \/>\n<meta name=\"twitter:card\" content=\"summary_large_image\" \/>\n<meta name=\"twitter:label1\" content=\"Skriven av\" \/>\n\t<meta name=\"twitter:data1\" content=\"Niklas Fors\u00e9n\" \/>\n\t<meta name=\"twitter:label2\" content=\"Ber\u00e4knad l\u00e4stid\" \/>\n\t<meta name=\"twitter:data2\" content=\"4 minuter\" \/>\n<script type=\"application\/ld+json\" class=\"yoast-schema-graph\">{\"@context\":\"https:\/\/schema.org\",\"@graph\":[{\"@type\":\"Article\",\"@id\":\"https:\/\/portugalagent.com\/sv\/framat-for-silverkusten-och-nazare\/#article\",\"isPartOf\":{\"@id\":\"https:\/\/portugalagent.com\/sv\/framat-for-silverkusten-och-nazare\/\"},\"author\":{\"name\":\"Niklas Fors\u00e9n\",\"@id\":\"https:\/\/portugalagent.com\/sv\/#\/schema\/person\/916dd45acb1ec87bc80bc43ca8907acd\"},\"headline\":\"Fram\u00e5t f\u00f6r Silverkusten och Nazar\u00e9\",\"datePublished\":\"2017-02-01T00:00:00+00:00\",\"dateModified\":\"2020-04-12T19:48:48+00:00\",\"mainEntityOfPage\":{\"@id\":\"https:\/\/portugalagent.com\/sv\/framat-for-silverkusten-och-nazare\/\"},\"wordCount\":859,\"commentCount\":0,\"publisher\":{\"@id\":\"https:\/\/portugalagent.com\/sv\/#organization\"},\"inLanguage\":\"sv-SE\",\"potentialAction\":[{\"@type\":\"CommentAction\",\"name\":\"Comment\",\"target\":[\"https:\/\/portugalagent.com\/sv\/framat-for-silverkusten-och-nazare\/#respond\"]}]},{\"@type\":\"WebPage\",\"@id\":\"https:\/\/portugalagent.com\/sv\/framat-for-silverkusten-och-nazare\/\",\"url\":\"https:\/\/portugalagent.com\/sv\/framat-for-silverkusten-och-nazare\/\",\"name\":\"Fram\u00e5t f\u00f6r Silverkusten och Nazar\u00e9 - Portugal Agent\",\"isPartOf\":{\"@id\":\"https:\/\/portugalagent.com\/sv\/#website\"},\"datePublished\":\"2017-02-01T00:00:00+00:00\",\"dateModified\":\"2020-04-12T19:48:48+00:00\",\"breadcrumb\":{\"@id\":\"https:\/\/portugalagent.com\/sv\/framat-for-silverkusten-och-nazare\/#breadcrumb\"},\"inLanguage\":\"sv-SE\",\"potentialAction\":[{\"@type\":\"ReadAction\",\"target\":[\"https:\/\/portugalagent.com\/sv\/framat-for-silverkusten-och-nazare\/\"]}]},{\"@type\":\"BreadcrumbList\",\"@id\":\"https:\/\/portugalagent.com\/sv\/framat-for-silverkusten-och-nazare\/#breadcrumb\",\"itemListElement\":[{\"@type\":\"ListItem\",\"position\":1,\"name\":\"Home\",\"item\":\"https:\/\/portugalagent.com\/sv\/\"},{\"@type\":\"ListItem\",\"position\":2,\"name\":\"Fram\u00e5t f\u00f6r Silverkusten och Nazar\u00e9\"}]},{\"@type\":\"WebSite\",\"@id\":\"https:\/\/portugalagent.com\/sv\/#website\",\"url\":\"https:\/\/portugalagent.com\/sv\/\",\"name\":\"Portugal Agent\",\"description\":\"\",\"publisher\":{\"@id\":\"https:\/\/portugalagent.com\/sv\/#organization\"},\"potentialAction\":[{\"@type\":\"SearchAction\",\"target\":{\"@type\":\"EntryPoint\",\"urlTemplate\":\"https:\/\/portugalagent.com\/sv\/?s={search_term_string}\"},\"query-input\":\"required name=search_term_string\"}],\"inLanguage\":\"sv-SE\"},{\"@type\":\"Organization\",\"@id\":\"https:\/\/portugalagent.com\/sv\/#organization\",\"name\":\"Portugal Agent\",\"url\":\"https:\/\/portugalagent.com\/sv\/\",\"logo\":{\"@type\":\"ImageObject\",\"inLanguage\":\"sv-SE\",\"@id\":\"https:\/\/portugalagent.com\/sv\/#\/schema\/logo\/image\/\",\"url\":\"https:\/\/portugalagent.com\/wp-content\/uploads\/2020\/11\/portugalagent.svg\",\"contentUrl\":\"https:\/\/portugalagent.com\/wp-content\/uploads\/2020\/11\/portugalagent.svg\",\"caption\":\"Portugal Agent\"},\"image\":{\"@id\":\"https:\/\/portugalagent.com\/sv\/#\/schema\/logo\/image\/\"}},{\"@type\":\"Person\",\"@id\":\"https:\/\/portugalagent.com\/sv\/#\/schema\/person\/916dd45acb1ec87bc80bc43ca8907acd\",\"name\":\"Niklas Fors\u00e9n\",\"image\":{\"@type\":\"ImageObject\",\"inLanguage\":\"sv-SE\",\"@id\":\"https:\/\/portugalagent.com\/sv\/#\/schema\/person\/image\/\",\"url\":\"https:\/\/secure.gravatar.com\/avatar\/663013df21d0d1921019a9add374baaa?s=96&d=mm&r=g\",\"contentUrl\":\"https:\/\/secure.gravatar.com\/avatar\/663013df21d0d1921019a9add374baaa?s=96&d=mm&r=g\",\"caption\":\"Niklas Fors\u00e9n\"},\"url\":\"https:\/\/portugalagent.com\/sv\/author\/niklasportugalagent-com\/\"}]}<\/script>\n<!-- \/ Yoast SEO plugin. -->","yoast_head_json":{"title":"Fram\u00e5t f\u00f6r Silverkusten och Nazar\u00e9 - Portugal Agent","robots":{"index":"index","follow":"follow","max-snippet":"max-snippet:-1","max-image-preview":"max-image-preview:large","max-video-preview":"max-video-preview:-1"},"canonical":"https:\/\/portugalagent.com\/sv\/framat-for-silverkusten-och-nazare\/","og_locale":"sv_SE","og_type":"article","og_title":"Fram\u00e5t f\u00f6r Silverkusten och Nazar\u00e9 - Portugal Agent","og_description":"Fortsatt fram\u00e5t f\u00f6r Portugal, Silverkusten och Nazar\u00e9 Det har g\u00e5tt bra f\u00f6r oss h\u00e4r i Nazar\u00e9 nu i vinter och det m\u00e4rks att hela trakten sjuder av aktivitet. Det byggs fler och fler bostadsomr\u00e5den och b\u00e5de vi och andra m\u00e4klare s\u00e4ljer bost\u00e4der p\u00e5 ritning och prospekt nu. Det var inte s\u00e5 l\u00e4tt bara f\u00f6r n\u00e5got [&hellip;]","og_url":"https:\/\/portugalagent.com\/sv\/framat-for-silverkusten-och-nazare\/","og_site_name":"Portugal Agent","article_published_time":"2017-02-01T00:00:00+00:00","article_modified_time":"2020-04-12T19:48:48+00:00","og_image":[{"width":1450,"height":968,"url":"https:\/\/portugalagent.com\/wp-content\/uploads\/2020\/04\/DSC_6575NET.jpg","type":"image\/jpeg"}],"author":"Niklas Fors\u00e9n","twitter_card":"summary_large_image","twitter_misc":{"Skriven av":"Niklas Fors\u00e9n","Ber\u00e4knad l\u00e4stid":"4 minuter"},"schema":{"@context":"https:\/\/schema.org","@graph":[{"@type":"Article","@id":"https:\/\/portugalagent.com\/sv\/framat-for-silverkusten-och-nazare\/#article","isPartOf":{"@id":"https:\/\/portugalagent.com\/sv\/framat-for-silverkusten-och-nazare\/"},"author":{"name":"Niklas Fors\u00e9n","@id":"https:\/\/portugalagent.com\/sv\/#\/schema\/person\/916dd45acb1ec87bc80bc43ca8907acd"},"headline":"Fram\u00e5t f\u00f6r Silverkusten och Nazar\u00e9","datePublished":"2017-02-01T00:00:00+00:00","dateModified":"2020-04-12T19:48:48+00:00","mainEntityOfPage":{"@id":"https:\/\/portugalagent.com\/sv\/framat-for-silverkusten-och-nazare\/"},"wordCount":859,"commentCount":0,"publisher":{"@id":"https:\/\/portugalagent.com\/sv\/#organization"},"inLanguage":"sv-SE","potentialAction":[{"@type":"CommentAction","name":"Comment","target":["https:\/\/portugalagent.com\/sv\/framat-for-silverkusten-och-nazare\/#respond"]}]},{"@type":"WebPage","@id":"https:\/\/portugalagent.com\/sv\/framat-for-silverkusten-och-nazare\/","url":"https:\/\/portugalagent.com\/sv\/framat-for-silverkusten-och-nazare\/","name":"Fram\u00e5t f\u00f6r Silverkusten och Nazar\u00e9 - Portugal Agent","isPartOf":{"@id":"https:\/\/portugalagent.com\/sv\/#website"},"datePublished":"2017-02-01T00:00:00+00:00","dateModified":"2020-04-12T19:48:48+00:00","breadcrumb":{"@id":"https:\/\/portugalagent.com\/sv\/framat-for-silverkusten-och-nazare\/#breadcrumb"},"inLanguage":"sv-SE","potentialAction":[{"@type":"ReadAction","target":["https:\/\/portugalagent.com\/sv\/framat-for-silverkusten-och-nazare\/"]}]},{"@type":"BreadcrumbList","@id":"https:\/\/portugalagent.com\/sv\/framat-for-silverkusten-och-nazare\/#breadcrumb","itemListElement":[{"@type":"ListItem","position":1,"name":"Home","item":"https:\/\/portugalagent.com\/sv\/"},{"@type":"ListItem","position":2,"name":"Fram\u00e5t f\u00f6r Silverkusten och Nazar\u00e9"}]},{"@type":"WebSite","@id":"https:\/\/portugalagent.com\/sv\/#website","url":"https:\/\/portugalagent.com\/sv\/","name":"Portugal Agent","description":"","publisher":{"@id":"https:\/\/portugalagent.com\/sv\/#organization"},"potentialAction":[{"@type":"SearchAction","target":{"@type":"EntryPoint","urlTemplate":"https:\/\/portugalagent.com\/sv\/?s={search_term_string}"},"query-input":"required name=search_term_string"}],"inLanguage":"sv-SE"},{"@type":"Organization","@id":"https:\/\/portugalagent.com\/sv\/#organization","name":"Portugal Agent","url":"https:\/\/portugalagent.com\/sv\/","logo":{"@type":"ImageObject","inLanguage":"sv-SE","@id":"https:\/\/portugalagent.com\/sv\/#\/schema\/logo\/image\/","url":"https:\/\/portugalagent.com\/wp-content\/uploads\/2020\/11\/portugalagent.svg","contentUrl":"https:\/\/portugalagent.com\/wp-content\/uploads\/2020\/11\/portugalagent.svg","caption":"Portugal Agent"},"image":{"@id":"https:\/\/portugalagent.com\/sv\/#\/schema\/logo\/image\/"}},{"@type":"Person","@id":"https:\/\/portugalagent.com\/sv\/#\/schema\/person\/916dd45acb1ec87bc80bc43ca8907acd","name":"Niklas Fors\u00e9n","image":{"@type":"ImageObject","inLanguage":"sv-SE","@id":"https:\/\/portugalagent.com\/sv\/#\/schema\/person\/image\/","url":"https:\/\/secure.gravatar.com\/avatar\/663013df21d0d1921019a9add374baaa?s=96&d=mm&r=g","contentUrl":"https:\/\/secure.gravatar.com\/avatar\/663013df21d0d1921019a9add374baaa?s=96&d=mm&r=g","caption":"Niklas Fors\u00e9n"},"url":"https:\/\/portugalagent.com\/sv\/author\/niklasportugalagent-com\/"}]}},"_links":{"self":[{"href":"https:\/\/portugalagent.com\/sv\/wp-json\/wp\/v2\/posts\/53669"}],"collection":[{"href":"https:\/\/portugalagent.com\/sv\/wp-json\/wp\/v2\/posts"}],"about":[{"href":"https:\/\/portugalagent.com\/sv\/wp-json\/wp\/v2\/types\/post"}],"author":[{"embeddable":true,"href":"https:\/\/portugalagent.com\/sv\/wp-json\/wp\/v2\/users\/2"}],"replies":[{"embeddable":true,"href":"https:\/\/portugalagent.com\/sv\/wp-json\/wp\/v2\/comments?post=53669"}],"version-history":[{"count":1,"href":"https:\/\/portugalagent.com\/sv\/wp-json\/wp\/v2\/posts\/53669\/revisions"}],"predecessor-version":[{"id":53826,"href":"https:\/\/portugalagent.com\/sv\/wp-json\/wp\/v2\/posts\/53669\/revisions\/53826"}],"wp:featuredmedia":[{"embeddable":true,"href":"https:\/\/portugalagent.com\/sv\/wp-json\/wp\/v2\/media\/50288"}],"wp:attachment":[{"href":"https:\/\/portugalagent.com\/sv\/wp-json\/wp\/v2\/media?parent=53669"}],"wp:term":[{"taxonomy":"category","embeddable":true,"href":"https:\/\/portugalagent.com\/sv\/wp-json\/wp\/v2\/categories?post=53669"},{"taxonomy":"post_tag","embeddable":true,"href":"https:\/\/portugalagent.com\/sv\/wp-json\/wp\/v2\/tags?post=53669"}],"curies":[{"name":"wp","href":"https:\/\/api.w.org\/{rel}","templated":true}]}}