{"id":53662,"date":"2017-02-28T00:00:00","date_gmt":"2017-02-28T00:00:00","guid":{"rendered":"https:\/\/portugalagent.com\/seminarium-om-portugal-i-goteborg\/"},"modified":"2020-04-12T19:48:48","modified_gmt":"2020-04-12T19:48:48","slug":"seminarium-om-portugal-i-goteborg","status":"publish","type":"post","link":"https:\/\/portugalagent.com\/sv\/seminarium-om-portugal-i-goteborg\/","title":{"rendered":"Seminarium om Portugal i G\u00f6teborg 6 mars"},"content":{"rendered":"<p>Portugalagent och Karl-Olof \u00d6hrn p\u00e5 \u00a0<a href=\"https:\/\/pensioneringiportugal.com\/\"><strong>\u201dPensionering i Portugal\u201d<\/strong><\/a>\u00a0 h\u00e5ller tv\u00e5 skatteseminarier i G\u00f6teborg enbart riktade till reglerna i Portugal. Dessutom har vi med en representant fr\u00e5n\u00a0<a href=\"https:\/\/www.ohman.se\/private-banking\/portugal-flytt-pension\/\"><strong>\u00d6hman<\/strong><\/a>\u00a0som ber\u00e4ttar lite om hur du kan f\u00f6rvalta ditt kapital n\u00e4r du v\u00e4l flyttat till Portugal. F\u00f6r \u00e4ndam\u00e5let har vi\u00a0hyrt ett konferensrum p\u00e5 Gothia Towers i G\u00f6teborg.<\/p>\n<p><strong>Mer om hur skatteseminarierna om Portugal g\u00e5r till; tider, anm\u00e4lan och adress nedan.<\/strong><\/p>\n<p>Seminarierna startar med att Niklas Fors\u00e9n fr\u00e5n Portugalagent ber\u00e4ttar lite om Silverkusten och Nazar\u00e9 samt om k\u00f6pprocessen i Portugal. P\u00e5 plats \u00e4r \u00e4ven Renato Silva fr\u00e5n det portugisiska m\u00e4kleriet Imo Nazar\u00e9. Sedan tar Karl-Olof \u00d6hrn \u00f6ver och beskriver situationen f\u00f6r utflyttning fr\u00e5n Sverige och inflyttning till Portugal, lite om NHR-status och annat bra att t\u00e4nka p\u00e5 vid flytt till Portugal. Efter det kommer \u00d6hman med en kort presentation om hur du kan f\u00f6rvalta ditt kapital n\u00e4r du flyttat till Portugal. Detta tar totalt ca en och en halv timme. Efter\u00e5t finns gott om tid f\u00f6r fr\u00e5gor i samband med att vi bjuder p\u00e5 lite dryck och n\u00e5got att \u00e4ta. Stanna g\u00e4rna kvar och tag chansen att st\u00e4lla dina fr\u00e5gor i en informell och liten grupp.<\/p>\n<p><strong>Varmt v\u00e4lkommen!<\/strong><\/p>\n<p>Vi har ett begr\u00e4nsat antal platser till f\u00f6rfogande. S\u00e5 snart vi f\u00e5tt din anm\u00e4lan bekr\u00e4ftar vi din medverkan \u2013 eller noterar dig om det blivit fullsatt.<\/p>\n<p><strong>N\u00e4r:<\/strong>\u00a0M\u00e5ndag 6 mars.<\/p>\n<p><strong>Lunchseminarium<\/strong>: 12.00 \u2013 13.30 ca<br \/>\nSamt<br \/>\n<strong>Kv\u00e4llsseminarium<\/strong>: 17.30 \u2013 19.00 ca<br \/>\nAnkomst ca 15 min innan utsatt tid. De som vill kan stanna kvar efter\u00e5t och f\u00e5 svar p\u00e5 fr\u00e5gor eller bara prata lite Portugal med oss!<\/p>\n<p><strong>Var:<\/strong>\u00a0I konferenslokal R21 i Gothia Towers, G\u00f6teborg.<\/p>\n<p><strong>Anm\u00e4lan:<\/strong>\u00a0Skicka ett mejl med <strong>fullst\u00e4ndigt namn, telefonnummer och mejladress<\/strong> till:<br \/>\nNiklas Fors\u00e9n,\u00a0<a href=\"mailto:niklas@portugalagent.com\"><strong>niklas@portugalagent.com<br \/>\n<\/strong><\/a><\/p>\n<p><strong><br \/>\nVIKTIGT:<\/strong>\u00a0Ett villkor f\u00f6r deltagande \u00e4r att jag f\u00e5r in <strong>fullst\u00e4ndigt namn, telefonnummer och mejladress till samtliga deltagare.<\/strong><\/p>\n<p>&nbsp;<\/p>\n<p>Fastighetsm\u00e4ssan <a href=\"http:\/\/www.fairmedia.se\/\">K\u00f6pa Hus Utomlands<\/a> arrangeras i helgen 4 och 5 mars p\u00e5 Svenska M\u00e4ssan i G\u00f6teborg.<br \/>\nBes\u00f6k oss g\u00e4rna i monter nr 68.<\/p>\n","protected":false},"excerpt":{"rendered":"<p>Portugalagent och Karl-Olof \u00d6hrn p\u00e5 \u00a0\u201dPensionering i Portugal\u201d\u00a0 h\u00e5ller tv\u00e5 skatteseminarier i G\u00f6teborg enbart riktade till reglerna i Portugal. Dessutom har vi med en representant fr\u00e5n\u00a0\u00d6hman\u00a0som ber\u00e4ttar lite om hur du kan f\u00f6rvalta ditt kapital n\u00e4r du v\u00e4l flyttat till Portugal. F\u00f6r \u00e4ndam\u00e5let har vi\u00a0hyrt ett konferensrum p\u00e5 Gothia Towers i G\u00f6teborg. Mer om hur [&hellip;]<\/p>\n","protected":false},"author":2,"featured_media":49473,"comment_status":"open","ping_status":"open","sticky":false,"template":"","format":"standard","meta":{"om_disable_all_campaigns":false,"_monsterinsights_skip_tracking":false,"_monsterinsights_sitenote_active":false,"_monsterinsights_sitenote_note":"","_monsterinsights_sitenote_category":0},"categories":[],"tags":[],"aioseo_notices":[],"yoast_head":"<!-- This site is optimized with the Yoast SEO plugin v19.10 - https:\/\/yoast.com\/wordpress\/plugins\/seo\/ -->\n<title>Seminarium om Portugal i G\u00f6teborg 6 mars - Portugal Agent<\/title>\n<meta name=\"robots\" content=\"index, follow, max-snippet:-1, max-image-preview:large, max-video-preview:-1\" \/>\n<link rel=\"canonical\" href=\"https:\/\/portugalagent.com\/sv\/seminarium-om-portugal-i-goteborg\/\" \/>\n<meta property=\"og:locale\" content=\"sv_SE\" \/>\n<meta property=\"og:type\" content=\"article\" \/>\n<meta property=\"og:title\" content=\"Seminarium om Portugal i G\u00f6teborg 6 mars - Portugal Agent\" \/>\n<meta property=\"og:description\" content=\"Portugalagent och Karl-Olof \u00d6hrn p\u00e5 \u00a0\u201dPensionering i Portugal\u201d\u00a0 h\u00e5ller tv\u00e5 skatteseminarier i G\u00f6teborg enbart riktade till reglerna i Portugal. Dessutom har vi med en representant fr\u00e5n\u00a0\u00d6hman\u00a0som ber\u00e4ttar lite om hur du kan f\u00f6rvalta ditt kapital n\u00e4r du v\u00e4l flyttat till Portugal. F\u00f6r \u00e4ndam\u00e5let har vi\u00a0hyrt ett konferensrum p\u00e5 Gothia Towers i G\u00f6teborg. Mer om hur [&hellip;]\" \/>\n<meta property=\"og:url\" content=\"https:\/\/portugalagent.com\/sv\/seminarium-om-portugal-i-goteborg\/\" \/>\n<meta property=\"og:site_name\" content=\"Portugal Agent\" \/>\n<meta property=\"article:published_time\" content=\"2017-02-28T00:00:00+00:00\" \/>\n<meta property=\"article:modified_time\" content=\"2020-04-12T19:48:48+00:00\" \/>\n<meta property=\"og:image\" content=\"https:\/\/portugalagent.com\/wp-content\/uploads\/2020\/04\/IMG_9422NET1.jpg\" \/>\n\t<meta property=\"og:image:width\" content=\"1450\" \/>\n\t<meta property=\"og:image:height\" content=\"1088\" \/>\n\t<meta property=\"og:image:type\" content=\"image\/jpeg\" \/>\n<meta name=\"author\" content=\"Niklas Fors\u00e9n\" \/>\n<meta name=\"twitter:card\" content=\"summary_large_image\" \/>\n<meta name=\"twitter:label1\" content=\"Skriven av\" \/>\n\t<meta name=\"twitter:data1\" content=\"Niklas Fors\u00e9n\" \/>\n\t<meta name=\"twitter:label2\" content=\"Ber\u00e4knad l\u00e4stid\" \/>\n\t<meta name=\"twitter:data2\" content=\"2 minuter\" \/>\n<script type=\"application\/ld+json\" class=\"yoast-schema-graph\">{\"@context\":\"https:\/\/schema.org\",\"@graph\":[{\"@type\":\"Article\",\"@id\":\"https:\/\/portugalagent.com\/sv\/seminarium-om-portugal-i-goteborg\/#article\",\"isPartOf\":{\"@id\":\"https:\/\/portugalagent.com\/sv\/seminarium-om-portugal-i-goteborg\/\"},\"author\":{\"name\":\"Niklas Fors\u00e9n\",\"@id\":\"https:\/\/portugalagent.com\/sv\/#\/schema\/person\/916dd45acb1ec87bc80bc43ca8907acd\"},\"headline\":\"Seminarium om Portugal i G\u00f6teborg 6 mars\",\"datePublished\":\"2017-02-28T00:00:00+00:00\",\"dateModified\":\"2020-04-12T19:48:48+00:00\",\"mainEntityOfPage\":{\"@id\":\"https:\/\/portugalagent.com\/sv\/seminarium-om-portugal-i-goteborg\/\"},\"wordCount\":377,\"commentCount\":0,\"publisher\":{\"@id\":\"https:\/\/portugalagent.com\/sv\/#organization\"},\"inLanguage\":\"sv-SE\",\"potentialAction\":[{\"@type\":\"CommentAction\",\"name\":\"Comment\",\"target\":[\"https:\/\/portugalagent.com\/sv\/seminarium-om-portugal-i-goteborg\/#respond\"]}]},{\"@type\":\"WebPage\",\"@id\":\"https:\/\/portugalagent.com\/sv\/seminarium-om-portugal-i-goteborg\/\",\"url\":\"https:\/\/portugalagent.com\/sv\/seminarium-om-portugal-i-goteborg\/\",\"name\":\"Seminarium om Portugal i G\u00f6teborg 6 mars - Portugal Agent\",\"isPartOf\":{\"@id\":\"https:\/\/portugalagent.com\/sv\/#website\"},\"datePublished\":\"2017-02-28T00:00:00+00:00\",\"dateModified\":\"2020-04-12T19:48:48+00:00\",\"breadcrumb\":{\"@id\":\"https:\/\/portugalagent.com\/sv\/seminarium-om-portugal-i-goteborg\/#breadcrumb\"},\"inLanguage\":\"sv-SE\",\"potentialAction\":[{\"@type\":\"ReadAction\",\"target\":[\"https:\/\/portugalagent.com\/sv\/seminarium-om-portugal-i-goteborg\/\"]}]},{\"@type\":\"BreadcrumbList\",\"@id\":\"https:\/\/portugalagent.com\/sv\/seminarium-om-portugal-i-goteborg\/#breadcrumb\",\"itemListElement\":[{\"@type\":\"ListItem\",\"position\":1,\"name\":\"Home\",\"item\":\"https:\/\/portugalagent.com\/sv\/\"},{\"@type\":\"ListItem\",\"position\":2,\"name\":\"Seminarium om Portugal i G\u00f6teborg 6 mars\"}]},{\"@type\":\"WebSite\",\"@id\":\"https:\/\/portugalagent.com\/sv\/#website\",\"url\":\"https:\/\/portugalagent.com\/sv\/\",\"name\":\"Portugal Agent\",\"description\":\"\",\"publisher\":{\"@id\":\"https:\/\/portugalagent.com\/sv\/#organization\"},\"potentialAction\":[{\"@type\":\"SearchAction\",\"target\":{\"@type\":\"EntryPoint\",\"urlTemplate\":\"https:\/\/portugalagent.com\/sv\/?s={search_term_string}\"},\"query-input\":\"required name=search_term_string\"}],\"inLanguage\":\"sv-SE\"},{\"@type\":\"Organization\",\"@id\":\"https:\/\/portugalagent.com\/sv\/#organization\",\"name\":\"Portugal Agent\",\"url\":\"https:\/\/portugalagent.com\/sv\/\",\"logo\":{\"@type\":\"ImageObject\",\"inLanguage\":\"sv-SE\",\"@id\":\"https:\/\/portugalagent.com\/sv\/#\/schema\/logo\/image\/\",\"url\":\"https:\/\/portugalagent.com\/wp-content\/uploads\/2020\/11\/portugalagent.svg\",\"contentUrl\":\"https:\/\/portugalagent.com\/wp-content\/uploads\/2020\/11\/portugalagent.svg\",\"caption\":\"Portugal Agent\"},\"image\":{\"@id\":\"https:\/\/portugalagent.com\/sv\/#\/schema\/logo\/image\/\"}},{\"@type\":\"Person\",\"@id\":\"https:\/\/portugalagent.com\/sv\/#\/schema\/person\/916dd45acb1ec87bc80bc43ca8907acd\",\"name\":\"Niklas Fors\u00e9n\",\"image\":{\"@type\":\"ImageObject\",\"inLanguage\":\"sv-SE\",\"@id\":\"https:\/\/portugalagent.com\/sv\/#\/schema\/person\/image\/\",\"url\":\"https:\/\/secure.gravatar.com\/avatar\/663013df21d0d1921019a9add374baaa?s=96&d=mm&r=g\",\"contentUrl\":\"https:\/\/secure.gravatar.com\/avatar\/663013df21d0d1921019a9add374baaa?s=96&d=mm&r=g\",\"caption\":\"Niklas Fors\u00e9n\"},\"url\":\"https:\/\/portugalagent.com\/sv\/author\/niklasportugalagent-com\/\"}]}<\/script>\n<!-- \/ Yoast SEO plugin. -->","yoast_head_json":{"title":"Seminarium om Portugal i G\u00f6teborg 6 mars - Portugal Agent","robots":{"index":"index","follow":"follow","max-snippet":"max-snippet:-1","max-image-preview":"max-image-preview:large","max-video-preview":"max-video-preview:-1"},"canonical":"https:\/\/portugalagent.com\/sv\/seminarium-om-portugal-i-goteborg\/","og_locale":"sv_SE","og_type":"article","og_title":"Seminarium om Portugal i G\u00f6teborg 6 mars - Portugal Agent","og_description":"Portugalagent och Karl-Olof \u00d6hrn p\u00e5 \u00a0\u201dPensionering i Portugal\u201d\u00a0 h\u00e5ller tv\u00e5 skatteseminarier i G\u00f6teborg enbart riktade till reglerna i Portugal. Dessutom har vi med en representant fr\u00e5n\u00a0\u00d6hman\u00a0som ber\u00e4ttar lite om hur du kan f\u00f6rvalta ditt kapital n\u00e4r du v\u00e4l flyttat till Portugal. F\u00f6r \u00e4ndam\u00e5let har vi\u00a0hyrt ett konferensrum p\u00e5 Gothia Towers i G\u00f6teborg. Mer om hur [&hellip;]","og_url":"https:\/\/portugalagent.com\/sv\/seminarium-om-portugal-i-goteborg\/","og_site_name":"Portugal Agent","article_published_time":"2017-02-28T00:00:00+00:00","article_modified_time":"2020-04-12T19:48:48+00:00","og_image":[{"width":1450,"height":1088,"url":"https:\/\/portugalagent.com\/wp-content\/uploads\/2020\/04\/IMG_9422NET1.jpg","type":"image\/jpeg"}],"author":"Niklas Fors\u00e9n","twitter_card":"summary_large_image","twitter_misc":{"Skriven av":"Niklas Fors\u00e9n","Ber\u00e4knad l\u00e4stid":"2 minuter"},"schema":{"@context":"https:\/\/schema.org","@graph":[{"@type":"Article","@id":"https:\/\/portugalagent.com\/sv\/seminarium-om-portugal-i-goteborg\/#article","isPartOf":{"@id":"https:\/\/portugalagent.com\/sv\/seminarium-om-portugal-i-goteborg\/"},"author":{"name":"Niklas Fors\u00e9n","@id":"https:\/\/portugalagent.com\/sv\/#\/schema\/person\/916dd45acb1ec87bc80bc43ca8907acd"},"headline":"Seminarium om Portugal i G\u00f6teborg 6 mars","datePublished":"2017-02-28T00:00:00+00:00","dateModified":"2020-04-12T19:48:48+00:00","mainEntityOfPage":{"@id":"https:\/\/portugalagent.com\/sv\/seminarium-om-portugal-i-goteborg\/"},"wordCount":377,"commentCount":0,"publisher":{"@id":"https:\/\/portugalagent.com\/sv\/#organization"},"inLanguage":"sv-SE","potentialAction":[{"@type":"CommentAction","name":"Comment","target":["https:\/\/portugalagent.com\/sv\/seminarium-om-portugal-i-goteborg\/#respond"]}]},{"@type":"WebPage","@id":"https:\/\/portugalagent.com\/sv\/seminarium-om-portugal-i-goteborg\/","url":"https:\/\/portugalagent.com\/sv\/seminarium-om-portugal-i-goteborg\/","name":"Seminarium om Portugal i G\u00f6teborg 6 mars - Portugal Agent","isPartOf":{"@id":"https:\/\/portugalagent.com\/sv\/#website"},"datePublished":"2017-02-28T00:00:00+00:00","dateModified":"2020-04-12T19:48:48+00:00","breadcrumb":{"@id":"https:\/\/portugalagent.com\/sv\/seminarium-om-portugal-i-goteborg\/#breadcrumb"},"inLanguage":"sv-SE","potentialAction":[{"@type":"ReadAction","target":["https:\/\/portugalagent.com\/sv\/seminarium-om-portugal-i-goteborg\/"]}]},{"@type":"BreadcrumbList","@id":"https:\/\/portugalagent.com\/sv\/seminarium-om-portugal-i-goteborg\/#breadcrumb","itemListElement":[{"@type":"ListItem","position":1,"name":"Home","item":"https:\/\/portugalagent.com\/sv\/"},{"@type":"ListItem","position":2,"name":"Seminarium om Portugal i G\u00f6teborg 6 mars"}]},{"@type":"WebSite","@id":"https:\/\/portugalagent.com\/sv\/#website","url":"https:\/\/portugalagent.com\/sv\/","name":"Portugal Agent","description":"","publisher":{"@id":"https:\/\/portugalagent.com\/sv\/#organization"},"potentialAction":[{"@type":"SearchAction","target":{"@type":"EntryPoint","urlTemplate":"https:\/\/portugalagent.com\/sv\/?s={search_term_string}"},"query-input":"required name=search_term_string"}],"inLanguage":"sv-SE"},{"@type":"Organization","@id":"https:\/\/portugalagent.com\/sv\/#organization","name":"Portugal Agent","url":"https:\/\/portugalagent.com\/sv\/","logo":{"@type":"ImageObject","inLanguage":"sv-SE","@id":"https:\/\/portugalagent.com\/sv\/#\/schema\/logo\/image\/","url":"https:\/\/portugalagent.com\/wp-content\/uploads\/2020\/11\/portugalagent.svg","contentUrl":"https:\/\/portugalagent.com\/wp-content\/uploads\/2020\/11\/portugalagent.svg","caption":"Portugal Agent"},"image":{"@id":"https:\/\/portugalagent.com\/sv\/#\/schema\/logo\/image\/"}},{"@type":"Person","@id":"https:\/\/portugalagent.com\/sv\/#\/schema\/person\/916dd45acb1ec87bc80bc43ca8907acd","name":"Niklas Fors\u00e9n","image":{"@type":"ImageObject","inLanguage":"sv-SE","@id":"https:\/\/portugalagent.com\/sv\/#\/schema\/person\/image\/","url":"https:\/\/secure.gravatar.com\/avatar\/663013df21d0d1921019a9add374baaa?s=96&d=mm&r=g","contentUrl":"https:\/\/secure.gravatar.com\/avatar\/663013df21d0d1921019a9add374baaa?s=96&d=mm&r=g","caption":"Niklas Fors\u00e9n"},"url":"https:\/\/portugalagent.com\/sv\/author\/niklasportugalagent-com\/"}]}},"_links":{"self":[{"href":"https:\/\/portugalagent.com\/sv\/wp-json\/wp\/v2\/posts\/53662"}],"collection":[{"href":"https:\/\/portugalagent.com\/sv\/wp-json\/wp\/v2\/posts"}],"about":[{"href":"https:\/\/portugalagent.com\/sv\/wp-json\/wp\/v2\/types\/post"}],"author":[{"embeddable":true,"href":"https:\/\/portugalagent.com\/sv\/wp-json\/wp\/v2\/users\/2"}],"replies":[{"embeddable":true,"href":"https:\/\/portugalagent.com\/sv\/wp-json\/wp\/v2\/comments?post=53662"}],"version-history":[{"count":1,"href":"https:\/\/portugalagent.com\/sv\/wp-json\/wp\/v2\/posts\/53662\/revisions"}],"predecessor-version":[{"id":53818,"href":"https:\/\/portugalagent.com\/sv\/wp-json\/wp\/v2\/posts\/53662\/revisions\/53818"}],"wp:featuredmedia":[{"embeddable":true,"href":"https:\/\/portugalagent.com\/sv\/wp-json\/wp\/v2\/media\/49473"}],"wp:attachment":[{"href":"https:\/\/portugalagent.com\/sv\/wp-json\/wp\/v2\/media?parent=53662"}],"wp:term":[{"taxonomy":"category","embeddable":true,"href":"https:\/\/portugalagent.com\/sv\/wp-json\/wp\/v2\/categories?post=53662"},{"taxonomy":"post_tag","embeddable":true,"href":"https:\/\/portugalagent.com\/sv\/wp-json\/wp\/v2\/tags?post=53662"}],"curies":[{"name":"wp","href":"https:\/\/api.w.org\/{rel}","templated":true}]}}