{"id":53653,"date":"2017-06-05T00:00:00","date_gmt":"2017-06-05T00:00:00","guid":{"rendered":"https:\/\/portugalagent.com\/svensktalande-maklare-i-portugal\/"},"modified":"2020-04-12T19:48:48","modified_gmt":"2020-04-12T19:48:48","slug":"svensktalande-maklare-i-portugal","status":"publish","type":"post","link":"https:\/\/portugalagent.com\/sv\/svensktalande-maklare-i-portugal\/","title":{"rendered":"Svensktalande m\u00e4klare i Portugal"},"content":{"rendered":"<p>Tag chansen att tr\u00e4ffa en svensktalande m\u00e4klare i Portugal p\u00e5 Silverkusten och i Nazar\u00e9 nu i \u00e5r. Portugalagents <a href=\"\/?page_id=1194\">Niklas Fors\u00e9n <\/a>\u00e4r p\u00e5 plats i Nazar\u00e9 under nedanst\u00e5ende perioder under 2017. Boka g\u00e4rna ett m\u00f6te i god tid. D\u00e5 kan vi planera f\u00f6r att visa er runt i Nazar\u00e9 med omgivningar. Givetvis kan vi \u00e4ven hj\u00e4lpa till med visningar av objekt f\u00f6r den som \u00f6nskar.<\/p>\n<p>Niklas Fors\u00e9n i Nazar\u00e9 under 2017:<br \/>\n7 \u2013 17 juni<br \/>\n8 \u2013 15 juli<br \/>\n15 \u2013 20\u00a0augusti<br \/>\n8 \u2013 19 september, visningsresa 13 &#8211; 17 september<br \/>\n25 \u2013 31 oktober, visningsresa 25 &#8211; 29 oktober<br \/>\n16 &#8211; 22 november<\/p>\n<p>Notera: V\u00e5rt portugisiska m\u00e4kleri, <a href=\"http:\/\/imonazare.com\/\">Imo Nazar\u00e9<\/a>, har fyra heltidsanst\u00e4llda och \u00e4r \u00f6ppet 7 dagar i veckan. Du \u00e4r v\u00e4lkommen &#8221;n\u00e4r du vill&#8221;!<\/p>\n<p>Niklas Fors\u00e9n:<br \/>\nTel: +46-70-592 60 76 \u00a0Mejl: <a href=\"mailto:niklas@portugalagent.com\">niklas@portugalagent.com<\/a><\/p>\n","protected":false},"excerpt":{"rendered":"<p>Tag chansen att tr\u00e4ffa en svensktalande m\u00e4klare i Portugal p\u00e5 Silverkusten och i Nazar\u00e9 nu i \u00e5r. Portugalagents Niklas Fors\u00e9n \u00e4r p\u00e5 plats i Nazar\u00e9 under nedanst\u00e5ende perioder under 2017. Boka g\u00e4rna ett m\u00f6te i god tid. D\u00e5 kan vi planera f\u00f6r att visa er runt i Nazar\u00e9 med omgivningar. Givetvis kan vi \u00e4ven hj\u00e4lpa [&hellip;]<\/p>\n","protected":false},"author":2,"featured_media":51138,"comment_status":"open","ping_status":"open","sticky":false,"template":"","format":"standard","meta":{"om_disable_all_campaigns":false,"_monsterinsights_skip_tracking":false,"_monsterinsights_sitenote_active":false,"_monsterinsights_sitenote_note":"","_monsterinsights_sitenote_category":0},"categories":[],"tags":[],"aioseo_notices":[],"yoast_head":"<!-- This site is optimized with the Yoast SEO plugin v19.10 - https:\/\/yoast.com\/wordpress\/plugins\/seo\/ -->\n<title>Svensktalande m\u00e4klare i Portugal - Portugal Agent<\/title>\n<meta name=\"robots\" content=\"index, follow, max-snippet:-1, max-image-preview:large, max-video-preview:-1\" \/>\n<link rel=\"canonical\" href=\"https:\/\/portugalagent.com\/sv\/svensktalande-maklare-i-portugal\/\" \/>\n<meta property=\"og:locale\" content=\"sv_SE\" \/>\n<meta property=\"og:type\" content=\"article\" \/>\n<meta property=\"og:title\" content=\"Svensktalande m\u00e4klare i Portugal - Portugal Agent\" \/>\n<meta property=\"og:description\" content=\"Tag chansen att tr\u00e4ffa en svensktalande m\u00e4klare i Portugal p\u00e5 Silverkusten och i Nazar\u00e9 nu i \u00e5r. Portugalagents Niklas Fors\u00e9n \u00e4r p\u00e5 plats i Nazar\u00e9 under nedanst\u00e5ende perioder under 2017. Boka g\u00e4rna ett m\u00f6te i god tid. D\u00e5 kan vi planera f\u00f6r att visa er runt i Nazar\u00e9 med omgivningar. Givetvis kan vi \u00e4ven hj\u00e4lpa [&hellip;]\" \/>\n<meta property=\"og:url\" content=\"https:\/\/portugalagent.com\/sv\/svensktalande-maklare-i-portugal\/\" \/>\n<meta property=\"og:site_name\" content=\"Portugal Agent\" \/>\n<meta property=\"article:published_time\" content=\"2017-06-05T00:00:00+00:00\" \/>\n<meta property=\"article:modified_time\" content=\"2020-04-12T19:48:48+00:00\" \/>\n<meta property=\"og:image\" content=\"https:\/\/portugalagent.com\/wp-content\/uploads\/2020\/04\/IMG_3617NET.jpg\" \/>\n\t<meta property=\"og:image:width\" content=\"1450\" \/>\n\t<meta property=\"og:image:height\" content=\"987\" \/>\n\t<meta property=\"og:image:type\" content=\"image\/jpeg\" \/>\n<meta name=\"author\" content=\"Niklas Fors\u00e9n\" \/>\n<meta name=\"twitter:card\" content=\"summary_large_image\" \/>\n<meta name=\"twitter:label1\" content=\"Skriven av\" \/>\n\t<meta name=\"twitter:data1\" content=\"Niklas Fors\u00e9n\" \/>\n\t<meta name=\"twitter:label2\" content=\"Ber\u00e4knad l\u00e4stid\" \/>\n\t<meta name=\"twitter:data2\" content=\"1 minut\" \/>\n<script type=\"application\/ld+json\" class=\"yoast-schema-graph\">{\"@context\":\"https:\/\/schema.org\",\"@graph\":[{\"@type\":\"Article\",\"@id\":\"https:\/\/portugalagent.com\/sv\/svensktalande-maklare-i-portugal\/#article\",\"isPartOf\":{\"@id\":\"https:\/\/portugalagent.com\/sv\/svensktalande-maklare-i-portugal\/\"},\"author\":{\"name\":\"Niklas Fors\u00e9n\",\"@id\":\"https:\/\/portugalagent.com\/sv\/#\/schema\/person\/916dd45acb1ec87bc80bc43ca8907acd\"},\"headline\":\"Svensktalande m\u00e4klare i Portugal\",\"datePublished\":\"2017-06-05T00:00:00+00:00\",\"dateModified\":\"2020-04-12T19:48:48+00:00\",\"mainEntityOfPage\":{\"@id\":\"https:\/\/portugalagent.com\/sv\/svensktalande-maklare-i-portugal\/\"},\"wordCount\":132,\"commentCount\":0,\"publisher\":{\"@id\":\"https:\/\/portugalagent.com\/sv\/#organization\"},\"inLanguage\":\"sv-SE\",\"potentialAction\":[{\"@type\":\"CommentAction\",\"name\":\"Comment\",\"target\":[\"https:\/\/portugalagent.com\/sv\/svensktalande-maklare-i-portugal\/#respond\"]}]},{\"@type\":\"WebPage\",\"@id\":\"https:\/\/portugalagent.com\/sv\/svensktalande-maklare-i-portugal\/\",\"url\":\"https:\/\/portugalagent.com\/sv\/svensktalande-maklare-i-portugal\/\",\"name\":\"Svensktalande m\u00e4klare i Portugal - Portugal Agent\",\"isPartOf\":{\"@id\":\"https:\/\/portugalagent.com\/sv\/#website\"},\"datePublished\":\"2017-06-05T00:00:00+00:00\",\"dateModified\":\"2020-04-12T19:48:48+00:00\",\"breadcrumb\":{\"@id\":\"https:\/\/portugalagent.com\/sv\/svensktalande-maklare-i-portugal\/#breadcrumb\"},\"inLanguage\":\"sv-SE\",\"potentialAction\":[{\"@type\":\"ReadAction\",\"target\":[\"https:\/\/portugalagent.com\/sv\/svensktalande-maklare-i-portugal\/\"]}]},{\"@type\":\"BreadcrumbList\",\"@id\":\"https:\/\/portugalagent.com\/sv\/svensktalande-maklare-i-portugal\/#breadcrumb\",\"itemListElement\":[{\"@type\":\"ListItem\",\"position\":1,\"name\":\"Home\",\"item\":\"https:\/\/portugalagent.com\/sv\/\"},{\"@type\":\"ListItem\",\"position\":2,\"name\":\"Svensktalande m\u00e4klare i Portugal\"}]},{\"@type\":\"WebSite\",\"@id\":\"https:\/\/portugalagent.com\/sv\/#website\",\"url\":\"https:\/\/portugalagent.com\/sv\/\",\"name\":\"Portugal Agent\",\"description\":\"\",\"publisher\":{\"@id\":\"https:\/\/portugalagent.com\/sv\/#organization\"},\"potentialAction\":[{\"@type\":\"SearchAction\",\"target\":{\"@type\":\"EntryPoint\",\"urlTemplate\":\"https:\/\/portugalagent.com\/sv\/?s={search_term_string}\"},\"query-input\":\"required name=search_term_string\"}],\"inLanguage\":\"sv-SE\"},{\"@type\":\"Organization\",\"@id\":\"https:\/\/portugalagent.com\/sv\/#organization\",\"name\":\"Portugal Agent\",\"url\":\"https:\/\/portugalagent.com\/sv\/\",\"logo\":{\"@type\":\"ImageObject\",\"inLanguage\":\"sv-SE\",\"@id\":\"https:\/\/portugalagent.com\/sv\/#\/schema\/logo\/image\/\",\"url\":\"https:\/\/portugalagent.com\/wp-content\/uploads\/2020\/11\/portugalagent.svg\",\"contentUrl\":\"https:\/\/portugalagent.com\/wp-content\/uploads\/2020\/11\/portugalagent.svg\",\"caption\":\"Portugal Agent\"},\"image\":{\"@id\":\"https:\/\/portugalagent.com\/sv\/#\/schema\/logo\/image\/\"}},{\"@type\":\"Person\",\"@id\":\"https:\/\/portugalagent.com\/sv\/#\/schema\/person\/916dd45acb1ec87bc80bc43ca8907acd\",\"name\":\"Niklas Fors\u00e9n\",\"image\":{\"@type\":\"ImageObject\",\"inLanguage\":\"sv-SE\",\"@id\":\"https:\/\/portugalagent.com\/sv\/#\/schema\/person\/image\/\",\"url\":\"https:\/\/secure.gravatar.com\/avatar\/663013df21d0d1921019a9add374baaa?s=96&d=mm&r=g\",\"contentUrl\":\"https:\/\/secure.gravatar.com\/avatar\/663013df21d0d1921019a9add374baaa?s=96&d=mm&r=g\",\"caption\":\"Niklas Fors\u00e9n\"},\"url\":\"https:\/\/portugalagent.com\/sv\/author\/niklasportugalagent-com\/\"}]}<\/script>\n<!-- \/ Yoast SEO plugin. -->","yoast_head_json":{"title":"Svensktalande m\u00e4klare i Portugal - Portugal Agent","robots":{"index":"index","follow":"follow","max-snippet":"max-snippet:-1","max-image-preview":"max-image-preview:large","max-video-preview":"max-video-preview:-1"},"canonical":"https:\/\/portugalagent.com\/sv\/svensktalande-maklare-i-portugal\/","og_locale":"sv_SE","og_type":"article","og_title":"Svensktalande m\u00e4klare i Portugal - Portugal Agent","og_description":"Tag chansen att tr\u00e4ffa en svensktalande m\u00e4klare i Portugal p\u00e5 Silverkusten och i Nazar\u00e9 nu i \u00e5r. Portugalagents Niklas Fors\u00e9n \u00e4r p\u00e5 plats i Nazar\u00e9 under nedanst\u00e5ende perioder under 2017. Boka g\u00e4rna ett m\u00f6te i god tid. D\u00e5 kan vi planera f\u00f6r att visa er runt i Nazar\u00e9 med omgivningar. Givetvis kan vi \u00e4ven hj\u00e4lpa [&hellip;]","og_url":"https:\/\/portugalagent.com\/sv\/svensktalande-maklare-i-portugal\/","og_site_name":"Portugal Agent","article_published_time":"2017-06-05T00:00:00+00:00","article_modified_time":"2020-04-12T19:48:48+00:00","og_image":[{"width":1450,"height":987,"url":"https:\/\/portugalagent.com\/wp-content\/uploads\/2020\/04\/IMG_3617NET.jpg","type":"image\/jpeg"}],"author":"Niklas Fors\u00e9n","twitter_card":"summary_large_image","twitter_misc":{"Skriven av":"Niklas Fors\u00e9n","Ber\u00e4knad l\u00e4stid":"1 minut"},"schema":{"@context":"https:\/\/schema.org","@graph":[{"@type":"Article","@id":"https:\/\/portugalagent.com\/sv\/svensktalande-maklare-i-portugal\/#article","isPartOf":{"@id":"https:\/\/portugalagent.com\/sv\/svensktalande-maklare-i-portugal\/"},"author":{"name":"Niklas Fors\u00e9n","@id":"https:\/\/portugalagent.com\/sv\/#\/schema\/person\/916dd45acb1ec87bc80bc43ca8907acd"},"headline":"Svensktalande m\u00e4klare i Portugal","datePublished":"2017-06-05T00:00:00+00:00","dateModified":"2020-04-12T19:48:48+00:00","mainEntityOfPage":{"@id":"https:\/\/portugalagent.com\/sv\/svensktalande-maklare-i-portugal\/"},"wordCount":132,"commentCount":0,"publisher":{"@id":"https:\/\/portugalagent.com\/sv\/#organization"},"inLanguage":"sv-SE","potentialAction":[{"@type":"CommentAction","name":"Comment","target":["https:\/\/portugalagent.com\/sv\/svensktalande-maklare-i-portugal\/#respond"]}]},{"@type":"WebPage","@id":"https:\/\/portugalagent.com\/sv\/svensktalande-maklare-i-portugal\/","url":"https:\/\/portugalagent.com\/sv\/svensktalande-maklare-i-portugal\/","name":"Svensktalande m\u00e4klare i Portugal - Portugal Agent","isPartOf":{"@id":"https:\/\/portugalagent.com\/sv\/#website"},"datePublished":"2017-06-05T00:00:00+00:00","dateModified":"2020-04-12T19:48:48+00:00","breadcrumb":{"@id":"https:\/\/portugalagent.com\/sv\/svensktalande-maklare-i-portugal\/#breadcrumb"},"inLanguage":"sv-SE","potentialAction":[{"@type":"ReadAction","target":["https:\/\/portugalagent.com\/sv\/svensktalande-maklare-i-portugal\/"]}]},{"@type":"BreadcrumbList","@id":"https:\/\/portugalagent.com\/sv\/svensktalande-maklare-i-portugal\/#breadcrumb","itemListElement":[{"@type":"ListItem","position":1,"name":"Home","item":"https:\/\/portugalagent.com\/sv\/"},{"@type":"ListItem","position":2,"name":"Svensktalande m\u00e4klare i Portugal"}]},{"@type":"WebSite","@id":"https:\/\/portugalagent.com\/sv\/#website","url":"https:\/\/portugalagent.com\/sv\/","name":"Portugal Agent","description":"","publisher":{"@id":"https:\/\/portugalagent.com\/sv\/#organization"},"potentialAction":[{"@type":"SearchAction","target":{"@type":"EntryPoint","urlTemplate":"https:\/\/portugalagent.com\/sv\/?s={search_term_string}"},"query-input":"required name=search_term_string"}],"inLanguage":"sv-SE"},{"@type":"Organization","@id":"https:\/\/portugalagent.com\/sv\/#organization","name":"Portugal Agent","url":"https:\/\/portugalagent.com\/sv\/","logo":{"@type":"ImageObject","inLanguage":"sv-SE","@id":"https:\/\/portugalagent.com\/sv\/#\/schema\/logo\/image\/","url":"https:\/\/portugalagent.com\/wp-content\/uploads\/2020\/11\/portugalagent.svg","contentUrl":"https:\/\/portugalagent.com\/wp-content\/uploads\/2020\/11\/portugalagent.svg","caption":"Portugal Agent"},"image":{"@id":"https:\/\/portugalagent.com\/sv\/#\/schema\/logo\/image\/"}},{"@type":"Person","@id":"https:\/\/portugalagent.com\/sv\/#\/schema\/person\/916dd45acb1ec87bc80bc43ca8907acd","name":"Niklas Fors\u00e9n","image":{"@type":"ImageObject","inLanguage":"sv-SE","@id":"https:\/\/portugalagent.com\/sv\/#\/schema\/person\/image\/","url":"https:\/\/secure.gravatar.com\/avatar\/663013df21d0d1921019a9add374baaa?s=96&d=mm&r=g","contentUrl":"https:\/\/secure.gravatar.com\/avatar\/663013df21d0d1921019a9add374baaa?s=96&d=mm&r=g","caption":"Niklas Fors\u00e9n"},"url":"https:\/\/portugalagent.com\/sv\/author\/niklasportugalagent-com\/"}]}},"_links":{"self":[{"href":"https:\/\/portugalagent.com\/sv\/wp-json\/wp\/v2\/posts\/53653"}],"collection":[{"href":"https:\/\/portugalagent.com\/sv\/wp-json\/wp\/v2\/posts"}],"about":[{"href":"https:\/\/portugalagent.com\/sv\/wp-json\/wp\/v2\/types\/post"}],"author":[{"embeddable":true,"href":"https:\/\/portugalagent.com\/sv\/wp-json\/wp\/v2\/users\/2"}],"replies":[{"embeddable":true,"href":"https:\/\/portugalagent.com\/sv\/wp-json\/wp\/v2\/comments?post=53653"}],"version-history":[{"count":1,"href":"https:\/\/portugalagent.com\/sv\/wp-json\/wp\/v2\/posts\/53653\/revisions"}],"predecessor-version":[{"id":53810,"href":"https:\/\/portugalagent.com\/sv\/wp-json\/wp\/v2\/posts\/53653\/revisions\/53810"}],"wp:featuredmedia":[{"embeddable":true,"href":"https:\/\/portugalagent.com\/sv\/wp-json\/wp\/v2\/media\/51138"}],"wp:attachment":[{"href":"https:\/\/portugalagent.com\/sv\/wp-json\/wp\/v2\/media?parent=53653"}],"wp:term":[{"taxonomy":"category","embeddable":true,"href":"https:\/\/portugalagent.com\/sv\/wp-json\/wp\/v2\/categories?post=53653"},{"taxonomy":"post_tag","embeddable":true,"href":"https:\/\/portugalagent.com\/sv\/wp-json\/wp\/v2\/tags?post=53653"}],"curies":[{"name":"wp","href":"https:\/\/api.w.org\/{rel}","templated":true}]}}