{"id":53649,"date":"2017-08-21T00:00:00","date_gmt":"2017-08-21T00:00:00","guid":{"rendered":"https:\/\/portugalagent.com\/mtb-och-vandring-i-varldsklass-alcobaca\/"},"modified":"2020-04-23T18:43:42","modified_gmt":"2020-04-23T18:43:42","slug":"mtb-och-vandring-i-varldsklass-alcobaca","status":"publish","type":"post","link":"https:\/\/portugalagent.com\/sv\/mtb-och-vandring-i-varldsklass-alcobaca\/","title":{"rendered":"Mtb och vandring i v\u00e4rldsklass &#8211; Alcoba\u00e7a"},"content":{"rendered":"<p>Att det finns fina m\u00f6jligheter till vandring och mtb i Nazar\u00e9 med omnejd visste vi redan. Att det var \u00e4nnu b\u00e4ttre strax utanf\u00f6r&nbsp;Alcoba\u00e7a var en positiv \u00f6verraskning. Vi lade ner tv\u00e5 dagar p\u00e5 att scouta leder och v\u00e4gar i \u00f6stra delarna av&nbsp;Alcoba\u00e7a och runtomkring byn Chiqueda. Vi hittade leder i v\u00e4rldsklass! Dessutom \u00e4r stora delar av detta ledsystem sk\u00f6n singletrack.<\/p>\n<p>Alcoba\u00e7a ligger ca 12 km \u00f6ster om Nazar\u00e9. H\u00e4r blir det mer kuperat och mer landsbygd med fina stigar genom naturen. Den sportige cyklar l\u00e4tt fram och tillbaka fr\u00e5n Nazar\u00e9 och l\u00e4gger sedan in allt fr\u00e5n ca 10 km upp till ca 50 km singletrack i kuperad terr\u00e4ng. Lika bra f\u00f6r vandring! Vi packade bilen med cyklarna s\u00e5 vi kunde koncentrera oss p\u00e5 mtb-stigarna. Tar du bilen hit kan jag rekommendera att du parkerar utanf\u00f6r restaurang Maria Jos\u00e9, Rua Quinta das Freiras eller p\u00e5 parkeringen utanf\u00f6r <a href=\"http:\/\/www.parquedosmonges.com\/\">Parque dos Monges<\/a> (de har bra toaletter vid parkeringen dessutom).<\/p>\n<p>F\u00f6r att du enkelt ska hitta bland alla olika leder rekommenderar jag <a href=\"https:\/\/www.gpsies.com\/homeOnly.do?isFullScreenLeave=true&amp;country=PT#15_39.538254160755_-8.941819667816162_hikebike\">www.gpsies.com&nbsp;<\/a>&nbsp;S\u00f6k Alcoba\u00e7a och st\u00e4ll in den p\u00e5 mtb eller vandring samt tag bort alla andra f\u00f6rslag (landsv\u00e4g, ridning osv) s\u00e5 finner du m\u00e5nga roliga alternativ i detta omr\u00e5de.<\/p>\n<p>F\u00f6rsta dagen parkerade vi utanf\u00f6r C\u00e1mera do Municipal i&nbsp;Alcoba\u00e7a &#8211; coolt hus! Andra dagen vid toaletterna utanf\u00f6r Parque dos Monges vilket \u00e4r n\u00e4stan d\u00e4r de bra lederna b\u00f6rjar och slutar. Sedan \u00e4r det bara att v\u00e4lja: kl\u00e4ttring upp till ca 500 m.\u00f6.h eller &#8221;bara&#8221; 250 m.\u00f6.h. Vi valde varianter runt 250 m.\u00f6.h. vilket gav oss ca 750 h\u00f6jdmeters kl\u00e4ttring totalt b\u00e5da dagarna fast p\u00e5 olika leder. V\u00e4ljer du att ta dig h\u00f6gre upp blir det mer \u00e4n 1.500 meters stigningar med alla dalar och uppf\u00f6rsbackar.<\/p>\n<p>Bilderna f\u00e5r tala f\u00f6r sig sj\u00e4lva!<\/p>\n<p>Vill du bli guidad? H\u00e4ng med p\u00e5 <a href=\"https:\/\/portugalagent.com\/sv\/?p=304\">visningsresa!<\/a><\/p>\n","protected":false},"excerpt":{"rendered":"<p>Att det finns fina m\u00f6jligheter till vandring och mtb i Nazar\u00e9 med omnejd visste vi redan. Att det var \u00e4nnu b\u00e4ttre strax utanf\u00f6r&nbsp;Alcoba\u00e7a var en positiv \u00f6verraskning. Vi lade ner tv\u00e5 dagar p\u00e5 att scouta leder och v\u00e4gar i \u00f6stra delarna av&nbsp;Alcoba\u00e7a och runtomkring byn Chiqueda. Vi hittade leder i v\u00e4rldsklass! Dessutom \u00e4r stora delar [&hellip;]<\/p>\n","protected":false},"author":2,"featured_media":51274,"comment_status":"open","ping_status":"open","sticky":false,"template":"","format":"standard","meta":{"om_disable_all_campaigns":false,"_monsterinsights_skip_tracking":false,"_monsterinsights_sitenote_active":false,"_monsterinsights_sitenote_note":"","_monsterinsights_sitenote_category":0},"categories":[18],"tags":[],"aioseo_notices":[],"yoast_head":"<!-- This site is optimized with the Yoast SEO plugin v19.10 - https:\/\/yoast.com\/wordpress\/plugins\/seo\/ -->\n<title>Mtb och vandring i v\u00e4rldsklass - Alcoba\u00e7a - Portugal Agent<\/title>\n<meta name=\"robots\" content=\"index, follow, max-snippet:-1, max-image-preview:large, max-video-preview:-1\" \/>\n<link rel=\"canonical\" href=\"https:\/\/portugalagent.com\/sv\/mtb-och-vandring-i-varldsklass-alcobaca\/\" \/>\n<meta property=\"og:locale\" content=\"sv_SE\" \/>\n<meta property=\"og:type\" content=\"article\" \/>\n<meta property=\"og:title\" content=\"Mtb och vandring i v\u00e4rldsklass - Alcoba\u00e7a - Portugal Agent\" \/>\n<meta property=\"og:description\" content=\"Att det finns fina m\u00f6jligheter till vandring och mtb i Nazar\u00e9 med omnejd visste vi redan. Att det var \u00e4nnu b\u00e4ttre strax utanf\u00f6r&nbsp;Alcoba\u00e7a var en positiv \u00f6verraskning. Vi lade ner tv\u00e5 dagar p\u00e5 att scouta leder och v\u00e4gar i \u00f6stra delarna av&nbsp;Alcoba\u00e7a och runtomkring byn Chiqueda. Vi hittade leder i v\u00e4rldsklass! Dessutom \u00e4r stora delar [&hellip;]\" \/>\n<meta property=\"og:url\" content=\"https:\/\/portugalagent.com\/sv\/mtb-och-vandring-i-varldsklass-alcobaca\/\" \/>\n<meta property=\"og:site_name\" content=\"Portugal Agent\" \/>\n<meta property=\"article:published_time\" content=\"2017-08-21T00:00:00+00:00\" \/>\n<meta property=\"article:modified_time\" content=\"2020-04-23T18:43:42+00:00\" \/>\n<meta property=\"og:image\" content=\"https:\/\/portugalagent.com\/wp-content\/uploads\/2020\/04\/IMG_5557NET.jpg\" \/>\n\t<meta property=\"og:image:width\" content=\"1280\" \/>\n\t<meta property=\"og:image:height\" content=\"960\" \/>\n\t<meta property=\"og:image:type\" content=\"image\/jpeg\" \/>\n<meta name=\"author\" content=\"Niklas Fors\u00e9n\" \/>\n<meta name=\"twitter:card\" content=\"summary_large_image\" \/>\n<meta name=\"twitter:label1\" content=\"Skriven av\" \/>\n\t<meta name=\"twitter:data1\" content=\"Niklas Fors\u00e9n\" \/>\n\t<meta name=\"twitter:label2\" content=\"Ber\u00e4knad l\u00e4stid\" \/>\n\t<meta name=\"twitter:data2\" content=\"2 minuter\" \/>\n<script type=\"application\/ld+json\" class=\"yoast-schema-graph\">{\"@context\":\"https:\/\/schema.org\",\"@graph\":[{\"@type\":\"Article\",\"@id\":\"https:\/\/portugalagent.com\/sv\/mtb-och-vandring-i-varldsklass-alcobaca\/#article\",\"isPartOf\":{\"@id\":\"https:\/\/portugalagent.com\/sv\/mtb-och-vandring-i-varldsklass-alcobaca\/\"},\"author\":{\"name\":\"Niklas Fors\u00e9n\",\"@id\":\"https:\/\/portugalagent.com\/sv\/#\/schema\/person\/916dd45acb1ec87bc80bc43ca8907acd\"},\"headline\":\"Mtb och vandring i v\u00e4rldsklass &#8211; Alcoba\u00e7a\",\"datePublished\":\"2017-08-21T00:00:00+00:00\",\"dateModified\":\"2020-04-23T18:43:42+00:00\",\"mainEntityOfPage\":{\"@id\":\"https:\/\/portugalagent.com\/sv\/mtb-och-vandring-i-varldsklass-alcobaca\/\"},\"wordCount\":356,\"commentCount\":0,\"publisher\":{\"@id\":\"https:\/\/portugalagent.com\/sv\/#organization\"},\"articleSection\":[\"Nyheter\"],\"inLanguage\":\"sv-SE\",\"potentialAction\":[{\"@type\":\"CommentAction\",\"name\":\"Comment\",\"target\":[\"https:\/\/portugalagent.com\/sv\/mtb-och-vandring-i-varldsklass-alcobaca\/#respond\"]}]},{\"@type\":\"WebPage\",\"@id\":\"https:\/\/portugalagent.com\/sv\/mtb-och-vandring-i-varldsklass-alcobaca\/\",\"url\":\"https:\/\/portugalagent.com\/sv\/mtb-och-vandring-i-varldsklass-alcobaca\/\",\"name\":\"Mtb och vandring i v\u00e4rldsklass - Alcoba\u00e7a - Portugal Agent\",\"isPartOf\":{\"@id\":\"https:\/\/portugalagent.com\/sv\/#website\"},\"datePublished\":\"2017-08-21T00:00:00+00:00\",\"dateModified\":\"2020-04-23T18:43:42+00:00\",\"breadcrumb\":{\"@id\":\"https:\/\/portugalagent.com\/sv\/mtb-och-vandring-i-varldsklass-alcobaca\/#breadcrumb\"},\"inLanguage\":\"sv-SE\",\"potentialAction\":[{\"@type\":\"ReadAction\",\"target\":[\"https:\/\/portugalagent.com\/sv\/mtb-och-vandring-i-varldsklass-alcobaca\/\"]}]},{\"@type\":\"BreadcrumbList\",\"@id\":\"https:\/\/portugalagent.com\/sv\/mtb-och-vandring-i-varldsklass-alcobaca\/#breadcrumb\",\"itemListElement\":[{\"@type\":\"ListItem\",\"position\":1,\"name\":\"Home\",\"item\":\"https:\/\/portugalagent.com\/sv\/\"},{\"@type\":\"ListItem\",\"position\":2,\"name\":\"Mtb och vandring i v\u00e4rldsklass &#8211; Alcoba\u00e7a\"}]},{\"@type\":\"WebSite\",\"@id\":\"https:\/\/portugalagent.com\/sv\/#website\",\"url\":\"https:\/\/portugalagent.com\/sv\/\",\"name\":\"Portugal Agent\",\"description\":\"\",\"publisher\":{\"@id\":\"https:\/\/portugalagent.com\/sv\/#organization\"},\"potentialAction\":[{\"@type\":\"SearchAction\",\"target\":{\"@type\":\"EntryPoint\",\"urlTemplate\":\"https:\/\/portugalagent.com\/sv\/?s={search_term_string}\"},\"query-input\":\"required name=search_term_string\"}],\"inLanguage\":\"sv-SE\"},{\"@type\":\"Organization\",\"@id\":\"https:\/\/portugalagent.com\/sv\/#organization\",\"name\":\"Portugal Agent\",\"url\":\"https:\/\/portugalagent.com\/sv\/\",\"logo\":{\"@type\":\"ImageObject\",\"inLanguage\":\"sv-SE\",\"@id\":\"https:\/\/portugalagent.com\/sv\/#\/schema\/logo\/image\/\",\"url\":\"https:\/\/portugalagent.com\/wp-content\/uploads\/2020\/11\/portugalagent.svg\",\"contentUrl\":\"https:\/\/portugalagent.com\/wp-content\/uploads\/2020\/11\/portugalagent.svg\",\"caption\":\"Portugal Agent\"},\"image\":{\"@id\":\"https:\/\/portugalagent.com\/sv\/#\/schema\/logo\/image\/\"}},{\"@type\":\"Person\",\"@id\":\"https:\/\/portugalagent.com\/sv\/#\/schema\/person\/916dd45acb1ec87bc80bc43ca8907acd\",\"name\":\"Niklas Fors\u00e9n\",\"image\":{\"@type\":\"ImageObject\",\"inLanguage\":\"sv-SE\",\"@id\":\"https:\/\/portugalagent.com\/sv\/#\/schema\/person\/image\/\",\"url\":\"https:\/\/secure.gravatar.com\/avatar\/663013df21d0d1921019a9add374baaa?s=96&d=mm&r=g\",\"contentUrl\":\"https:\/\/secure.gravatar.com\/avatar\/663013df21d0d1921019a9add374baaa?s=96&d=mm&r=g\",\"caption\":\"Niklas Fors\u00e9n\"},\"url\":\"https:\/\/portugalagent.com\/sv\/author\/niklasportugalagent-com\/\"}]}<\/script>\n<!-- \/ Yoast SEO plugin. -->","yoast_head_json":{"title":"Mtb och vandring i v\u00e4rldsklass - Alcoba\u00e7a - Portugal Agent","robots":{"index":"index","follow":"follow","max-snippet":"max-snippet:-1","max-image-preview":"max-image-preview:large","max-video-preview":"max-video-preview:-1"},"canonical":"https:\/\/portugalagent.com\/sv\/mtb-och-vandring-i-varldsklass-alcobaca\/","og_locale":"sv_SE","og_type":"article","og_title":"Mtb och vandring i v\u00e4rldsklass - Alcoba\u00e7a - Portugal Agent","og_description":"Att det finns fina m\u00f6jligheter till vandring och mtb i Nazar\u00e9 med omnejd visste vi redan. Att det var \u00e4nnu b\u00e4ttre strax utanf\u00f6r&nbsp;Alcoba\u00e7a var en positiv \u00f6verraskning. Vi lade ner tv\u00e5 dagar p\u00e5 att scouta leder och v\u00e4gar i \u00f6stra delarna av&nbsp;Alcoba\u00e7a och runtomkring byn Chiqueda. Vi hittade leder i v\u00e4rldsklass! Dessutom \u00e4r stora delar [&hellip;]","og_url":"https:\/\/portugalagent.com\/sv\/mtb-och-vandring-i-varldsklass-alcobaca\/","og_site_name":"Portugal Agent","article_published_time":"2017-08-21T00:00:00+00:00","article_modified_time":"2020-04-23T18:43:42+00:00","og_image":[{"width":1280,"height":960,"url":"https:\/\/portugalagent.com\/wp-content\/uploads\/2020\/04\/IMG_5557NET.jpg","type":"image\/jpeg"}],"author":"Niklas Fors\u00e9n","twitter_card":"summary_large_image","twitter_misc":{"Skriven av":"Niklas Fors\u00e9n","Ber\u00e4knad l\u00e4stid":"2 minuter"},"schema":{"@context":"https:\/\/schema.org","@graph":[{"@type":"Article","@id":"https:\/\/portugalagent.com\/sv\/mtb-och-vandring-i-varldsklass-alcobaca\/#article","isPartOf":{"@id":"https:\/\/portugalagent.com\/sv\/mtb-och-vandring-i-varldsklass-alcobaca\/"},"author":{"name":"Niklas Fors\u00e9n","@id":"https:\/\/portugalagent.com\/sv\/#\/schema\/person\/916dd45acb1ec87bc80bc43ca8907acd"},"headline":"Mtb och vandring i v\u00e4rldsklass &#8211; Alcoba\u00e7a","datePublished":"2017-08-21T00:00:00+00:00","dateModified":"2020-04-23T18:43:42+00:00","mainEntityOfPage":{"@id":"https:\/\/portugalagent.com\/sv\/mtb-och-vandring-i-varldsklass-alcobaca\/"},"wordCount":356,"commentCount":0,"publisher":{"@id":"https:\/\/portugalagent.com\/sv\/#organization"},"articleSection":["Nyheter"],"inLanguage":"sv-SE","potentialAction":[{"@type":"CommentAction","name":"Comment","target":["https:\/\/portugalagent.com\/sv\/mtb-och-vandring-i-varldsklass-alcobaca\/#respond"]}]},{"@type":"WebPage","@id":"https:\/\/portugalagent.com\/sv\/mtb-och-vandring-i-varldsklass-alcobaca\/","url":"https:\/\/portugalagent.com\/sv\/mtb-och-vandring-i-varldsklass-alcobaca\/","name":"Mtb och vandring i v\u00e4rldsklass - Alcoba\u00e7a - Portugal Agent","isPartOf":{"@id":"https:\/\/portugalagent.com\/sv\/#website"},"datePublished":"2017-08-21T00:00:00+00:00","dateModified":"2020-04-23T18:43:42+00:00","breadcrumb":{"@id":"https:\/\/portugalagent.com\/sv\/mtb-och-vandring-i-varldsklass-alcobaca\/#breadcrumb"},"inLanguage":"sv-SE","potentialAction":[{"@type":"ReadAction","target":["https:\/\/portugalagent.com\/sv\/mtb-och-vandring-i-varldsklass-alcobaca\/"]}]},{"@type":"BreadcrumbList","@id":"https:\/\/portugalagent.com\/sv\/mtb-och-vandring-i-varldsklass-alcobaca\/#breadcrumb","itemListElement":[{"@type":"ListItem","position":1,"name":"Home","item":"https:\/\/portugalagent.com\/sv\/"},{"@type":"ListItem","position":2,"name":"Mtb och vandring i v\u00e4rldsklass &#8211; Alcoba\u00e7a"}]},{"@type":"WebSite","@id":"https:\/\/portugalagent.com\/sv\/#website","url":"https:\/\/portugalagent.com\/sv\/","name":"Portugal Agent","description":"","publisher":{"@id":"https:\/\/portugalagent.com\/sv\/#organization"},"potentialAction":[{"@type":"SearchAction","target":{"@type":"EntryPoint","urlTemplate":"https:\/\/portugalagent.com\/sv\/?s={search_term_string}"},"query-input":"required name=search_term_string"}],"inLanguage":"sv-SE"},{"@type":"Organization","@id":"https:\/\/portugalagent.com\/sv\/#organization","name":"Portugal Agent","url":"https:\/\/portugalagent.com\/sv\/","logo":{"@type":"ImageObject","inLanguage":"sv-SE","@id":"https:\/\/portugalagent.com\/sv\/#\/schema\/logo\/image\/","url":"https:\/\/portugalagent.com\/wp-content\/uploads\/2020\/11\/portugalagent.svg","contentUrl":"https:\/\/portugalagent.com\/wp-content\/uploads\/2020\/11\/portugalagent.svg","caption":"Portugal Agent"},"image":{"@id":"https:\/\/portugalagent.com\/sv\/#\/schema\/logo\/image\/"}},{"@type":"Person","@id":"https:\/\/portugalagent.com\/sv\/#\/schema\/person\/916dd45acb1ec87bc80bc43ca8907acd","name":"Niklas Fors\u00e9n","image":{"@type":"ImageObject","inLanguage":"sv-SE","@id":"https:\/\/portugalagent.com\/sv\/#\/schema\/person\/image\/","url":"https:\/\/secure.gravatar.com\/avatar\/663013df21d0d1921019a9add374baaa?s=96&d=mm&r=g","contentUrl":"https:\/\/secure.gravatar.com\/avatar\/663013df21d0d1921019a9add374baaa?s=96&d=mm&r=g","caption":"Niklas Fors\u00e9n"},"url":"https:\/\/portugalagent.com\/sv\/author\/niklasportugalagent-com\/"}]}},"_links":{"self":[{"href":"https:\/\/portugalagent.com\/sv\/wp-json\/wp\/v2\/posts\/53649"}],"collection":[{"href":"https:\/\/portugalagent.com\/sv\/wp-json\/wp\/v2\/posts"}],"about":[{"href":"https:\/\/portugalagent.com\/sv\/wp-json\/wp\/v2\/types\/post"}],"author":[{"embeddable":true,"href":"https:\/\/portugalagent.com\/sv\/wp-json\/wp\/v2\/users\/2"}],"replies":[{"embeddable":true,"href":"https:\/\/portugalagent.com\/sv\/wp-json\/wp\/v2\/comments?post=53649"}],"version-history":[{"count":2,"href":"https:\/\/portugalagent.com\/sv\/wp-json\/wp\/v2\/posts\/53649\/revisions"}],"predecessor-version":[{"id":54459,"href":"https:\/\/portugalagent.com\/sv\/wp-json\/wp\/v2\/posts\/53649\/revisions\/54459"}],"wp:featuredmedia":[{"embeddable":true,"href":"https:\/\/portugalagent.com\/sv\/wp-json\/wp\/v2\/media\/51274"}],"wp:attachment":[{"href":"https:\/\/portugalagent.com\/sv\/wp-json\/wp\/v2\/media?parent=53649"}],"wp:term":[{"taxonomy":"category","embeddable":true,"href":"https:\/\/portugalagent.com\/sv\/wp-json\/wp\/v2\/categories?post=53649"},{"taxonomy":"post_tag","embeddable":true,"href":"https:\/\/portugalagent.com\/sv\/wp-json\/wp\/v2\/tags?post=53649"}],"curies":[{"name":"wp","href":"https:\/\/api.w.org\/{rel}","templated":true}]}}