{"id":53646,"date":"2017-09-05T00:00:00","date_gmt":"2017-09-05T00:00:00","guid":{"rendered":"https:\/\/portugalagent.com\/nyhetsbrev-september-2017\/"},"modified":"2020-04-12T19:48:48","modified_gmt":"2020-04-12T19:48:48","slug":"nyhetsbrev-september-2017","status":"publish","type":"post","link":"https:\/\/portugalagent.com\/sv\/nyhetsbrev-september-2017\/","title":{"rendered":"Nyhetsbrev september 2017"},"content":{"rendered":"<p><strong>Nu \u00e4r det snart h\u00f6st i Sverige \u2013 d\u00e5 b\u00f6rjar den b\u00e4sta tiden p\u00e5 Silverkusten!<\/strong><\/p>\n<p>I slutet av augusti kan man redan ana h\u00f6sten p\u00e5 m\u00e5nga platser i Sverige. H\u00e4r p\u00e5 Silverkusten str\u00e4cker sig sommarv\u00e4rmen l\u00e5ngt in i oktober. F\u00f6rra h\u00f6sten faktiskt \u00e4nda in i november. Jag tycker att h\u00f6sten \u00e4r b\u00e4sta tiden h\u00e4r i Nazar\u00e9 och p\u00e5 Silverkusten. D\u00e5 \u00e4r inte massturismen kvar, det blir ett lugnare tempo samtidigt som alla restauranger och butiker h\u00e5ller \u00f6ppet som vanligt. Dessutom har havet v\u00e4rmts upp av sommarsolen och hj\u00e4lper till att h\u00e5lla temperaturen uppe p\u00e5 n\u00e4tterna.<\/p>\n<p><strong>Nazar\u00e9 v\u00e4xer och har h\u00e4lsan<br \/>\n<\/strong>Jag k\u00f6pte sj\u00e4lv bostad i Nazar\u00e9 h\u00f6sten 2013 och har vistats mycket h\u00e4r i olika perioder sedan dess. I april 2015 startade vi det lokala fastighetsm\u00e4kleriet Imo Nazar\u00e9 varf\u00f6r jag haft extra intresse i att f\u00f6lja med utvecklingen p\u00e5 bostadsfronten. I perioden 2013 till b\u00f6rjan av 2015 var det lite trevande och l\u00e5ngsamt upp\u00e5t vad g\u00e4ller nyproduktion och f\u00f6rs\u00e4ljning. Redan h\u00f6sten 2015 kunde vi m\u00e4rka att efterfr\u00e5gan \u00f6kade och under 2016 fortsatte \u00f6kningen vilket medf\u00f6rde att allt fler byggherrar kom ig\u00e5ng med nyproduktion p\u00e5 olika platser i Nazar\u00e9. Nu n\u00e4r tv\u00e5 tredjedelar av 2017 ligger bakom oss kan vi konstatera att efterfr\u00e5gan \u00e4r fortsatt stor och att det f\u00e5r fler och fler byggf\u00f6retag att starta nya projekt. Vi \u00e4r ocks\u00e5 stolta \u00f6ver att allt fler byggherrar v\u00e4ljer Imo Nazar\u00e9 och Portugalagent som m\u00e4klare. Mycket snart kommer vi kunna presentera ett fantastiskt projekt med fem radhusenheter samt 18 l\u00e4genheter i Pederneira h\u00f6gt ovan Nazar\u00e9. H\u00e4r blir det fantastisk utsikt, stort poolomr\u00e5de samt privat g\u00e5ngv\u00e4g ner till Nazar\u00e9.<\/p>\n<p><strong>Svenska framg\u00e5ngar<br \/>\n<\/strong>Sedan starten i april 2015 har vi s\u00e5lt 30 bost\u00e4der till svenska k\u00f6pare och m\u00e5nga fler \u00e4r p\u00e5 v\u00e4g att k\u00f6pa. Vad vi vet \u00e4r det 33 svenskar som k\u00f6pt boende i Nazar\u00e9 totalt s\u00e5 mot den svenska marknaden har vi haft stor framg\u00e5ng. Totalt har vi f\u00f6rmedlat l\u00e5ngt fler \u00e4n 100 bost\u00e4der p\u00e5 drygt tv\u00e5 \u00e5r d\u00e4r Portugal och Frankrike \u00e4r tv\u00e5 andra starka nationer bland k\u00f6parna. Vill du ha referenser till svenska k\u00f6pare s\u00e5 har vi ganska m\u00e5nga nu! Dessutom har sex svenskar skrivit sig h\u00e4r och flyttat in permanent och det blir fler nu i h\u00f6st.<\/p>\n<p><strong>Det ordnar sig<br \/>\n<\/strong>Om jag ska f\u00f6rs\u00f6ka sammanfatta vad jag k\u00e4nner f\u00f6r Portugal efter att ha haft hus h\u00e4r i fyra \u00e5r samt f\u00f6retag i drygt tv\u00e5 \u00e5r \u00e4r att \u201ddet ordnar sig\u201d. Det ordnar sig alltid i Portugal! Portugiserna kan verka l\u00e5ngsamma och ineffektiva i svenska \u00f6gon ibland men \u00e5 andra sidan tar de sig tid att hj\u00e4lpa till med n\u00e4stan vad som helst. N\u00e5gra exempel fr\u00e5n de senaste veckorna: vi f\u00e5r dubbelpunktering p\u00e5 v\u00e5ra mountainbikes ute p\u00e5 landsbygden. Ganska snart stannar en hj\u00e4lpsam man bilen och hj\u00e4lper oss med lagningar, kr\u00e4nger p\u00e5 d\u00e4cken osv. En annan g\u00e5ng startar inte bilen i Alcoba\u00e7a. Det \u00e4r fredag klockan 18.30. Vi g\u00e5r till en bilhandlare som ringer en kompis som k\u00f6r ut till parkeringen d\u00e4r v\u00e5r bil st\u00e5r. Han f\u00e5r inte ig\u00e5ng den utan ringer en b\u00e4rgare som tar upp v\u00e5r WV Sharan p\u00e5 flaket och k\u00f6r oss och bilen till en bilverkstad som s\u00e4ger sig kunna laga bilen redan dagen efter. Kl 10.30 p\u00e5 l\u00f6rdag f\u00f6rmiddag ringer de och meddelar att bilen \u00e4r klar. B\u00e4rgningen kostade 30\u20ac och reparationen kostade 47\u20ac. Billigt! Ja, men framf\u00f6rallt otroligt att f\u00e5 tillbaka bilen redan dagen efter och dessutom p\u00e5 en l\u00f6rdag.<\/p>\n<h3><strong>Kommande aktiviteter h\u00f6sten 2017<\/strong><\/h3>\n<p><strong>M\u00e4ssor \u2013 k\u00f6pa bostad utomlands<br \/>\n<\/strong>Tr\u00e4ffa oss g\u00e4rna p\u00e5 n\u00e5gon av m\u00e4ssorna i Sverige. Mer information finner du p\u00e5 <a href=\"http:\/\/www.fairmedia.se\/\">www.fairmedia.se<\/a><br \/>\n<strong>Stockholm 23 \u2013 24 september\u00a0\u00a0\u00a0\u00a0\u00a0 G\u00f6teborg 7 \u2013 8 oktober\u00a0\u00a0\u00a0\u00a0\u00a0 Malm\u00f6 21 \u2013 22 oktober<\/strong><\/p>\n<p><strong>Visningsresor 2017<br \/>\n<\/strong>Vi g\u00f6r ytterligare tv\u00e5 <a href=\"https:\/\/portugalagent.com\/sv\/?p=304\">visningsresor<\/a> till Silverkusten och Nazar\u00e9 i h\u00f6st. D\u00e4r fokuserar vi p\u00e5 att visa runt i omgivningarna p\u00e5 den delen av Silverkusten som ligger mellan Peniche och Nazar\u00e9 men med fokus p\u00e5 Nazar\u00e9 som har mycket fint att erbjuda f\u00f6r de flesta svenska spekulanter. I samband med visningsresorna arrangerar vi ocks\u00e5 seminarier.<\/p>\n<p><strong>Datum: 13 \u2013 17 september och 25 \u2013 29 oktober.<\/strong><\/p>\n<p><a href=\"\/?page_id=4408\"><strong>Portugalseminarier<\/strong><\/a><strong> med fokus p\u00e5 skatt, NHR och flytt<\/strong><\/p>\n<p>Under h\u00f6sten har vi f\u00f6rm\u00e5nen att ha med <strong>Deloitte<\/strong> som f\u00f6redragsh\u00e5llare vid sex tillf\u00e4llen i Stockholm, G\u00f6teborg och Malm\u00f6. Dessutom medverkar <strong>\u00d6hman Bank<\/strong>. Vid seminarierna i Sverige bjuder vi p\u00e5 n\u00e5got enkelt att \u00e4ta och dricka och det blir gott om tid att st\u00e4lla fr\u00e5gor.<\/p>\n<p><strong>Stockholm 25 september. <\/strong>Lunch och kv\u00e4llsseminarium.<\/p>\n<p><strong>G\u00f6teborg 9 oktober<\/strong>. Lunch och kv\u00e4llsseminarium.<\/p>\n<p><strong>Malm\u00f6 23 oktober<\/strong>. Lunch och kv\u00e4llsseminarium.<\/p>\n<p><strong>Nazar\u00e9: torsdag 14 september samt torsdag 26 oktober.<br \/>\n<\/strong>Tid: 17.00 \u2013 18.30 Med middag efter\u00e5t f\u00f6r de som \u00f6nskar.<\/p>\n<p>P\u00e5 dessa medverkar <strong>\u00d6hman Bank<\/strong> samt skatteexperten och advokaten <strong>Carlos Tom\u00e9<\/strong> fr\u00e5n Caldas Da Rahina. Carlos Tom\u00e9 talar utm\u00e4rkt engelska och kan bist\u00e5 med r\u00e5dgivning i skatte- och inflyttnings\u00e4renden. Han kan ocks\u00e5 hj\u00e4lpa till att bilda bolag, skriva generella avtal m m.<br \/>\n<strong>Notera:<\/strong> Samtliga seminarier \u00e4r kostnadsfria. Du beh\u00f6ver inte vara med p\u00e5 en visningsresa med oss f\u00f6r att kunna delta. D\u00e4remot m\u00e5ste du anm\u00e4la dig i f\u00f6rv\u00e4g. Intresserad?<br \/>\nAnm\u00e4l dig direkt till Niklas Fors\u00e9n, <a href=\"mailto:niklas@portugalagent.com\">niklas@portugalagent.com<\/a><\/p>\n<p><strong>Imo Nazar\u00e9 \u00e4r alltid \u00f6ppet\u00a0 <\/strong><\/p>\n<p>V\u00e5rt portugisiska m\u00e4kleri Imo Nazar\u00e9 ligger centralt i Nazar\u00e9 och har \u00f6ppet 7 dagar i veckan. V\u00e4lkommen n\u00e4r du vill.<\/p>\n<p><strong>Svensk m\u00e4klare p\u00e5 plats:<\/strong> Jag \u00e4r alltid med p\u00e5 visningsresorna och dessutom under vissa andra perioder. Vill du tr\u00e4ffa mig i Nazar\u00e9 nu i h\u00f6st \u00e4r jag p\u00e5 plats fram till 18 september. Sedan blir det fler perioder under h\u00f6sten och vintern. H\u00f6r av dig i god tid s\u00e5 kan jag ofta styra s\u00e5 jag \u00e4r p\u00e5 plats n\u00e4r det passar dig!<\/p>\n<p><strong>V\u00e4lkommen till Nazar\u00e9 \u2013 Europas schysstaste sm\u00e5stad!<\/strong><\/p>\n<p>Niklas Fors\u00e9n\/Portugalagent och Imo Nazar\u00e9<br \/>\nTel: +46-70-592 60 76<br \/>\nMejl: <a href=\"mailto:niklas@portugalagent.com\">niklas@portugalagent.com<\/a><\/p>\n<p>F\u00f6lj oss p\u00e5 Facebook och Instagram\u00a0 #portugalagent @portugalagent<\/p>\n","protected":false},"excerpt":{"rendered":"<p>Nu \u00e4r det snart h\u00f6st i Sverige \u2013 d\u00e5 b\u00f6rjar den b\u00e4sta tiden p\u00e5 Silverkusten! I slutet av augusti kan man redan ana h\u00f6sten p\u00e5 m\u00e5nga platser i Sverige. H\u00e4r p\u00e5 Silverkusten str\u00e4cker sig sommarv\u00e4rmen l\u00e5ngt in i oktober. F\u00f6rra h\u00f6sten faktiskt \u00e4nda in i november. Jag tycker att h\u00f6sten \u00e4r b\u00e4sta tiden h\u00e4r i [&hellip;]<\/p>\n","protected":false},"author":2,"featured_media":51474,"comment_status":"open","ping_status":"open","sticky":false,"template":"","format":"standard","meta":{"om_disable_all_campaigns":false,"_monsterinsights_skip_tracking":false,"_monsterinsights_sitenote_active":false,"_monsterinsights_sitenote_note":"","_monsterinsights_sitenote_category":0},"categories":[],"tags":[],"aioseo_notices":[],"yoast_head":"<!-- This site is optimized with the Yoast SEO plugin v19.10 - https:\/\/yoast.com\/wordpress\/plugins\/seo\/ -->\n<title>Nyhetsbrev september 2017 - Portugal Agent<\/title>\n<meta name=\"robots\" content=\"index, follow, max-snippet:-1, max-image-preview:large, max-video-preview:-1\" \/>\n<link rel=\"canonical\" href=\"https:\/\/portugalagent.com\/sv\/nyhetsbrev-september-2017\/\" \/>\n<meta property=\"og:locale\" content=\"sv_SE\" \/>\n<meta property=\"og:type\" content=\"article\" \/>\n<meta property=\"og:title\" content=\"Nyhetsbrev september 2017 - Portugal Agent\" \/>\n<meta property=\"og:description\" content=\"Nu \u00e4r det snart h\u00f6st i Sverige \u2013 d\u00e5 b\u00f6rjar den b\u00e4sta tiden p\u00e5 Silverkusten! I slutet av augusti kan man redan ana h\u00f6sten p\u00e5 m\u00e5nga platser i Sverige. H\u00e4r p\u00e5 Silverkusten str\u00e4cker sig sommarv\u00e4rmen l\u00e5ngt in i oktober. F\u00f6rra h\u00f6sten faktiskt \u00e4nda in i november. Jag tycker att h\u00f6sten \u00e4r b\u00e4sta tiden h\u00e4r i [&hellip;]\" \/>\n<meta property=\"og:url\" content=\"https:\/\/portugalagent.com\/sv\/nyhetsbrev-september-2017\/\" \/>\n<meta property=\"og:site_name\" content=\"Portugal Agent\" \/>\n<meta property=\"article:published_time\" content=\"2017-09-05T00:00:00+00:00\" \/>\n<meta property=\"article:modified_time\" content=\"2020-04-12T19:48:48+00:00\" \/>\n<meta property=\"og:image\" content=\"https:\/\/portugalagent.com\/wp-content\/uploads\/2020\/04\/IMG_5793NET.jpg\" \/>\n\t<meta property=\"og:image:width\" content=\"1600\" \/>\n\t<meta property=\"og:image:height\" content=\"1068\" \/>\n\t<meta property=\"og:image:type\" content=\"image\/jpeg\" \/>\n<meta name=\"author\" content=\"Niklas Fors\u00e9n\" \/>\n<meta name=\"twitter:card\" content=\"summary_large_image\" \/>\n<meta name=\"twitter:label1\" content=\"Skriven av\" \/>\n\t<meta name=\"twitter:data1\" content=\"Niklas Fors\u00e9n\" \/>\n\t<meta name=\"twitter:label2\" content=\"Ber\u00e4knad l\u00e4stid\" \/>\n\t<meta name=\"twitter:data2\" content=\"5 minuter\" \/>\n<script type=\"application\/ld+json\" class=\"yoast-schema-graph\">{\"@context\":\"https:\/\/schema.org\",\"@graph\":[{\"@type\":\"Article\",\"@id\":\"https:\/\/portugalagent.com\/sv\/nyhetsbrev-september-2017\/#article\",\"isPartOf\":{\"@id\":\"https:\/\/portugalagent.com\/sv\/nyhetsbrev-september-2017\/\"},\"author\":{\"name\":\"Niklas Fors\u00e9n\",\"@id\":\"https:\/\/portugalagent.com\/sv\/#\/schema\/person\/916dd45acb1ec87bc80bc43ca8907acd\"},\"headline\":\"Nyhetsbrev september 2017\",\"datePublished\":\"2017-09-05T00:00:00+00:00\",\"dateModified\":\"2020-04-12T19:48:48+00:00\",\"mainEntityOfPage\":{\"@id\":\"https:\/\/portugalagent.com\/sv\/nyhetsbrev-september-2017\/\"},\"wordCount\":1071,\"commentCount\":0,\"publisher\":{\"@id\":\"https:\/\/portugalagent.com\/sv\/#organization\"},\"inLanguage\":\"sv-SE\",\"potentialAction\":[{\"@type\":\"CommentAction\",\"name\":\"Comment\",\"target\":[\"https:\/\/portugalagent.com\/sv\/nyhetsbrev-september-2017\/#respond\"]}]},{\"@type\":\"WebPage\",\"@id\":\"https:\/\/portugalagent.com\/sv\/nyhetsbrev-september-2017\/\",\"url\":\"https:\/\/portugalagent.com\/sv\/nyhetsbrev-september-2017\/\",\"name\":\"Nyhetsbrev september 2017 - Portugal Agent\",\"isPartOf\":{\"@id\":\"https:\/\/portugalagent.com\/sv\/#website\"},\"datePublished\":\"2017-09-05T00:00:00+00:00\",\"dateModified\":\"2020-04-12T19:48:48+00:00\",\"breadcrumb\":{\"@id\":\"https:\/\/portugalagent.com\/sv\/nyhetsbrev-september-2017\/#breadcrumb\"},\"inLanguage\":\"sv-SE\",\"potentialAction\":[{\"@type\":\"ReadAction\",\"target\":[\"https:\/\/portugalagent.com\/sv\/nyhetsbrev-september-2017\/\"]}]},{\"@type\":\"BreadcrumbList\",\"@id\":\"https:\/\/portugalagent.com\/sv\/nyhetsbrev-september-2017\/#breadcrumb\",\"itemListElement\":[{\"@type\":\"ListItem\",\"position\":1,\"name\":\"Home\",\"item\":\"https:\/\/portugalagent.com\/sv\/\"},{\"@type\":\"ListItem\",\"position\":2,\"name\":\"Nyhetsbrev september 2017\"}]},{\"@type\":\"WebSite\",\"@id\":\"https:\/\/portugalagent.com\/sv\/#website\",\"url\":\"https:\/\/portugalagent.com\/sv\/\",\"name\":\"Portugal Agent\",\"description\":\"\",\"publisher\":{\"@id\":\"https:\/\/portugalagent.com\/sv\/#organization\"},\"potentialAction\":[{\"@type\":\"SearchAction\",\"target\":{\"@type\":\"EntryPoint\",\"urlTemplate\":\"https:\/\/portugalagent.com\/sv\/?s={search_term_string}\"},\"query-input\":\"required name=search_term_string\"}],\"inLanguage\":\"sv-SE\"},{\"@type\":\"Organization\",\"@id\":\"https:\/\/portugalagent.com\/sv\/#organization\",\"name\":\"Portugal Agent\",\"url\":\"https:\/\/portugalagent.com\/sv\/\",\"logo\":{\"@type\":\"ImageObject\",\"inLanguage\":\"sv-SE\",\"@id\":\"https:\/\/portugalagent.com\/sv\/#\/schema\/logo\/image\/\",\"url\":\"https:\/\/portugalagent.com\/wp-content\/uploads\/2020\/11\/portugalagent.svg\",\"contentUrl\":\"https:\/\/portugalagent.com\/wp-content\/uploads\/2020\/11\/portugalagent.svg\",\"caption\":\"Portugal Agent\"},\"image\":{\"@id\":\"https:\/\/portugalagent.com\/sv\/#\/schema\/logo\/image\/\"}},{\"@type\":\"Person\",\"@id\":\"https:\/\/portugalagent.com\/sv\/#\/schema\/person\/916dd45acb1ec87bc80bc43ca8907acd\",\"name\":\"Niklas Fors\u00e9n\",\"image\":{\"@type\":\"ImageObject\",\"inLanguage\":\"sv-SE\",\"@id\":\"https:\/\/portugalagent.com\/sv\/#\/schema\/person\/image\/\",\"url\":\"https:\/\/secure.gravatar.com\/avatar\/663013df21d0d1921019a9add374baaa?s=96&d=mm&r=g\",\"contentUrl\":\"https:\/\/secure.gravatar.com\/avatar\/663013df21d0d1921019a9add374baaa?s=96&d=mm&r=g\",\"caption\":\"Niklas Fors\u00e9n\"},\"url\":\"https:\/\/portugalagent.com\/sv\/author\/niklasportugalagent-com\/\"}]}<\/script>\n<!-- \/ Yoast SEO plugin. -->","yoast_head_json":{"title":"Nyhetsbrev september 2017 - Portugal Agent","robots":{"index":"index","follow":"follow","max-snippet":"max-snippet:-1","max-image-preview":"max-image-preview:large","max-video-preview":"max-video-preview:-1"},"canonical":"https:\/\/portugalagent.com\/sv\/nyhetsbrev-september-2017\/","og_locale":"sv_SE","og_type":"article","og_title":"Nyhetsbrev september 2017 - Portugal Agent","og_description":"Nu \u00e4r det snart h\u00f6st i Sverige \u2013 d\u00e5 b\u00f6rjar den b\u00e4sta tiden p\u00e5 Silverkusten! I slutet av augusti kan man redan ana h\u00f6sten p\u00e5 m\u00e5nga platser i Sverige. H\u00e4r p\u00e5 Silverkusten str\u00e4cker sig sommarv\u00e4rmen l\u00e5ngt in i oktober. F\u00f6rra h\u00f6sten faktiskt \u00e4nda in i november. Jag tycker att h\u00f6sten \u00e4r b\u00e4sta tiden h\u00e4r i [&hellip;]","og_url":"https:\/\/portugalagent.com\/sv\/nyhetsbrev-september-2017\/","og_site_name":"Portugal Agent","article_published_time":"2017-09-05T00:00:00+00:00","article_modified_time":"2020-04-12T19:48:48+00:00","og_image":[{"width":1600,"height":1068,"url":"https:\/\/portugalagent.com\/wp-content\/uploads\/2020\/04\/IMG_5793NET.jpg","type":"image\/jpeg"}],"author":"Niklas Fors\u00e9n","twitter_card":"summary_large_image","twitter_misc":{"Skriven av":"Niklas Fors\u00e9n","Ber\u00e4knad l\u00e4stid":"5 minuter"},"schema":{"@context":"https:\/\/schema.org","@graph":[{"@type":"Article","@id":"https:\/\/portugalagent.com\/sv\/nyhetsbrev-september-2017\/#article","isPartOf":{"@id":"https:\/\/portugalagent.com\/sv\/nyhetsbrev-september-2017\/"},"author":{"name":"Niklas Fors\u00e9n","@id":"https:\/\/portugalagent.com\/sv\/#\/schema\/person\/916dd45acb1ec87bc80bc43ca8907acd"},"headline":"Nyhetsbrev september 2017","datePublished":"2017-09-05T00:00:00+00:00","dateModified":"2020-04-12T19:48:48+00:00","mainEntityOfPage":{"@id":"https:\/\/portugalagent.com\/sv\/nyhetsbrev-september-2017\/"},"wordCount":1071,"commentCount":0,"publisher":{"@id":"https:\/\/portugalagent.com\/sv\/#organization"},"inLanguage":"sv-SE","potentialAction":[{"@type":"CommentAction","name":"Comment","target":["https:\/\/portugalagent.com\/sv\/nyhetsbrev-september-2017\/#respond"]}]},{"@type":"WebPage","@id":"https:\/\/portugalagent.com\/sv\/nyhetsbrev-september-2017\/","url":"https:\/\/portugalagent.com\/sv\/nyhetsbrev-september-2017\/","name":"Nyhetsbrev september 2017 - Portugal Agent","isPartOf":{"@id":"https:\/\/portugalagent.com\/sv\/#website"},"datePublished":"2017-09-05T00:00:00+00:00","dateModified":"2020-04-12T19:48:48+00:00","breadcrumb":{"@id":"https:\/\/portugalagent.com\/sv\/nyhetsbrev-september-2017\/#breadcrumb"},"inLanguage":"sv-SE","potentialAction":[{"@type":"ReadAction","target":["https:\/\/portugalagent.com\/sv\/nyhetsbrev-september-2017\/"]}]},{"@type":"BreadcrumbList","@id":"https:\/\/portugalagent.com\/sv\/nyhetsbrev-september-2017\/#breadcrumb","itemListElement":[{"@type":"ListItem","position":1,"name":"Home","item":"https:\/\/portugalagent.com\/sv\/"},{"@type":"ListItem","position":2,"name":"Nyhetsbrev september 2017"}]},{"@type":"WebSite","@id":"https:\/\/portugalagent.com\/sv\/#website","url":"https:\/\/portugalagent.com\/sv\/","name":"Portugal Agent","description":"","publisher":{"@id":"https:\/\/portugalagent.com\/sv\/#organization"},"potentialAction":[{"@type":"SearchAction","target":{"@type":"EntryPoint","urlTemplate":"https:\/\/portugalagent.com\/sv\/?s={search_term_string}"},"query-input":"required name=search_term_string"}],"inLanguage":"sv-SE"},{"@type":"Organization","@id":"https:\/\/portugalagent.com\/sv\/#organization","name":"Portugal Agent","url":"https:\/\/portugalagent.com\/sv\/","logo":{"@type":"ImageObject","inLanguage":"sv-SE","@id":"https:\/\/portugalagent.com\/sv\/#\/schema\/logo\/image\/","url":"https:\/\/portugalagent.com\/wp-content\/uploads\/2020\/11\/portugalagent.svg","contentUrl":"https:\/\/portugalagent.com\/wp-content\/uploads\/2020\/11\/portugalagent.svg","caption":"Portugal Agent"},"image":{"@id":"https:\/\/portugalagent.com\/sv\/#\/schema\/logo\/image\/"}},{"@type":"Person","@id":"https:\/\/portugalagent.com\/sv\/#\/schema\/person\/916dd45acb1ec87bc80bc43ca8907acd","name":"Niklas Fors\u00e9n","image":{"@type":"ImageObject","inLanguage":"sv-SE","@id":"https:\/\/portugalagent.com\/sv\/#\/schema\/person\/image\/","url":"https:\/\/secure.gravatar.com\/avatar\/663013df21d0d1921019a9add374baaa?s=96&d=mm&r=g","contentUrl":"https:\/\/secure.gravatar.com\/avatar\/663013df21d0d1921019a9add374baaa?s=96&d=mm&r=g","caption":"Niklas Fors\u00e9n"},"url":"https:\/\/portugalagent.com\/sv\/author\/niklasportugalagent-com\/"}]}},"_links":{"self":[{"href":"https:\/\/portugalagent.com\/sv\/wp-json\/wp\/v2\/posts\/53646"}],"collection":[{"href":"https:\/\/portugalagent.com\/sv\/wp-json\/wp\/v2\/posts"}],"about":[{"href":"https:\/\/portugalagent.com\/sv\/wp-json\/wp\/v2\/types\/post"}],"author":[{"embeddable":true,"href":"https:\/\/portugalagent.com\/sv\/wp-json\/wp\/v2\/users\/2"}],"replies":[{"embeddable":true,"href":"https:\/\/portugalagent.com\/sv\/wp-json\/wp\/v2\/comments?post=53646"}],"version-history":[{"count":1,"href":"https:\/\/portugalagent.com\/sv\/wp-json\/wp\/v2\/posts\/53646\/revisions"}],"predecessor-version":[{"id":53802,"href":"https:\/\/portugalagent.com\/sv\/wp-json\/wp\/v2\/posts\/53646\/revisions\/53802"}],"wp:featuredmedia":[{"embeddable":true,"href":"https:\/\/portugalagent.com\/sv\/wp-json\/wp\/v2\/media\/51474"}],"wp:attachment":[{"href":"https:\/\/portugalagent.com\/sv\/wp-json\/wp\/v2\/media?parent=53646"}],"wp:term":[{"taxonomy":"category","embeddable":true,"href":"https:\/\/portugalagent.com\/sv\/wp-json\/wp\/v2\/categories?post=53646"},{"taxonomy":"post_tag","embeddable":true,"href":"https:\/\/portugalagent.com\/sv\/wp-json\/wp\/v2\/tags?post=53646"}],"curies":[{"name":"wp","href":"https:\/\/api.w.org\/{rel}","templated":true}]}}