{"id":53645,"date":"2017-09-05T00:00:00","date_gmt":"2017-09-05T00:00:00","guid":{"rendered":"https:\/\/portugalagent.com\/skatteseminarium-om-portugal-i-nazare\/"},"modified":"2020-04-12T19:48:48","modified_gmt":"2020-04-12T19:48:48","slug":"skatteseminarium-om-portugal-i-nazare","status":"publish","type":"post","link":"https:\/\/portugalagent.com\/sv\/skatteseminarium-om-portugal-i-nazare\/","title":{"rendered":"Skatteseminarium om Portugal i Nazar\u00e9"},"content":{"rendered":"<p>Portugalagent, <a href=\"https:\/\/www.ohman.se\/private-banking\/portugal-flytt-pension\/\">\u00d6hman<\/a> och <a href=\"http:\/\/carlostome.com\/\">Carlos Tom\u00e9<\/a> h\u00e5ller ett skatteseminarium enbart riktat till reglerna i Portugal, flytta till Portugal, k\u00f6pa bostad i Portugal, NHR m m.<br \/>\nF\u00f6r \u00e4ndam\u00e5let har vi f\u00f6rm\u00e5nen att kunna anv\u00e4nda ett av <a href=\"http:\/\/www.hotelpraia.com\/\">Hotel Praias<\/a> konferensrum i centrala Nazar\u00e9.<\/p>\n<p><strong>Mer om hur skatteseminariet om Portugal g\u00e5r till; tider, anm\u00e4lan och adress nedan.<\/strong><\/p>\n<p>Seminariet startar 17.00 med att Portugalagents Niklas Fors\u00e9n f\u00f6rklarar hur k\u00f6pprocessen i Portugal g\u00e5r till. D\u00e4refter tar Daniel Callervik fr\u00e5n \u00d6hman \u00f6ver och ber\u00e4ttar lite om hur du kan f\u00f6rvalta ditt kapital i Portugal. Efter det kommer Carlos Tom\u00e9 in och beskriver situationen f\u00f6r inflyttning till Portugal, lite om NHR-status och annat bra att t\u00e4nka p\u00e5 vid flytt till Portugal. Detta tar totalt ca en och en halv timme. Efter\u00e5t finns gott om tid f\u00f6r fr\u00e5gor. Stanna g\u00e4rna kvar och tag chansen att st\u00e4lla dina fr\u00e5gor i en informell och liten grupp under en gemensam middag som \u00d6hman bjuder p\u00e5!<\/p>\n<p><strong>Varmt v\u00e4lkommen!<\/strong><\/p>\n<p>Vi har ett begr\u00e4nsat antal platser till f\u00f6rfogande. S\u00e5 snart vi f\u00e5tt din anm\u00e4lan bekr\u00e4ftar vi din medverkan \u2013 eller noterar dig om det blivit fullsatt.<\/p>\n<p><strong>N\u00e4r:<\/strong>\u00a0Torsdag 14 september. Seminariet: 17.00 \u2013 18.30 ca.<br \/>\nAnkomst fr\u00e5n kl 16.45 och m\u00f6jlighet till enskilda samtal och fr\u00e5gor efter kl 18.30.<\/p>\n<p><strong>Var:<\/strong>\u00a0Vi samlas i <a href=\"http:\/\/imonazare.com\/\">Imo Nazar\u00e9s<\/a> lokaler i centrala Nazar\u00e9. Det ligger mittemot <a href=\"http:\/\/www.hotelpraia.com\/\">Hotel Praia<\/a> p\u00e5 samma sida som marknaden och taxistationen. Adress: Avenida Vieira Guimar\u00e3es, No 30L, 2450-110 Nazar\u00e9<br \/>\nPhone: +351 262094718<\/p>\n<p>Kommande seminarier i Sverige och Portugal: <a href=\"\/?page_id=4408\">Portugalagents seminarier 2017.<\/a><br \/>\nVisningsresor till Silverkusten: <a href=\"https:\/\/portugalagent.com\/sv\/?p=304\">Visningsresor.<\/a><\/p>\n<p><strong>Anm\u00e4lan:<\/strong>\u00a0Skicka ett mejl med\u00a0<strong>fullst\u00e4ndigt namn och telefonnummer<\/strong>\u00a0till:<br \/>\nNiklas Fors\u00e9n,\u00a0<a href=\"mailto:niklas@portugalagent.com\"><strong>niklas@portugalagent.com<\/strong><\/a><\/p>\n<p><strong>Notera: Seminariet \u00e4r kostnadsfritt<\/strong><\/p>\n<p><strong>Carlos Tom\u00e9<\/strong> driver en advokatfirma i Calda da Raihna. Han talar flytande Engelska och Tyska och givetvis Portugisiska. Carlos kan hj\u00e4lpa till med allt som r\u00f6r flytten till Portugal, avtal, k\u00f6pekontrakt, starta bolag i Portugal m m.<\/p>\n<p><strong>OBS<\/strong>: Anm\u00e4lan\u00a0<strong>endast via mejl<\/strong>\u00a0enligt ovan. Vi beh\u00f6ver\u00a0<strong>fullst\u00e4ndigt namn, telefonnummer och mejladress till samtliga som kommer<\/strong>. N\u00e4r jag f\u00e5tt detta bekr\u00e4ftar jag er medverkan \u2013 eller om det hinner bli fullsatt.<\/p>\n<p>(Anm\u00e4l er inte via bloggsvar nedan)<\/p>\n","protected":false},"excerpt":{"rendered":"<p>Portugalagent, \u00d6hman och Carlos Tom\u00e9 h\u00e5ller ett skatteseminarium enbart riktat till reglerna i Portugal, flytta till Portugal, k\u00f6pa bostad i Portugal, NHR m m. F\u00f6r \u00e4ndam\u00e5let har vi f\u00f6rm\u00e5nen att kunna anv\u00e4nda ett av Hotel Praias konferensrum i centrala Nazar\u00e9. Mer om hur skatteseminariet om Portugal g\u00e5r till; tider, anm\u00e4lan och adress nedan. Seminariet startar [&hellip;]<\/p>\n","protected":false},"author":2,"featured_media":51457,"comment_status":"open","ping_status":"open","sticky":false,"template":"","format":"standard","meta":{"om_disable_all_campaigns":false,"_monsterinsights_skip_tracking":false,"_monsterinsights_sitenote_active":false,"_monsterinsights_sitenote_note":"","_monsterinsights_sitenote_category":0},"categories":[],"tags":[],"aioseo_notices":[],"yoast_head":"<!-- This site is optimized with the Yoast SEO plugin v19.10 - https:\/\/yoast.com\/wordpress\/plugins\/seo\/ -->\n<title>Skatteseminarium om Portugal i Nazar\u00e9 - Portugal Agent<\/title>\n<meta name=\"robots\" content=\"index, follow, max-snippet:-1, max-image-preview:large, max-video-preview:-1\" \/>\n<link rel=\"canonical\" href=\"https:\/\/portugalagent.com\/sv\/skatteseminarium-om-portugal-i-nazare\/\" \/>\n<meta property=\"og:locale\" content=\"sv_SE\" \/>\n<meta property=\"og:type\" content=\"article\" \/>\n<meta property=\"og:title\" content=\"Skatteseminarium om Portugal i Nazar\u00e9 - Portugal Agent\" \/>\n<meta property=\"og:description\" content=\"Portugalagent, \u00d6hman och Carlos Tom\u00e9 h\u00e5ller ett skatteseminarium enbart riktat till reglerna i Portugal, flytta till Portugal, k\u00f6pa bostad i Portugal, NHR m m. F\u00f6r \u00e4ndam\u00e5let har vi f\u00f6rm\u00e5nen att kunna anv\u00e4nda ett av Hotel Praias konferensrum i centrala Nazar\u00e9. Mer om hur skatteseminariet om Portugal g\u00e5r till; tider, anm\u00e4lan och adress nedan. Seminariet startar [&hellip;]\" \/>\n<meta property=\"og:url\" content=\"https:\/\/portugalagent.com\/sv\/skatteseminarium-om-portugal-i-nazare\/\" \/>\n<meta property=\"og:site_name\" content=\"Portugal Agent\" \/>\n<meta property=\"article:published_time\" content=\"2017-09-05T00:00:00+00:00\" \/>\n<meta property=\"article:modified_time\" content=\"2020-04-12T19:48:48+00:00\" \/>\n<meta property=\"og:image\" content=\"https:\/\/portugalagent.com\/wp-content\/uploads\/2020\/04\/IMG_5759.jpg\" \/>\n\t<meta property=\"og:image:width\" content=\"1632\" \/>\n\t<meta property=\"og:image:height\" content=\"1224\" \/>\n\t<meta property=\"og:image:type\" content=\"image\/jpeg\" \/>\n<meta name=\"author\" content=\"Niklas Fors\u00e9n\" \/>\n<meta name=\"twitter:card\" content=\"summary_large_image\" \/>\n<meta name=\"twitter:label1\" content=\"Skriven av\" \/>\n\t<meta name=\"twitter:data1\" content=\"Niklas Fors\u00e9n\" \/>\n\t<meta name=\"twitter:label2\" content=\"Ber\u00e4knad l\u00e4stid\" \/>\n\t<meta name=\"twitter:data2\" content=\"2 minuter\" \/>\n<script type=\"application\/ld+json\" class=\"yoast-schema-graph\">{\"@context\":\"https:\/\/schema.org\",\"@graph\":[{\"@type\":\"Article\",\"@id\":\"https:\/\/portugalagent.com\/sv\/skatteseminarium-om-portugal-i-nazare\/#article\",\"isPartOf\":{\"@id\":\"https:\/\/portugalagent.com\/sv\/skatteseminarium-om-portugal-i-nazare\/\"},\"author\":{\"name\":\"Niklas Fors\u00e9n\",\"@id\":\"https:\/\/portugalagent.com\/sv\/#\/schema\/person\/916dd45acb1ec87bc80bc43ca8907acd\"},\"headline\":\"Skatteseminarium om Portugal i Nazar\u00e9\",\"datePublished\":\"2017-09-05T00:00:00+00:00\",\"dateModified\":\"2020-04-12T19:48:48+00:00\",\"mainEntityOfPage\":{\"@id\":\"https:\/\/portugalagent.com\/sv\/skatteseminarium-om-portugal-i-nazare\/\"},\"wordCount\":388,\"commentCount\":0,\"publisher\":{\"@id\":\"https:\/\/portugalagent.com\/sv\/#organization\"},\"inLanguage\":\"sv-SE\",\"potentialAction\":[{\"@type\":\"CommentAction\",\"name\":\"Comment\",\"target\":[\"https:\/\/portugalagent.com\/sv\/skatteseminarium-om-portugal-i-nazare\/#respond\"]}]},{\"@type\":\"WebPage\",\"@id\":\"https:\/\/portugalagent.com\/sv\/skatteseminarium-om-portugal-i-nazare\/\",\"url\":\"https:\/\/portugalagent.com\/sv\/skatteseminarium-om-portugal-i-nazare\/\",\"name\":\"Skatteseminarium om Portugal i Nazar\u00e9 - Portugal Agent\",\"isPartOf\":{\"@id\":\"https:\/\/portugalagent.com\/sv\/#website\"},\"datePublished\":\"2017-09-05T00:00:00+00:00\",\"dateModified\":\"2020-04-12T19:48:48+00:00\",\"breadcrumb\":{\"@id\":\"https:\/\/portugalagent.com\/sv\/skatteseminarium-om-portugal-i-nazare\/#breadcrumb\"},\"inLanguage\":\"sv-SE\",\"potentialAction\":[{\"@type\":\"ReadAction\",\"target\":[\"https:\/\/portugalagent.com\/sv\/skatteseminarium-om-portugal-i-nazare\/\"]}]},{\"@type\":\"BreadcrumbList\",\"@id\":\"https:\/\/portugalagent.com\/sv\/skatteseminarium-om-portugal-i-nazare\/#breadcrumb\",\"itemListElement\":[{\"@type\":\"ListItem\",\"position\":1,\"name\":\"Home\",\"item\":\"https:\/\/portugalagent.com\/sv\/\"},{\"@type\":\"ListItem\",\"position\":2,\"name\":\"Skatteseminarium om Portugal i Nazar\u00e9\"}]},{\"@type\":\"WebSite\",\"@id\":\"https:\/\/portugalagent.com\/sv\/#website\",\"url\":\"https:\/\/portugalagent.com\/sv\/\",\"name\":\"Portugal Agent\",\"description\":\"\",\"publisher\":{\"@id\":\"https:\/\/portugalagent.com\/sv\/#organization\"},\"potentialAction\":[{\"@type\":\"SearchAction\",\"target\":{\"@type\":\"EntryPoint\",\"urlTemplate\":\"https:\/\/portugalagent.com\/sv\/?s={search_term_string}\"},\"query-input\":\"required name=search_term_string\"}],\"inLanguage\":\"sv-SE\"},{\"@type\":\"Organization\",\"@id\":\"https:\/\/portugalagent.com\/sv\/#organization\",\"name\":\"Portugal Agent\",\"url\":\"https:\/\/portugalagent.com\/sv\/\",\"logo\":{\"@type\":\"ImageObject\",\"inLanguage\":\"sv-SE\",\"@id\":\"https:\/\/portugalagent.com\/sv\/#\/schema\/logo\/image\/\",\"url\":\"https:\/\/portugalagent.com\/wp-content\/uploads\/2020\/11\/portugalagent.svg\",\"contentUrl\":\"https:\/\/portugalagent.com\/wp-content\/uploads\/2020\/11\/portugalagent.svg\",\"caption\":\"Portugal Agent\"},\"image\":{\"@id\":\"https:\/\/portugalagent.com\/sv\/#\/schema\/logo\/image\/\"}},{\"@type\":\"Person\",\"@id\":\"https:\/\/portugalagent.com\/sv\/#\/schema\/person\/916dd45acb1ec87bc80bc43ca8907acd\",\"name\":\"Niklas Fors\u00e9n\",\"image\":{\"@type\":\"ImageObject\",\"inLanguage\":\"sv-SE\",\"@id\":\"https:\/\/portugalagent.com\/sv\/#\/schema\/person\/image\/\",\"url\":\"https:\/\/secure.gravatar.com\/avatar\/663013df21d0d1921019a9add374baaa?s=96&d=mm&r=g\",\"contentUrl\":\"https:\/\/secure.gravatar.com\/avatar\/663013df21d0d1921019a9add374baaa?s=96&d=mm&r=g\",\"caption\":\"Niklas Fors\u00e9n\"},\"url\":\"https:\/\/portugalagent.com\/sv\/author\/niklasportugalagent-com\/\"}]}<\/script>\n<!-- \/ Yoast SEO plugin. -->","yoast_head_json":{"title":"Skatteseminarium om Portugal i Nazar\u00e9 - Portugal Agent","robots":{"index":"index","follow":"follow","max-snippet":"max-snippet:-1","max-image-preview":"max-image-preview:large","max-video-preview":"max-video-preview:-1"},"canonical":"https:\/\/portugalagent.com\/sv\/skatteseminarium-om-portugal-i-nazare\/","og_locale":"sv_SE","og_type":"article","og_title":"Skatteseminarium om Portugal i Nazar\u00e9 - Portugal Agent","og_description":"Portugalagent, \u00d6hman och Carlos Tom\u00e9 h\u00e5ller ett skatteseminarium enbart riktat till reglerna i Portugal, flytta till Portugal, k\u00f6pa bostad i Portugal, NHR m m. F\u00f6r \u00e4ndam\u00e5let har vi f\u00f6rm\u00e5nen att kunna anv\u00e4nda ett av Hotel Praias konferensrum i centrala Nazar\u00e9. Mer om hur skatteseminariet om Portugal g\u00e5r till; tider, anm\u00e4lan och adress nedan. Seminariet startar [&hellip;]","og_url":"https:\/\/portugalagent.com\/sv\/skatteseminarium-om-portugal-i-nazare\/","og_site_name":"Portugal Agent","article_published_time":"2017-09-05T00:00:00+00:00","article_modified_time":"2020-04-12T19:48:48+00:00","og_image":[{"width":1632,"height":1224,"url":"https:\/\/portugalagent.com\/wp-content\/uploads\/2020\/04\/IMG_5759.jpg","type":"image\/jpeg"}],"author":"Niklas Fors\u00e9n","twitter_card":"summary_large_image","twitter_misc":{"Skriven av":"Niklas Fors\u00e9n","Ber\u00e4knad l\u00e4stid":"2 minuter"},"schema":{"@context":"https:\/\/schema.org","@graph":[{"@type":"Article","@id":"https:\/\/portugalagent.com\/sv\/skatteseminarium-om-portugal-i-nazare\/#article","isPartOf":{"@id":"https:\/\/portugalagent.com\/sv\/skatteseminarium-om-portugal-i-nazare\/"},"author":{"name":"Niklas Fors\u00e9n","@id":"https:\/\/portugalagent.com\/sv\/#\/schema\/person\/916dd45acb1ec87bc80bc43ca8907acd"},"headline":"Skatteseminarium om Portugal i Nazar\u00e9","datePublished":"2017-09-05T00:00:00+00:00","dateModified":"2020-04-12T19:48:48+00:00","mainEntityOfPage":{"@id":"https:\/\/portugalagent.com\/sv\/skatteseminarium-om-portugal-i-nazare\/"},"wordCount":388,"commentCount":0,"publisher":{"@id":"https:\/\/portugalagent.com\/sv\/#organization"},"inLanguage":"sv-SE","potentialAction":[{"@type":"CommentAction","name":"Comment","target":["https:\/\/portugalagent.com\/sv\/skatteseminarium-om-portugal-i-nazare\/#respond"]}]},{"@type":"WebPage","@id":"https:\/\/portugalagent.com\/sv\/skatteseminarium-om-portugal-i-nazare\/","url":"https:\/\/portugalagent.com\/sv\/skatteseminarium-om-portugal-i-nazare\/","name":"Skatteseminarium om Portugal i Nazar\u00e9 - Portugal Agent","isPartOf":{"@id":"https:\/\/portugalagent.com\/sv\/#website"},"datePublished":"2017-09-05T00:00:00+00:00","dateModified":"2020-04-12T19:48:48+00:00","breadcrumb":{"@id":"https:\/\/portugalagent.com\/sv\/skatteseminarium-om-portugal-i-nazare\/#breadcrumb"},"inLanguage":"sv-SE","potentialAction":[{"@type":"ReadAction","target":["https:\/\/portugalagent.com\/sv\/skatteseminarium-om-portugal-i-nazare\/"]}]},{"@type":"BreadcrumbList","@id":"https:\/\/portugalagent.com\/sv\/skatteseminarium-om-portugal-i-nazare\/#breadcrumb","itemListElement":[{"@type":"ListItem","position":1,"name":"Home","item":"https:\/\/portugalagent.com\/sv\/"},{"@type":"ListItem","position":2,"name":"Skatteseminarium om Portugal i Nazar\u00e9"}]},{"@type":"WebSite","@id":"https:\/\/portugalagent.com\/sv\/#website","url":"https:\/\/portugalagent.com\/sv\/","name":"Portugal Agent","description":"","publisher":{"@id":"https:\/\/portugalagent.com\/sv\/#organization"},"potentialAction":[{"@type":"SearchAction","target":{"@type":"EntryPoint","urlTemplate":"https:\/\/portugalagent.com\/sv\/?s={search_term_string}"},"query-input":"required name=search_term_string"}],"inLanguage":"sv-SE"},{"@type":"Organization","@id":"https:\/\/portugalagent.com\/sv\/#organization","name":"Portugal Agent","url":"https:\/\/portugalagent.com\/sv\/","logo":{"@type":"ImageObject","inLanguage":"sv-SE","@id":"https:\/\/portugalagent.com\/sv\/#\/schema\/logo\/image\/","url":"https:\/\/portugalagent.com\/wp-content\/uploads\/2020\/11\/portugalagent.svg","contentUrl":"https:\/\/portugalagent.com\/wp-content\/uploads\/2020\/11\/portugalagent.svg","caption":"Portugal Agent"},"image":{"@id":"https:\/\/portugalagent.com\/sv\/#\/schema\/logo\/image\/"}},{"@type":"Person","@id":"https:\/\/portugalagent.com\/sv\/#\/schema\/person\/916dd45acb1ec87bc80bc43ca8907acd","name":"Niklas Fors\u00e9n","image":{"@type":"ImageObject","inLanguage":"sv-SE","@id":"https:\/\/portugalagent.com\/sv\/#\/schema\/person\/image\/","url":"https:\/\/secure.gravatar.com\/avatar\/663013df21d0d1921019a9add374baaa?s=96&d=mm&r=g","contentUrl":"https:\/\/secure.gravatar.com\/avatar\/663013df21d0d1921019a9add374baaa?s=96&d=mm&r=g","caption":"Niklas Fors\u00e9n"},"url":"https:\/\/portugalagent.com\/sv\/author\/niklasportugalagent-com\/"}]}},"_links":{"self":[{"href":"https:\/\/portugalagent.com\/sv\/wp-json\/wp\/v2\/posts\/53645"}],"collection":[{"href":"https:\/\/portugalagent.com\/sv\/wp-json\/wp\/v2\/posts"}],"about":[{"href":"https:\/\/portugalagent.com\/sv\/wp-json\/wp\/v2\/types\/post"}],"author":[{"embeddable":true,"href":"https:\/\/portugalagent.com\/sv\/wp-json\/wp\/v2\/users\/2"}],"replies":[{"embeddable":true,"href":"https:\/\/portugalagent.com\/sv\/wp-json\/wp\/v2\/comments?post=53645"}],"version-history":[{"count":1,"href":"https:\/\/portugalagent.com\/sv\/wp-json\/wp\/v2\/posts\/53645\/revisions"}],"predecessor-version":[{"id":53803,"href":"https:\/\/portugalagent.com\/sv\/wp-json\/wp\/v2\/posts\/53645\/revisions\/53803"}],"wp:featuredmedia":[{"embeddable":true,"href":"https:\/\/portugalagent.com\/sv\/wp-json\/wp\/v2\/media\/51457"}],"wp:attachment":[{"href":"https:\/\/portugalagent.com\/sv\/wp-json\/wp\/v2\/media?parent=53645"}],"wp:term":[{"taxonomy":"category","embeddable":true,"href":"https:\/\/portugalagent.com\/sv\/wp-json\/wp\/v2\/categories?post=53645"},{"taxonomy":"post_tag","embeddable":true,"href":"https:\/\/portugalagent.com\/sv\/wp-json\/wp\/v2\/tags?post=53645"}],"curies":[{"name":"wp","href":"https:\/\/api.w.org\/{rel}","templated":true}]}}