{"id":53636,"date":"2017-11-01T00:00:00","date_gmt":"2017-11-01T00:00:00","guid":{"rendered":"https:\/\/portugalagent.com\/fler-nya-projekt-till-salu-pa-silverkusten\/"},"modified":"2020-04-12T19:48:47","modified_gmt":"2020-04-12T19:48:47","slug":"fler-nya-projekt-till-salu-pa-silverkusten","status":"publish","type":"post","link":"https:\/\/portugalagent.com\/sv\/fler-nya-projekt-till-salu-pa-silverkusten\/","title":{"rendered":"Fler nya projekt till salu p\u00e5 Silverkusten"},"content":{"rendered":"<p>N\u00e4r vi b\u00f6rjade v\u00e5r verksamhet i april 2015 var det lite tr\u00f6gt att s\u00e4lja projekt p\u00e5 ritning. Speciellt om byggnationerna inte var p\u00e5b\u00f6rjade och vi endast kunde visa upp en tomt, en ritning och n\u00e5gra 3D-animeringer. Framf\u00f6rallt den svenska marknaden var skeptisk d\u00e4r v\u00e5ra kunder hade funderingar som; blir detta klart i tid? H\u00e5ller de budgeten? Blir kvaliteten lika god som prospektet lovar?<\/p>\n<p>Nu finns det f\u00e4rdiga bost\u00e4der som \u00e4r inflyttade och s\u00e5lda p\u00e5 ritning under 2015 och 2016. Nu n\u00e4r vi kan visa upp f\u00e4rdiga resultat, och vi har svenska kunder som k\u00f6pt p\u00e5 ritning och flyttat in i hus och l\u00e4genheter som referenser, rullar det. Vi f\u00e5r avslut redan p\u00e5 ritning och i n\u00e5got fall \u00e4ven av k\u00f6pare som inte ens varit p\u00e5 Silverkusten, \u00e4n mindre i Nazar\u00e9. De \u00e4r helt enkelt &#8221;r\u00e4dda&#8221; att n\u00e5gon annan ska klippa till p\u00e5 de b\u00e4sta utsiktsl\u00e4gena.<\/p>\n<p>H\u00e4r f\u00f6ljer n\u00e5gra exempel p\u00e5 byggprojekt som vi jobbar med nu h\u00f6sten och vintern 2017 och 2018 (se bilder och bildtexter nedan ocks\u00e5). Notera att vissa av projekten \u00e4r s\u00e5 nya att vi inte hunnit med att f\u00e5 in dem som objekt p\u00e5 Imo Nazar\u00e9 \u00e4n mindre i den svenska \u00f6vers\u00e4ttningen p\u00e5 Portugalagent.<br \/>\n\u00c4r du intresserad: Skicka ett mejl till <a href=\"mailto:niklas@portugalagent.com\">niklas@portugalagent.com<\/a><br \/>\nD\u00e5 \u00e5terkommer vi med en l\u00e4nk till en Dropboxmapp d\u00e4r alla bilder, prislistor och ritningar finns h\u00f6guppl\u00f6st.<\/p>\n<p><strong>Nytt parhus i Sitio da Nazar\u00e9<\/strong><br \/>\nYta: 260 kvm, 5 rum, pool, garage och fantastisk havsutsikt. (Samma gata som Niklas och Kari Fors\u00e9n)<br \/>\nPris: 420.000\u20ac\u00a0 <a href=\"http:\/\/imonazare.com\/property\/moradia-v4-nova-com-piscina-e-vista-mar\/\">IMO-251<\/a><\/p>\n<p><strong>Recidence Mar a Vista i Pederneira ovan Nazar\u00e9<\/strong><br \/>\nH\u00e4r blir det 40 l\u00e4genheter d\u00e4r alla f\u00e5r bra havsutsikt och solnedg\u00e5ng i havet \u00f6ver Nazar\u00e9.<br \/>\nStort poolomr\u00e5de med utsikt, garage och lekplats. Byggstart nu i vinter. S\u00e4ljstart: Nu. Inflyttning om ca tv\u00e5 \u00e5r fr\u00e5n byggstart dvs sent p\u00e5 h\u00f6sten 2019.<br \/>\nStorlekar: T1, T2 och T3. Vissa med tillh\u00f6rande &#8221;studio&#8221; som d\u00e5 blir en liten extral\u00e4genhet att hyra ut &#8211; eller ha som extra rymligt rum med k\u00f6k och bad. De 15 l\u00e4geneheter som ligger l\u00e4ngst upp f\u00e5r dessutom privata takterrasser.<br \/>\nL\u00e4nk:\u00a0<a href=\"http:\/\/imonazare.com\/property\/empreendimento-mar-a-vista-em-projecto-na-falesia-da-pederneira-3\/\">IMO-255<\/a><br \/>\nPriser: 141.000\u20ac till 409.000\u20ac<\/p>\n<p><strong>Radhus och l\u00e4genheter i Pederneira<\/strong><br \/>\n5 radhusl\u00e4genheter i tv\u00e5 plan samt 18 l\u00e4genheter kring et fint poolomr\u00e5de med havsutsikt.<br \/>\nT1, T2 och T3 Priser: 110.000\u20ac &#8211; 335.000\u20ac<br \/>\nByggstart nu i vinter. Inflytt ca december 2019<br \/>\nL\u00e4nkar: <a href=\"http:\/\/portugalagent.com\/property\/?post=nyprod-med-fantastisk-utsikt-over-nazare\">IMO-246<\/a> och <a href=\"http:\/\/portugalagent.com\/property\/?post=radhus-nyprod-havsutsikt-i-nazare\">IMO-247<\/a><\/p>\n<p>Dessutom kommer <a href=\"http:\/\/construcoes-gameiro.pt\/\">Gameiro<\/a> snart att bygga i Sitio och redan under 2018 kommer de bygga ytterligare ett fint flerfamiljshus uppe p\u00e5 h\u00f6jden ovan Nazar\u00e9. Ovanf\u00f6r det vi kallar &#8221;Futurra&#8221; d\u00e4r m\u00e5nga svenskar k\u00f6pt genom oss. D\u00e4r blir man klar till sommaren 2018 med inflyttning till h\u00f6sten samma \u00e5r. F\u00f6r Gameiro har vi exklusiv r\u00e4tt till den skandinaviska marknaden.<\/p>\n<p>Se mer i bilderna nedan!<\/p>\n<p>Mejla f\u00f6r mer information! <a href=\"mailto:niklas@portugalagent.com\">niklas@portugalagent.com<\/a><\/p>\n","protected":false},"excerpt":{"rendered":"<p>N\u00e4r vi b\u00f6rjade v\u00e5r verksamhet i april 2015 var det lite tr\u00f6gt att s\u00e4lja projekt p\u00e5 ritning. Speciellt om byggnationerna inte var p\u00e5b\u00f6rjade och vi endast kunde visa upp en tomt, en ritning och n\u00e5gra 3D-animeringer. Framf\u00f6rallt den svenska marknaden var skeptisk d\u00e4r v\u00e5ra kunder hade funderingar som; blir detta klart i tid? H\u00e5ller de [&hellip;]<\/p>\n","protected":false},"author":2,"featured_media":51647,"comment_status":"open","ping_status":"open","sticky":false,"template":"","format":"standard","meta":{"om_disable_all_campaigns":false,"_monsterinsights_skip_tracking":false,"_monsterinsights_sitenote_active":false,"_monsterinsights_sitenote_note":"","_monsterinsights_sitenote_category":0},"categories":[],"tags":[],"aioseo_notices":[],"yoast_head":"<!-- This site is optimized with the Yoast SEO plugin v19.10 - https:\/\/yoast.com\/wordpress\/plugins\/seo\/ -->\n<title>Fler nya projekt till salu p\u00e5 Silverkusten - Portugal Agent<\/title>\n<meta name=\"robots\" content=\"index, follow, max-snippet:-1, max-image-preview:large, max-video-preview:-1\" \/>\n<link rel=\"canonical\" href=\"https:\/\/portugalagent.com\/sv\/fler-nya-projekt-till-salu-pa-silverkusten\/\" \/>\n<meta property=\"og:locale\" content=\"sv_SE\" \/>\n<meta property=\"og:type\" content=\"article\" \/>\n<meta property=\"og:title\" content=\"Fler nya projekt till salu p\u00e5 Silverkusten - Portugal Agent\" \/>\n<meta property=\"og:description\" content=\"N\u00e4r vi b\u00f6rjade v\u00e5r verksamhet i april 2015 var det lite tr\u00f6gt att s\u00e4lja projekt p\u00e5 ritning. Speciellt om byggnationerna inte var p\u00e5b\u00f6rjade och vi endast kunde visa upp en tomt, en ritning och n\u00e5gra 3D-animeringer. Framf\u00f6rallt den svenska marknaden var skeptisk d\u00e4r v\u00e5ra kunder hade funderingar som; blir detta klart i tid? H\u00e5ller de [&hellip;]\" \/>\n<meta property=\"og:url\" content=\"https:\/\/portugalagent.com\/sv\/fler-nya-projekt-till-salu-pa-silverkusten\/\" \/>\n<meta property=\"og:site_name\" content=\"Portugal Agent\" \/>\n<meta property=\"article:published_time\" content=\"2017-11-01T00:00:00+00:00\" \/>\n<meta property=\"article:modified_time\" content=\"2020-04-12T19:48:47+00:00\" \/>\n<meta property=\"og:image\" content=\"https:\/\/portugalagent.com\/wp-content\/uploads\/2020\/04\/DSC_1849NET.jpg\" \/>\n\t<meta property=\"og:image:width\" content=\"1600\" \/>\n\t<meta property=\"og:image:height\" content=\"1068\" \/>\n\t<meta property=\"og:image:type\" content=\"image\/jpeg\" \/>\n<meta name=\"author\" content=\"Niklas Fors\u00e9n\" \/>\n<meta name=\"twitter:card\" content=\"summary_large_image\" \/>\n<meta name=\"twitter:label1\" content=\"Skriven av\" \/>\n\t<meta name=\"twitter:data1\" content=\"Niklas Fors\u00e9n\" \/>\n\t<meta name=\"twitter:label2\" content=\"Ber\u00e4knad l\u00e4stid\" \/>\n\t<meta name=\"twitter:data2\" content=\"3 minuter\" \/>\n<script type=\"application\/ld+json\" class=\"yoast-schema-graph\">{\"@context\":\"https:\/\/schema.org\",\"@graph\":[{\"@type\":\"Article\",\"@id\":\"https:\/\/portugalagent.com\/sv\/fler-nya-projekt-till-salu-pa-silverkusten\/#article\",\"isPartOf\":{\"@id\":\"https:\/\/portugalagent.com\/sv\/fler-nya-projekt-till-salu-pa-silverkusten\/\"},\"author\":{\"name\":\"Niklas Fors\u00e9n\",\"@id\":\"https:\/\/portugalagent.com\/sv\/#\/schema\/person\/916dd45acb1ec87bc80bc43ca8907acd\"},\"headline\":\"Fler nya projekt till salu p\u00e5 Silverkusten\",\"datePublished\":\"2017-11-01T00:00:00+00:00\",\"dateModified\":\"2020-04-12T19:48:47+00:00\",\"mainEntityOfPage\":{\"@id\":\"https:\/\/portugalagent.com\/sv\/fler-nya-projekt-till-salu-pa-silverkusten\/\"},\"wordCount\":509,\"commentCount\":0,\"publisher\":{\"@id\":\"https:\/\/portugalagent.com\/sv\/#organization\"},\"inLanguage\":\"sv-SE\",\"potentialAction\":[{\"@type\":\"CommentAction\",\"name\":\"Comment\",\"target\":[\"https:\/\/portugalagent.com\/sv\/fler-nya-projekt-till-salu-pa-silverkusten\/#respond\"]}]},{\"@type\":\"WebPage\",\"@id\":\"https:\/\/portugalagent.com\/sv\/fler-nya-projekt-till-salu-pa-silverkusten\/\",\"url\":\"https:\/\/portugalagent.com\/sv\/fler-nya-projekt-till-salu-pa-silverkusten\/\",\"name\":\"Fler nya projekt till salu p\u00e5 Silverkusten - Portugal Agent\",\"isPartOf\":{\"@id\":\"https:\/\/portugalagent.com\/sv\/#website\"},\"datePublished\":\"2017-11-01T00:00:00+00:00\",\"dateModified\":\"2020-04-12T19:48:47+00:00\",\"breadcrumb\":{\"@id\":\"https:\/\/portugalagent.com\/sv\/fler-nya-projekt-till-salu-pa-silverkusten\/#breadcrumb\"},\"inLanguage\":\"sv-SE\",\"potentialAction\":[{\"@type\":\"ReadAction\",\"target\":[\"https:\/\/portugalagent.com\/sv\/fler-nya-projekt-till-salu-pa-silverkusten\/\"]}]},{\"@type\":\"BreadcrumbList\",\"@id\":\"https:\/\/portugalagent.com\/sv\/fler-nya-projekt-till-salu-pa-silverkusten\/#breadcrumb\",\"itemListElement\":[{\"@type\":\"ListItem\",\"position\":1,\"name\":\"Home\",\"item\":\"https:\/\/portugalagent.com\/sv\/\"},{\"@type\":\"ListItem\",\"position\":2,\"name\":\"Fler nya projekt till salu p\u00e5 Silverkusten\"}]},{\"@type\":\"WebSite\",\"@id\":\"https:\/\/portugalagent.com\/sv\/#website\",\"url\":\"https:\/\/portugalagent.com\/sv\/\",\"name\":\"Portugal Agent\",\"description\":\"\",\"publisher\":{\"@id\":\"https:\/\/portugalagent.com\/sv\/#organization\"},\"potentialAction\":[{\"@type\":\"SearchAction\",\"target\":{\"@type\":\"EntryPoint\",\"urlTemplate\":\"https:\/\/portugalagent.com\/sv\/?s={search_term_string}\"},\"query-input\":\"required name=search_term_string\"}],\"inLanguage\":\"sv-SE\"},{\"@type\":\"Organization\",\"@id\":\"https:\/\/portugalagent.com\/sv\/#organization\",\"name\":\"Portugal Agent\",\"url\":\"https:\/\/portugalagent.com\/sv\/\",\"logo\":{\"@type\":\"ImageObject\",\"inLanguage\":\"sv-SE\",\"@id\":\"https:\/\/portugalagent.com\/sv\/#\/schema\/logo\/image\/\",\"url\":\"https:\/\/portugalagent.com\/wp-content\/uploads\/2020\/11\/portugalagent.svg\",\"contentUrl\":\"https:\/\/portugalagent.com\/wp-content\/uploads\/2020\/11\/portugalagent.svg\",\"caption\":\"Portugal Agent\"},\"image\":{\"@id\":\"https:\/\/portugalagent.com\/sv\/#\/schema\/logo\/image\/\"}},{\"@type\":\"Person\",\"@id\":\"https:\/\/portugalagent.com\/sv\/#\/schema\/person\/916dd45acb1ec87bc80bc43ca8907acd\",\"name\":\"Niklas Fors\u00e9n\",\"image\":{\"@type\":\"ImageObject\",\"inLanguage\":\"sv-SE\",\"@id\":\"https:\/\/portugalagent.com\/sv\/#\/schema\/person\/image\/\",\"url\":\"https:\/\/secure.gravatar.com\/avatar\/663013df21d0d1921019a9add374baaa?s=96&d=mm&r=g\",\"contentUrl\":\"https:\/\/secure.gravatar.com\/avatar\/663013df21d0d1921019a9add374baaa?s=96&d=mm&r=g\",\"caption\":\"Niklas Fors\u00e9n\"},\"url\":\"https:\/\/portugalagent.com\/sv\/author\/niklasportugalagent-com\/\"}]}<\/script>\n<!-- \/ Yoast SEO plugin. -->","yoast_head_json":{"title":"Fler nya projekt till salu p\u00e5 Silverkusten - Portugal Agent","robots":{"index":"index","follow":"follow","max-snippet":"max-snippet:-1","max-image-preview":"max-image-preview:large","max-video-preview":"max-video-preview:-1"},"canonical":"https:\/\/portugalagent.com\/sv\/fler-nya-projekt-till-salu-pa-silverkusten\/","og_locale":"sv_SE","og_type":"article","og_title":"Fler nya projekt till salu p\u00e5 Silverkusten - Portugal Agent","og_description":"N\u00e4r vi b\u00f6rjade v\u00e5r verksamhet i april 2015 var det lite tr\u00f6gt att s\u00e4lja projekt p\u00e5 ritning. Speciellt om byggnationerna inte var p\u00e5b\u00f6rjade och vi endast kunde visa upp en tomt, en ritning och n\u00e5gra 3D-animeringer. Framf\u00f6rallt den svenska marknaden var skeptisk d\u00e4r v\u00e5ra kunder hade funderingar som; blir detta klart i tid? H\u00e5ller de [&hellip;]","og_url":"https:\/\/portugalagent.com\/sv\/fler-nya-projekt-till-salu-pa-silverkusten\/","og_site_name":"Portugal Agent","article_published_time":"2017-11-01T00:00:00+00:00","article_modified_time":"2020-04-12T19:48:47+00:00","og_image":[{"width":1600,"height":1068,"url":"https:\/\/portugalagent.com\/wp-content\/uploads\/2020\/04\/DSC_1849NET.jpg","type":"image\/jpeg"}],"author":"Niklas Fors\u00e9n","twitter_card":"summary_large_image","twitter_misc":{"Skriven av":"Niklas Fors\u00e9n","Ber\u00e4knad l\u00e4stid":"3 minuter"},"schema":{"@context":"https:\/\/schema.org","@graph":[{"@type":"Article","@id":"https:\/\/portugalagent.com\/sv\/fler-nya-projekt-till-salu-pa-silverkusten\/#article","isPartOf":{"@id":"https:\/\/portugalagent.com\/sv\/fler-nya-projekt-till-salu-pa-silverkusten\/"},"author":{"name":"Niklas Fors\u00e9n","@id":"https:\/\/portugalagent.com\/sv\/#\/schema\/person\/916dd45acb1ec87bc80bc43ca8907acd"},"headline":"Fler nya projekt till salu p\u00e5 Silverkusten","datePublished":"2017-11-01T00:00:00+00:00","dateModified":"2020-04-12T19:48:47+00:00","mainEntityOfPage":{"@id":"https:\/\/portugalagent.com\/sv\/fler-nya-projekt-till-salu-pa-silverkusten\/"},"wordCount":509,"commentCount":0,"publisher":{"@id":"https:\/\/portugalagent.com\/sv\/#organization"},"inLanguage":"sv-SE","potentialAction":[{"@type":"CommentAction","name":"Comment","target":["https:\/\/portugalagent.com\/sv\/fler-nya-projekt-till-salu-pa-silverkusten\/#respond"]}]},{"@type":"WebPage","@id":"https:\/\/portugalagent.com\/sv\/fler-nya-projekt-till-salu-pa-silverkusten\/","url":"https:\/\/portugalagent.com\/sv\/fler-nya-projekt-till-salu-pa-silverkusten\/","name":"Fler nya projekt till salu p\u00e5 Silverkusten - Portugal Agent","isPartOf":{"@id":"https:\/\/portugalagent.com\/sv\/#website"},"datePublished":"2017-11-01T00:00:00+00:00","dateModified":"2020-04-12T19:48:47+00:00","breadcrumb":{"@id":"https:\/\/portugalagent.com\/sv\/fler-nya-projekt-till-salu-pa-silverkusten\/#breadcrumb"},"inLanguage":"sv-SE","potentialAction":[{"@type":"ReadAction","target":["https:\/\/portugalagent.com\/sv\/fler-nya-projekt-till-salu-pa-silverkusten\/"]}]},{"@type":"BreadcrumbList","@id":"https:\/\/portugalagent.com\/sv\/fler-nya-projekt-till-salu-pa-silverkusten\/#breadcrumb","itemListElement":[{"@type":"ListItem","position":1,"name":"Home","item":"https:\/\/portugalagent.com\/sv\/"},{"@type":"ListItem","position":2,"name":"Fler nya projekt till salu p\u00e5 Silverkusten"}]},{"@type":"WebSite","@id":"https:\/\/portugalagent.com\/sv\/#website","url":"https:\/\/portugalagent.com\/sv\/","name":"Portugal Agent","description":"","publisher":{"@id":"https:\/\/portugalagent.com\/sv\/#organization"},"potentialAction":[{"@type":"SearchAction","target":{"@type":"EntryPoint","urlTemplate":"https:\/\/portugalagent.com\/sv\/?s={search_term_string}"},"query-input":"required name=search_term_string"}],"inLanguage":"sv-SE"},{"@type":"Organization","@id":"https:\/\/portugalagent.com\/sv\/#organization","name":"Portugal Agent","url":"https:\/\/portugalagent.com\/sv\/","logo":{"@type":"ImageObject","inLanguage":"sv-SE","@id":"https:\/\/portugalagent.com\/sv\/#\/schema\/logo\/image\/","url":"https:\/\/portugalagent.com\/wp-content\/uploads\/2020\/11\/portugalagent.svg","contentUrl":"https:\/\/portugalagent.com\/wp-content\/uploads\/2020\/11\/portugalagent.svg","caption":"Portugal Agent"},"image":{"@id":"https:\/\/portugalagent.com\/sv\/#\/schema\/logo\/image\/"}},{"@type":"Person","@id":"https:\/\/portugalagent.com\/sv\/#\/schema\/person\/916dd45acb1ec87bc80bc43ca8907acd","name":"Niklas Fors\u00e9n","image":{"@type":"ImageObject","inLanguage":"sv-SE","@id":"https:\/\/portugalagent.com\/sv\/#\/schema\/person\/image\/","url":"https:\/\/secure.gravatar.com\/avatar\/663013df21d0d1921019a9add374baaa?s=96&d=mm&r=g","contentUrl":"https:\/\/secure.gravatar.com\/avatar\/663013df21d0d1921019a9add374baaa?s=96&d=mm&r=g","caption":"Niklas Fors\u00e9n"},"url":"https:\/\/portugalagent.com\/sv\/author\/niklasportugalagent-com\/"}]}},"_links":{"self":[{"href":"https:\/\/portugalagent.com\/sv\/wp-json\/wp\/v2\/posts\/53636"}],"collection":[{"href":"https:\/\/portugalagent.com\/sv\/wp-json\/wp\/v2\/posts"}],"about":[{"href":"https:\/\/portugalagent.com\/sv\/wp-json\/wp\/v2\/types\/post"}],"author":[{"embeddable":true,"href":"https:\/\/portugalagent.com\/sv\/wp-json\/wp\/v2\/users\/2"}],"replies":[{"embeddable":true,"href":"https:\/\/portugalagent.com\/sv\/wp-json\/wp\/v2\/comments?post=53636"}],"version-history":[{"count":1,"href":"https:\/\/portugalagent.com\/sv\/wp-json\/wp\/v2\/posts\/53636\/revisions"}],"predecessor-version":[{"id":53793,"href":"https:\/\/portugalagent.com\/sv\/wp-json\/wp\/v2\/posts\/53636\/revisions\/53793"}],"wp:featuredmedia":[{"embeddable":true,"href":"https:\/\/portugalagent.com\/sv\/wp-json\/wp\/v2\/media\/51647"}],"wp:attachment":[{"href":"https:\/\/portugalagent.com\/sv\/wp-json\/wp\/v2\/media?parent=53636"}],"wp:term":[{"taxonomy":"category","embeddable":true,"href":"https:\/\/portugalagent.com\/sv\/wp-json\/wp\/v2\/categories?post=53636"},{"taxonomy":"post_tag","embeddable":true,"href":"https:\/\/portugalagent.com\/sv\/wp-json\/wp\/v2\/tags?post=53636"}],"curies":[{"name":"wp","href":"https:\/\/api.w.org\/{rel}","templated":true}]}}