{"id":53598,"date":"2018-03-23T00:00:00","date_gmt":"2018-03-23T00:00:00","guid":{"rendered":"https:\/\/portugalagent.com\/varens-visningsresor-till-portugal\/"},"modified":"2020-04-12T19:48:46","modified_gmt":"2020-04-12T19:48:46","slug":"varens-visningsresor-till-portugal","status":"publish","type":"post","link":"https:\/\/portugalagent.com\/sv\/varens-visningsresor-till-portugal\/","title":{"rendered":"V\u00e5rens visningsresor till Portugal"},"content":{"rendered":"<p><strong>Under v\u00e5ren 2018 arrangerar vi tv\u00e5 visningsresor till Portugal, Nazar\u00e9 och Silverkusten. Under tre hela dagar visar vi runt p\u00e5 Silverkusten och i Nazar\u00e9.<\/strong><\/p>\n<p>Det \u00e4r inget tv\u00e5ng att g\u00e5 p\u00e5 visningar av l\u00e4genheter och villor och vi har endast sm\u00e5 grupper vilket ger gott om tid \u00f6ver f\u00f6r enskilda \u00f6nskem\u00e5l. Vi kan visa stadsdelar, omr\u00e5den, str\u00e4nder, kultur, golf, surfing \u2013 ja det du \u00f6nskar.<br \/>\nV\u00e5ra m\u00e4klare hittar mycket bra i omr\u00e5det fr\u00e5n Peniche och Baleal i s\u00f6der upp till Nazar\u00e9 och Pedra do Ouro i norr och kan ge dig v\u00e4rdefull information och fin fina tips i omr\u00e5det. Detta \u00e4r den s\u00f6dra, eller ska vi kanske kalla det den centrala delen av Silverkusten? Med endast 11 mil fr\u00e5n Lissabons flygplats ger det en enkel transfer om ca 1 tim och 15 minuter.<\/p>\n<p><strong>Visningsresa nr 1:\u00a0 21 \u2013 25 april<\/strong><\/p>\n<p><strong>Visningsresa nr 2:\u00a0 28 april \u2013 2 maj<\/strong><\/p>\n<p>F\u00f6rsta och sista dagen i varje visningsresa \u00e4r resdag. D\u00e5 h\u00e4mtar vi p\u00e5 flygplatsen i Lissabon p\u00e5 eftermiddagen eller kv\u00e4llen samt l\u00e4mnar p\u00e5 flygplatsen p\u00e5 morgonen den sista dagen.<\/p>\n<p>I visningsresan ing\u00e5r \u00e4ven ett <strong>intressant seminarium<\/strong> med inriktning p\u00e5 skatt, flyttregler och k\u00f6pprocessen i Portugal.<br \/>\nTisdag 24 april \u00e4r det med Karl-Olof \u00d6hrn och \u00d6hman<br \/>\nS\u00f6ndag 20 april \u00e4r det med advokat Emine Lundkvist och \u00d6hman<\/p>\n<p>I h\u00f6st arrangerar vi ytterligare tv\u00e5 visningsresor:<br \/>\n17 \u2013 21 oktober och 20 \u2013 24 oktober<\/p>\n<p><strong>Anm\u00e4lan och fr\u00e5gor:<\/strong><br \/>\nKari Fors\u00e9n, +46-70-592 60 76<br \/>\nMejl:\u00a0<a href=\"mailto:kari@portugalagent.com\">kari@portugalagent.com<\/a><\/p>\n<p>Mer om visningsresor, villkor m m: <a href=\"https:\/\/portugalagent.com\/sv\/?p=304\">Visningsresor 2018<\/a><\/p>\n<p>F\u00f6lj oss \u00e4ven p\u00e5 Facebook och Instagram. Dagliga kommentarer fr\u00e5n Nazar\u00e9 och Silverkusten p\u00e5 Instagram.<br \/>\n@portugalagent #portugalagent<\/p>\n","protected":false},"excerpt":{"rendered":"<p>Under v\u00e5ren 2018 arrangerar vi tv\u00e5 visningsresor till Portugal, Nazar\u00e9 och Silverkusten. Under tre hela dagar visar vi runt p\u00e5 Silverkusten och i Nazar\u00e9. Det \u00e4r inget tv\u00e5ng att g\u00e5 p\u00e5 visningar av l\u00e4genheter och villor och vi har endast sm\u00e5 grupper vilket ger gott om tid \u00f6ver f\u00f6r enskilda \u00f6nskem\u00e5l. Vi kan visa stadsdelar, [&hellip;]<\/p>\n","protected":false},"author":2,"featured_media":52124,"comment_status":"open","ping_status":"open","sticky":false,"template":"","format":"standard","meta":{"om_disable_all_campaigns":false,"_monsterinsights_skip_tracking":false,"_monsterinsights_sitenote_active":false,"_monsterinsights_sitenote_note":"","_monsterinsights_sitenote_category":0},"categories":[],"tags":[],"aioseo_notices":[],"yoast_head":"<!-- This site is optimized with the Yoast SEO plugin v19.10 - https:\/\/yoast.com\/wordpress\/plugins\/seo\/ -->\n<title>V\u00e5rens visningsresor till Portugal - Portugal Agent<\/title>\n<meta name=\"robots\" content=\"index, follow, max-snippet:-1, max-image-preview:large, max-video-preview:-1\" \/>\n<link rel=\"canonical\" href=\"https:\/\/portugalagent.com\/sv\/varens-visningsresor-till-portugal\/\" \/>\n<meta property=\"og:locale\" content=\"sv_SE\" \/>\n<meta property=\"og:type\" content=\"article\" \/>\n<meta property=\"og:title\" content=\"V\u00e5rens visningsresor till Portugal - Portugal Agent\" \/>\n<meta property=\"og:description\" content=\"Under v\u00e5ren 2018 arrangerar vi tv\u00e5 visningsresor till Portugal, Nazar\u00e9 och Silverkusten. Under tre hela dagar visar vi runt p\u00e5 Silverkusten och i Nazar\u00e9. Det \u00e4r inget tv\u00e5ng att g\u00e5 p\u00e5 visningar av l\u00e4genheter och villor och vi har endast sm\u00e5 grupper vilket ger gott om tid \u00f6ver f\u00f6r enskilda \u00f6nskem\u00e5l. Vi kan visa stadsdelar, [&hellip;]\" \/>\n<meta property=\"og:url\" content=\"https:\/\/portugalagent.com\/sv\/varens-visningsresor-till-portugal\/\" \/>\n<meta property=\"og:site_name\" content=\"Portugal Agent\" \/>\n<meta property=\"article:published_time\" content=\"2018-03-23T00:00:00+00:00\" \/>\n<meta property=\"article:modified_time\" content=\"2020-04-12T19:48:46+00:00\" \/>\n<meta property=\"og:image\" content=\"https:\/\/portugalagent.com\/wp-content\/uploads\/2020\/04\/IMG_3484.jpg\" \/>\n\t<meta property=\"og:image:width\" content=\"2048\" \/>\n\t<meta property=\"og:image:height\" content=\"1536\" \/>\n\t<meta property=\"og:image:type\" content=\"image\/jpeg\" \/>\n<meta name=\"author\" content=\"Niklas Fors\u00e9n\" \/>\n<meta name=\"twitter:card\" content=\"summary_large_image\" \/>\n<meta name=\"twitter:label1\" content=\"Skriven av\" \/>\n\t<meta name=\"twitter:data1\" content=\"Niklas Fors\u00e9n\" \/>\n\t<meta name=\"twitter:label2\" content=\"Ber\u00e4knad l\u00e4stid\" \/>\n\t<meta name=\"twitter:data2\" content=\"1 minut\" \/>\n<script type=\"application\/ld+json\" class=\"yoast-schema-graph\">{\"@context\":\"https:\/\/schema.org\",\"@graph\":[{\"@type\":\"Article\",\"@id\":\"https:\/\/portugalagent.com\/sv\/varens-visningsresor-till-portugal\/#article\",\"isPartOf\":{\"@id\":\"https:\/\/portugalagent.com\/sv\/varens-visningsresor-till-portugal\/\"},\"author\":{\"name\":\"Niklas Fors\u00e9n\",\"@id\":\"https:\/\/portugalagent.com\/sv\/#\/schema\/person\/916dd45acb1ec87bc80bc43ca8907acd\"},\"headline\":\"V\u00e5rens visningsresor till Portugal\",\"datePublished\":\"2018-03-23T00:00:00+00:00\",\"dateModified\":\"2020-04-12T19:48:46+00:00\",\"mainEntityOfPage\":{\"@id\":\"https:\/\/portugalagent.com\/sv\/varens-visningsresor-till-portugal\/\"},\"wordCount\":278,\"commentCount\":0,\"publisher\":{\"@id\":\"https:\/\/portugalagent.com\/sv\/#organization\"},\"inLanguage\":\"sv-SE\",\"potentialAction\":[{\"@type\":\"CommentAction\",\"name\":\"Comment\",\"target\":[\"https:\/\/portugalagent.com\/sv\/varens-visningsresor-till-portugal\/#respond\"]}]},{\"@type\":\"WebPage\",\"@id\":\"https:\/\/portugalagent.com\/sv\/varens-visningsresor-till-portugal\/\",\"url\":\"https:\/\/portugalagent.com\/sv\/varens-visningsresor-till-portugal\/\",\"name\":\"V\u00e5rens visningsresor till Portugal - Portugal Agent\",\"isPartOf\":{\"@id\":\"https:\/\/portugalagent.com\/sv\/#website\"},\"datePublished\":\"2018-03-23T00:00:00+00:00\",\"dateModified\":\"2020-04-12T19:48:46+00:00\",\"breadcrumb\":{\"@id\":\"https:\/\/portugalagent.com\/sv\/varens-visningsresor-till-portugal\/#breadcrumb\"},\"inLanguage\":\"sv-SE\",\"potentialAction\":[{\"@type\":\"ReadAction\",\"target\":[\"https:\/\/portugalagent.com\/sv\/varens-visningsresor-till-portugal\/\"]}]},{\"@type\":\"BreadcrumbList\",\"@id\":\"https:\/\/portugalagent.com\/sv\/varens-visningsresor-till-portugal\/#breadcrumb\",\"itemListElement\":[{\"@type\":\"ListItem\",\"position\":1,\"name\":\"Home\",\"item\":\"https:\/\/portugalagent.com\/sv\/\"},{\"@type\":\"ListItem\",\"position\":2,\"name\":\"V\u00e5rens visningsresor till Portugal\"}]},{\"@type\":\"WebSite\",\"@id\":\"https:\/\/portugalagent.com\/sv\/#website\",\"url\":\"https:\/\/portugalagent.com\/sv\/\",\"name\":\"Portugal Agent\",\"description\":\"\",\"publisher\":{\"@id\":\"https:\/\/portugalagent.com\/sv\/#organization\"},\"potentialAction\":[{\"@type\":\"SearchAction\",\"target\":{\"@type\":\"EntryPoint\",\"urlTemplate\":\"https:\/\/portugalagent.com\/sv\/?s={search_term_string}\"},\"query-input\":\"required name=search_term_string\"}],\"inLanguage\":\"sv-SE\"},{\"@type\":\"Organization\",\"@id\":\"https:\/\/portugalagent.com\/sv\/#organization\",\"name\":\"Portugal Agent\",\"url\":\"https:\/\/portugalagent.com\/sv\/\",\"logo\":{\"@type\":\"ImageObject\",\"inLanguage\":\"sv-SE\",\"@id\":\"https:\/\/portugalagent.com\/sv\/#\/schema\/logo\/image\/\",\"url\":\"https:\/\/portugalagent.com\/wp-content\/uploads\/2020\/11\/portugalagent.svg\",\"contentUrl\":\"https:\/\/portugalagent.com\/wp-content\/uploads\/2020\/11\/portugalagent.svg\",\"caption\":\"Portugal Agent\"},\"image\":{\"@id\":\"https:\/\/portugalagent.com\/sv\/#\/schema\/logo\/image\/\"}},{\"@type\":\"Person\",\"@id\":\"https:\/\/portugalagent.com\/sv\/#\/schema\/person\/916dd45acb1ec87bc80bc43ca8907acd\",\"name\":\"Niklas Fors\u00e9n\",\"image\":{\"@type\":\"ImageObject\",\"inLanguage\":\"sv-SE\",\"@id\":\"https:\/\/portugalagent.com\/sv\/#\/schema\/person\/image\/\",\"url\":\"https:\/\/secure.gravatar.com\/avatar\/663013df21d0d1921019a9add374baaa?s=96&d=mm&r=g\",\"contentUrl\":\"https:\/\/secure.gravatar.com\/avatar\/663013df21d0d1921019a9add374baaa?s=96&d=mm&r=g\",\"caption\":\"Niklas Fors\u00e9n\"},\"url\":\"https:\/\/portugalagent.com\/sv\/author\/niklasportugalagent-com\/\"}]}<\/script>\n<!-- \/ Yoast SEO plugin. -->","yoast_head_json":{"title":"V\u00e5rens visningsresor till Portugal - Portugal Agent","robots":{"index":"index","follow":"follow","max-snippet":"max-snippet:-1","max-image-preview":"max-image-preview:large","max-video-preview":"max-video-preview:-1"},"canonical":"https:\/\/portugalagent.com\/sv\/varens-visningsresor-till-portugal\/","og_locale":"sv_SE","og_type":"article","og_title":"V\u00e5rens visningsresor till Portugal - Portugal Agent","og_description":"Under v\u00e5ren 2018 arrangerar vi tv\u00e5 visningsresor till Portugal, Nazar\u00e9 och Silverkusten. Under tre hela dagar visar vi runt p\u00e5 Silverkusten och i Nazar\u00e9. Det \u00e4r inget tv\u00e5ng att g\u00e5 p\u00e5 visningar av l\u00e4genheter och villor och vi har endast sm\u00e5 grupper vilket ger gott om tid \u00f6ver f\u00f6r enskilda \u00f6nskem\u00e5l. Vi kan visa stadsdelar, [&hellip;]","og_url":"https:\/\/portugalagent.com\/sv\/varens-visningsresor-till-portugal\/","og_site_name":"Portugal Agent","article_published_time":"2018-03-23T00:00:00+00:00","article_modified_time":"2020-04-12T19:48:46+00:00","og_image":[{"width":2048,"height":1536,"url":"https:\/\/portugalagent.com\/wp-content\/uploads\/2020\/04\/IMG_3484.jpg","type":"image\/jpeg"}],"author":"Niklas Fors\u00e9n","twitter_card":"summary_large_image","twitter_misc":{"Skriven av":"Niklas Fors\u00e9n","Ber\u00e4knad l\u00e4stid":"1 minut"},"schema":{"@context":"https:\/\/schema.org","@graph":[{"@type":"Article","@id":"https:\/\/portugalagent.com\/sv\/varens-visningsresor-till-portugal\/#article","isPartOf":{"@id":"https:\/\/portugalagent.com\/sv\/varens-visningsresor-till-portugal\/"},"author":{"name":"Niklas Fors\u00e9n","@id":"https:\/\/portugalagent.com\/sv\/#\/schema\/person\/916dd45acb1ec87bc80bc43ca8907acd"},"headline":"V\u00e5rens visningsresor till Portugal","datePublished":"2018-03-23T00:00:00+00:00","dateModified":"2020-04-12T19:48:46+00:00","mainEntityOfPage":{"@id":"https:\/\/portugalagent.com\/sv\/varens-visningsresor-till-portugal\/"},"wordCount":278,"commentCount":0,"publisher":{"@id":"https:\/\/portugalagent.com\/sv\/#organization"},"inLanguage":"sv-SE","potentialAction":[{"@type":"CommentAction","name":"Comment","target":["https:\/\/portugalagent.com\/sv\/varens-visningsresor-till-portugal\/#respond"]}]},{"@type":"WebPage","@id":"https:\/\/portugalagent.com\/sv\/varens-visningsresor-till-portugal\/","url":"https:\/\/portugalagent.com\/sv\/varens-visningsresor-till-portugal\/","name":"V\u00e5rens visningsresor till Portugal - Portugal Agent","isPartOf":{"@id":"https:\/\/portugalagent.com\/sv\/#website"},"datePublished":"2018-03-23T00:00:00+00:00","dateModified":"2020-04-12T19:48:46+00:00","breadcrumb":{"@id":"https:\/\/portugalagent.com\/sv\/varens-visningsresor-till-portugal\/#breadcrumb"},"inLanguage":"sv-SE","potentialAction":[{"@type":"ReadAction","target":["https:\/\/portugalagent.com\/sv\/varens-visningsresor-till-portugal\/"]}]},{"@type":"BreadcrumbList","@id":"https:\/\/portugalagent.com\/sv\/varens-visningsresor-till-portugal\/#breadcrumb","itemListElement":[{"@type":"ListItem","position":1,"name":"Home","item":"https:\/\/portugalagent.com\/sv\/"},{"@type":"ListItem","position":2,"name":"V\u00e5rens visningsresor till Portugal"}]},{"@type":"WebSite","@id":"https:\/\/portugalagent.com\/sv\/#website","url":"https:\/\/portugalagent.com\/sv\/","name":"Portugal Agent","description":"","publisher":{"@id":"https:\/\/portugalagent.com\/sv\/#organization"},"potentialAction":[{"@type":"SearchAction","target":{"@type":"EntryPoint","urlTemplate":"https:\/\/portugalagent.com\/sv\/?s={search_term_string}"},"query-input":"required name=search_term_string"}],"inLanguage":"sv-SE"},{"@type":"Organization","@id":"https:\/\/portugalagent.com\/sv\/#organization","name":"Portugal Agent","url":"https:\/\/portugalagent.com\/sv\/","logo":{"@type":"ImageObject","inLanguage":"sv-SE","@id":"https:\/\/portugalagent.com\/sv\/#\/schema\/logo\/image\/","url":"https:\/\/portugalagent.com\/wp-content\/uploads\/2020\/11\/portugalagent.svg","contentUrl":"https:\/\/portugalagent.com\/wp-content\/uploads\/2020\/11\/portugalagent.svg","caption":"Portugal Agent"},"image":{"@id":"https:\/\/portugalagent.com\/sv\/#\/schema\/logo\/image\/"}},{"@type":"Person","@id":"https:\/\/portugalagent.com\/sv\/#\/schema\/person\/916dd45acb1ec87bc80bc43ca8907acd","name":"Niklas Fors\u00e9n","image":{"@type":"ImageObject","inLanguage":"sv-SE","@id":"https:\/\/portugalagent.com\/sv\/#\/schema\/person\/image\/","url":"https:\/\/secure.gravatar.com\/avatar\/663013df21d0d1921019a9add374baaa?s=96&d=mm&r=g","contentUrl":"https:\/\/secure.gravatar.com\/avatar\/663013df21d0d1921019a9add374baaa?s=96&d=mm&r=g","caption":"Niklas Fors\u00e9n"},"url":"https:\/\/portugalagent.com\/sv\/author\/niklasportugalagent-com\/"}]}},"_links":{"self":[{"href":"https:\/\/portugalagent.com\/sv\/wp-json\/wp\/v2\/posts\/53598"}],"collection":[{"href":"https:\/\/portugalagent.com\/sv\/wp-json\/wp\/v2\/posts"}],"about":[{"href":"https:\/\/portugalagent.com\/sv\/wp-json\/wp\/v2\/types\/post"}],"author":[{"embeddable":true,"href":"https:\/\/portugalagent.com\/sv\/wp-json\/wp\/v2\/users\/2"}],"replies":[{"embeddable":true,"href":"https:\/\/portugalagent.com\/sv\/wp-json\/wp\/v2\/comments?post=53598"}],"version-history":[{"count":1,"href":"https:\/\/portugalagent.com\/sv\/wp-json\/wp\/v2\/posts\/53598\/revisions"}],"predecessor-version":[{"id":53618,"href":"https:\/\/portugalagent.com\/sv\/wp-json\/wp\/v2\/posts\/53598\/revisions\/53618"}],"wp:featuredmedia":[{"embeddable":true,"href":"https:\/\/portugalagent.com\/sv\/wp-json\/wp\/v2\/media\/52124"}],"wp:attachment":[{"href":"https:\/\/portugalagent.com\/sv\/wp-json\/wp\/v2\/media?parent=53598"}],"wp:term":[{"taxonomy":"category","embeddable":true,"href":"https:\/\/portugalagent.com\/sv\/wp-json\/wp\/v2\/categories?post=53598"},{"taxonomy":"post_tag","embeddable":true,"href":"https:\/\/portugalagent.com\/sv\/wp-json\/wp\/v2\/tags?post=53598"}],"curies":[{"name":"wp","href":"https:\/\/api.w.org\/{rel}","templated":true}]}}