{"id":53594,"date":"2018-04-06T00:00:00","date_gmt":"2018-04-06T00:00:00","guid":{"rendered":"https:\/\/portugalagent.com\/reklam-for-nya-volvo-v60-i-nazare\/"},"modified":"2020-04-12T19:48:46","modified_gmt":"2020-04-12T19:48:46","slug":"reklam-for-nya-volvo-v60-i-nazare","status":"publish","type":"post","link":"https:\/\/portugalagent.com\/sv\/reklam-for-nya-volvo-v60-i-nazare\/","title":{"rendered":"Reklam f\u00f6r nya Volvo V60 i Nazar\u00e9"},"content":{"rendered":"<p>Du som h\u00e4nger med lite i v\u00e5ra nyheter h\u00e4r p\u00e5 Portugalagent vet att vi skriver om mycket annat \u00e4n bost\u00e4der till salu. Men det h\u00e4r \u00e4r f\u00f6rsta g\u00e5ngen vi har en paparazzi-aktig nyhet. Vi var med n\u00e4r man tog bilder inf\u00f6r lanseringen av nya Volvo V60. Av en ren slump tr\u00e4ffade vi p\u00e5 ett stort projektteam med svenska projektledare och portugisiska fotografer och r\u00e5ddare inf\u00f6r en st\u00f6rre fotografering av nya Volvo V60.<\/p>\n<p>Var t\u00e4nker du? Vid fyren i Nazar\u00e9 f\u00f6rst\u00e5s! Reklamen ska publiceras i maj enligt uppgift fr\u00e5n projektledaren. Vidare kunde hen ber\u00e4tta att de rekat m\u00e5nga olika milj\u00f6er runtomkring i Europa och efter utv\u00e4rdering f\u00f6ll valet p\u00e5 Nazar\u00e9! Vidare ville hen inte att jag skulle publicera n\u00e5gra bilder eftersom de vill att denna reklam ska sl\u00e5 ner p\u00e5 marknaden som ov\u00e4ntad. I hela v\u00e4rlden. Men. Jag kan inte h\u00e5lla mig l\u00e4ngre! Nu har jag v\u00e4ntat sedan 14 mars&#8230;<\/p>\n<p>Kolla in mina paparazziaktiga bilder p\u00e5 nya fina Volvo V60 och delar av deras team fotograferad i Nazar\u00e9 vid fyren och med Praia do Norte som fond.<\/p>\n<p>Nu har vi flera gemensamma svenska marknadsf\u00f6ringskanaler till Nazar\u00e9 fr\u00e5n v\u00e5ren 2018; Portugalagent (f\u00f6rst\u00e5s), Ulf Lundell med s\u00e5ngen &#8221;Portugal&#8221; och Volvo. Vad kommer h\u00e4rn\u00e4st?<\/p>\n","protected":false},"excerpt":{"rendered":"<p>Du som h\u00e4nger med lite i v\u00e5ra nyheter h\u00e4r p\u00e5 Portugalagent vet att vi skriver om mycket annat \u00e4n bost\u00e4der till salu. Men det h\u00e4r \u00e4r f\u00f6rsta g\u00e5ngen vi har en paparazzi-aktig nyhet. Vi var med n\u00e4r man tog bilder inf\u00f6r lanseringen av nya Volvo V60. Av en ren slump tr\u00e4ffade vi p\u00e5 ett stort [&hellip;]<\/p>\n","protected":false},"author":2,"featured_media":53045,"comment_status":"open","ping_status":"open","sticky":false,"template":"","format":"standard","meta":{"om_disable_all_campaigns":false,"_monsterinsights_skip_tracking":false,"_monsterinsights_sitenote_active":false,"_monsterinsights_sitenote_note":"","_monsterinsights_sitenote_category":0},"categories":[],"tags":[],"aioseo_notices":[],"yoast_head":"<!-- This site is optimized with the Yoast SEO plugin v19.10 - https:\/\/yoast.com\/wordpress\/plugins\/seo\/ -->\n<title>Reklam f\u00f6r nya Volvo V60 i Nazar\u00e9 - Portugal Agent<\/title>\n<meta name=\"robots\" content=\"index, follow, max-snippet:-1, max-image-preview:large, max-video-preview:-1\" \/>\n<link rel=\"canonical\" href=\"https:\/\/portugalagent.com\/sv\/reklam-for-nya-volvo-v60-i-nazare\/\" \/>\n<meta property=\"og:locale\" content=\"sv_SE\" \/>\n<meta property=\"og:type\" content=\"article\" \/>\n<meta property=\"og:title\" content=\"Reklam f\u00f6r nya Volvo V60 i Nazar\u00e9 - Portugal Agent\" \/>\n<meta property=\"og:description\" content=\"Du som h\u00e4nger med lite i v\u00e5ra nyheter h\u00e4r p\u00e5 Portugalagent vet att vi skriver om mycket annat \u00e4n bost\u00e4der till salu. Men det h\u00e4r \u00e4r f\u00f6rsta g\u00e5ngen vi har en paparazzi-aktig nyhet. Vi var med n\u00e4r man tog bilder inf\u00f6r lanseringen av nya Volvo V60. Av en ren slump tr\u00e4ffade vi p\u00e5 ett stort [&hellip;]\" \/>\n<meta property=\"og:url\" content=\"https:\/\/portugalagent.com\/sv\/reklam-for-nya-volvo-v60-i-nazare\/\" \/>\n<meta property=\"og:site_name\" content=\"Portugal Agent\" \/>\n<meta property=\"article:published_time\" content=\"2018-04-06T00:00:00+00:00\" \/>\n<meta property=\"article:modified_time\" content=\"2020-04-12T19:48:46+00:00\" \/>\n<meta property=\"og:image\" content=\"https:\/\/portugalagent.com\/wp-content\/uploads\/2020\/04\/IMG_4799NET.jpg\" \/>\n\t<meta property=\"og:image:width\" content=\"1500\" \/>\n\t<meta property=\"og:image:height\" content=\"1125\" \/>\n\t<meta property=\"og:image:type\" content=\"image\/jpeg\" \/>\n<meta name=\"author\" content=\"Niklas Fors\u00e9n\" \/>\n<meta name=\"twitter:card\" content=\"summary_large_image\" \/>\n<meta name=\"twitter:label1\" content=\"Skriven av\" \/>\n\t<meta name=\"twitter:data1\" content=\"Niklas Fors\u00e9n\" \/>\n\t<meta name=\"twitter:label2\" content=\"Ber\u00e4knad l\u00e4stid\" \/>\n\t<meta name=\"twitter:data2\" content=\"1 minut\" \/>\n<script type=\"application\/ld+json\" class=\"yoast-schema-graph\">{\"@context\":\"https:\/\/schema.org\",\"@graph\":[{\"@type\":\"Article\",\"@id\":\"https:\/\/portugalagent.com\/sv\/reklam-for-nya-volvo-v60-i-nazare\/#article\",\"isPartOf\":{\"@id\":\"https:\/\/portugalagent.com\/sv\/reklam-for-nya-volvo-v60-i-nazare\/\"},\"author\":{\"name\":\"Niklas Fors\u00e9n\",\"@id\":\"https:\/\/portugalagent.com\/sv\/#\/schema\/person\/916dd45acb1ec87bc80bc43ca8907acd\"},\"headline\":\"Reklam f\u00f6r nya Volvo V60 i Nazar\u00e9\",\"datePublished\":\"2018-04-06T00:00:00+00:00\",\"dateModified\":\"2020-04-12T19:48:46+00:00\",\"mainEntityOfPage\":{\"@id\":\"https:\/\/portugalagent.com\/sv\/reklam-for-nya-volvo-v60-i-nazare\/\"},\"wordCount\":242,\"commentCount\":0,\"publisher\":{\"@id\":\"https:\/\/portugalagent.com\/sv\/#organization\"},\"inLanguage\":\"sv-SE\",\"potentialAction\":[{\"@type\":\"CommentAction\",\"name\":\"Comment\",\"target\":[\"https:\/\/portugalagent.com\/sv\/reklam-for-nya-volvo-v60-i-nazare\/#respond\"]}]},{\"@type\":\"WebPage\",\"@id\":\"https:\/\/portugalagent.com\/sv\/reklam-for-nya-volvo-v60-i-nazare\/\",\"url\":\"https:\/\/portugalagent.com\/sv\/reklam-for-nya-volvo-v60-i-nazare\/\",\"name\":\"Reklam f\u00f6r nya Volvo V60 i Nazar\u00e9 - Portugal Agent\",\"isPartOf\":{\"@id\":\"https:\/\/portugalagent.com\/sv\/#website\"},\"datePublished\":\"2018-04-06T00:00:00+00:00\",\"dateModified\":\"2020-04-12T19:48:46+00:00\",\"breadcrumb\":{\"@id\":\"https:\/\/portugalagent.com\/sv\/reklam-for-nya-volvo-v60-i-nazare\/#breadcrumb\"},\"inLanguage\":\"sv-SE\",\"potentialAction\":[{\"@type\":\"ReadAction\",\"target\":[\"https:\/\/portugalagent.com\/sv\/reklam-for-nya-volvo-v60-i-nazare\/\"]}]},{\"@type\":\"BreadcrumbList\",\"@id\":\"https:\/\/portugalagent.com\/sv\/reklam-for-nya-volvo-v60-i-nazare\/#breadcrumb\",\"itemListElement\":[{\"@type\":\"ListItem\",\"position\":1,\"name\":\"Home\",\"item\":\"https:\/\/portugalagent.com\/sv\/\"},{\"@type\":\"ListItem\",\"position\":2,\"name\":\"Reklam f\u00f6r nya Volvo V60 i Nazar\u00e9\"}]},{\"@type\":\"WebSite\",\"@id\":\"https:\/\/portugalagent.com\/sv\/#website\",\"url\":\"https:\/\/portugalagent.com\/sv\/\",\"name\":\"Portugal Agent\",\"description\":\"\",\"publisher\":{\"@id\":\"https:\/\/portugalagent.com\/sv\/#organization\"},\"potentialAction\":[{\"@type\":\"SearchAction\",\"target\":{\"@type\":\"EntryPoint\",\"urlTemplate\":\"https:\/\/portugalagent.com\/sv\/?s={search_term_string}\"},\"query-input\":\"required name=search_term_string\"}],\"inLanguage\":\"sv-SE\"},{\"@type\":\"Organization\",\"@id\":\"https:\/\/portugalagent.com\/sv\/#organization\",\"name\":\"Portugal Agent\",\"url\":\"https:\/\/portugalagent.com\/sv\/\",\"logo\":{\"@type\":\"ImageObject\",\"inLanguage\":\"sv-SE\",\"@id\":\"https:\/\/portugalagent.com\/sv\/#\/schema\/logo\/image\/\",\"url\":\"https:\/\/portugalagent.com\/wp-content\/uploads\/2020\/11\/portugalagent.svg\",\"contentUrl\":\"https:\/\/portugalagent.com\/wp-content\/uploads\/2020\/11\/portugalagent.svg\",\"caption\":\"Portugal Agent\"},\"image\":{\"@id\":\"https:\/\/portugalagent.com\/sv\/#\/schema\/logo\/image\/\"}},{\"@type\":\"Person\",\"@id\":\"https:\/\/portugalagent.com\/sv\/#\/schema\/person\/916dd45acb1ec87bc80bc43ca8907acd\",\"name\":\"Niklas Fors\u00e9n\",\"image\":{\"@type\":\"ImageObject\",\"inLanguage\":\"sv-SE\",\"@id\":\"https:\/\/portugalagent.com\/sv\/#\/schema\/person\/image\/\",\"url\":\"https:\/\/secure.gravatar.com\/avatar\/663013df21d0d1921019a9add374baaa?s=96&d=mm&r=g\",\"contentUrl\":\"https:\/\/secure.gravatar.com\/avatar\/663013df21d0d1921019a9add374baaa?s=96&d=mm&r=g\",\"caption\":\"Niklas Fors\u00e9n\"},\"url\":\"https:\/\/portugalagent.com\/sv\/author\/niklasportugalagent-com\/\"}]}<\/script>\n<!-- \/ Yoast SEO plugin. -->","yoast_head_json":{"title":"Reklam f\u00f6r nya Volvo V60 i Nazar\u00e9 - Portugal Agent","robots":{"index":"index","follow":"follow","max-snippet":"max-snippet:-1","max-image-preview":"max-image-preview:large","max-video-preview":"max-video-preview:-1"},"canonical":"https:\/\/portugalagent.com\/sv\/reklam-for-nya-volvo-v60-i-nazare\/","og_locale":"sv_SE","og_type":"article","og_title":"Reklam f\u00f6r nya Volvo V60 i Nazar\u00e9 - Portugal Agent","og_description":"Du som h\u00e4nger med lite i v\u00e5ra nyheter h\u00e4r p\u00e5 Portugalagent vet att vi skriver om mycket annat \u00e4n bost\u00e4der till salu. Men det h\u00e4r \u00e4r f\u00f6rsta g\u00e5ngen vi har en paparazzi-aktig nyhet. Vi var med n\u00e4r man tog bilder inf\u00f6r lanseringen av nya Volvo V60. Av en ren slump tr\u00e4ffade vi p\u00e5 ett stort [&hellip;]","og_url":"https:\/\/portugalagent.com\/sv\/reklam-for-nya-volvo-v60-i-nazare\/","og_site_name":"Portugal Agent","article_published_time":"2018-04-06T00:00:00+00:00","article_modified_time":"2020-04-12T19:48:46+00:00","og_image":[{"width":1500,"height":1125,"url":"https:\/\/portugalagent.com\/wp-content\/uploads\/2020\/04\/IMG_4799NET.jpg","type":"image\/jpeg"}],"author":"Niklas Fors\u00e9n","twitter_card":"summary_large_image","twitter_misc":{"Skriven av":"Niklas Fors\u00e9n","Ber\u00e4knad l\u00e4stid":"1 minut"},"schema":{"@context":"https:\/\/schema.org","@graph":[{"@type":"Article","@id":"https:\/\/portugalagent.com\/sv\/reklam-for-nya-volvo-v60-i-nazare\/#article","isPartOf":{"@id":"https:\/\/portugalagent.com\/sv\/reklam-for-nya-volvo-v60-i-nazare\/"},"author":{"name":"Niklas Fors\u00e9n","@id":"https:\/\/portugalagent.com\/sv\/#\/schema\/person\/916dd45acb1ec87bc80bc43ca8907acd"},"headline":"Reklam f\u00f6r nya Volvo V60 i Nazar\u00e9","datePublished":"2018-04-06T00:00:00+00:00","dateModified":"2020-04-12T19:48:46+00:00","mainEntityOfPage":{"@id":"https:\/\/portugalagent.com\/sv\/reklam-for-nya-volvo-v60-i-nazare\/"},"wordCount":242,"commentCount":0,"publisher":{"@id":"https:\/\/portugalagent.com\/sv\/#organization"},"inLanguage":"sv-SE","potentialAction":[{"@type":"CommentAction","name":"Comment","target":["https:\/\/portugalagent.com\/sv\/reklam-for-nya-volvo-v60-i-nazare\/#respond"]}]},{"@type":"WebPage","@id":"https:\/\/portugalagent.com\/sv\/reklam-for-nya-volvo-v60-i-nazare\/","url":"https:\/\/portugalagent.com\/sv\/reklam-for-nya-volvo-v60-i-nazare\/","name":"Reklam f\u00f6r nya Volvo V60 i Nazar\u00e9 - Portugal Agent","isPartOf":{"@id":"https:\/\/portugalagent.com\/sv\/#website"},"datePublished":"2018-04-06T00:00:00+00:00","dateModified":"2020-04-12T19:48:46+00:00","breadcrumb":{"@id":"https:\/\/portugalagent.com\/sv\/reklam-for-nya-volvo-v60-i-nazare\/#breadcrumb"},"inLanguage":"sv-SE","potentialAction":[{"@type":"ReadAction","target":["https:\/\/portugalagent.com\/sv\/reklam-for-nya-volvo-v60-i-nazare\/"]}]},{"@type":"BreadcrumbList","@id":"https:\/\/portugalagent.com\/sv\/reklam-for-nya-volvo-v60-i-nazare\/#breadcrumb","itemListElement":[{"@type":"ListItem","position":1,"name":"Home","item":"https:\/\/portugalagent.com\/sv\/"},{"@type":"ListItem","position":2,"name":"Reklam f\u00f6r nya Volvo V60 i Nazar\u00e9"}]},{"@type":"WebSite","@id":"https:\/\/portugalagent.com\/sv\/#website","url":"https:\/\/portugalagent.com\/sv\/","name":"Portugal Agent","description":"","publisher":{"@id":"https:\/\/portugalagent.com\/sv\/#organization"},"potentialAction":[{"@type":"SearchAction","target":{"@type":"EntryPoint","urlTemplate":"https:\/\/portugalagent.com\/sv\/?s={search_term_string}"},"query-input":"required name=search_term_string"}],"inLanguage":"sv-SE"},{"@type":"Organization","@id":"https:\/\/portugalagent.com\/sv\/#organization","name":"Portugal Agent","url":"https:\/\/portugalagent.com\/sv\/","logo":{"@type":"ImageObject","inLanguage":"sv-SE","@id":"https:\/\/portugalagent.com\/sv\/#\/schema\/logo\/image\/","url":"https:\/\/portugalagent.com\/wp-content\/uploads\/2020\/11\/portugalagent.svg","contentUrl":"https:\/\/portugalagent.com\/wp-content\/uploads\/2020\/11\/portugalagent.svg","caption":"Portugal Agent"},"image":{"@id":"https:\/\/portugalagent.com\/sv\/#\/schema\/logo\/image\/"}},{"@type":"Person","@id":"https:\/\/portugalagent.com\/sv\/#\/schema\/person\/916dd45acb1ec87bc80bc43ca8907acd","name":"Niklas Fors\u00e9n","image":{"@type":"ImageObject","inLanguage":"sv-SE","@id":"https:\/\/portugalagent.com\/sv\/#\/schema\/person\/image\/","url":"https:\/\/secure.gravatar.com\/avatar\/663013df21d0d1921019a9add374baaa?s=96&d=mm&r=g","contentUrl":"https:\/\/secure.gravatar.com\/avatar\/663013df21d0d1921019a9add374baaa?s=96&d=mm&r=g","caption":"Niklas Fors\u00e9n"},"url":"https:\/\/portugalagent.com\/sv\/author\/niklasportugalagent-com\/"}]}},"_links":{"self":[{"href":"https:\/\/portugalagent.com\/sv\/wp-json\/wp\/v2\/posts\/53594"}],"collection":[{"href":"https:\/\/portugalagent.com\/sv\/wp-json\/wp\/v2\/posts"}],"about":[{"href":"https:\/\/portugalagent.com\/sv\/wp-json\/wp\/v2\/types\/post"}],"author":[{"embeddable":true,"href":"https:\/\/portugalagent.com\/sv\/wp-json\/wp\/v2\/users\/2"}],"replies":[{"embeddable":true,"href":"https:\/\/portugalagent.com\/sv\/wp-json\/wp\/v2\/comments?post=53594"}],"version-history":[{"count":1,"href":"https:\/\/portugalagent.com\/sv\/wp-json\/wp\/v2\/posts\/53594\/revisions"}],"predecessor-version":[{"id":53614,"href":"https:\/\/portugalagent.com\/sv\/wp-json\/wp\/v2\/posts\/53594\/revisions\/53614"}],"wp:featuredmedia":[{"embeddable":true,"href":"https:\/\/portugalagent.com\/sv\/wp-json\/wp\/v2\/media\/53045"}],"wp:attachment":[{"href":"https:\/\/portugalagent.com\/sv\/wp-json\/wp\/v2\/media?parent=53594"}],"wp:term":[{"taxonomy":"category","embeddable":true,"href":"https:\/\/portugalagent.com\/sv\/wp-json\/wp\/v2\/categories?post=53594"},{"taxonomy":"post_tag","embeddable":true,"href":"https:\/\/portugalagent.com\/sv\/wp-json\/wp\/v2\/tags?post=53594"}],"curies":[{"name":"wp","href":"https:\/\/api.w.org\/{rel}","templated":true}]}}