{"id":53593,"date":"2018-04-17T00:00:00","date_gmt":"2018-04-17T00:00:00","guid":{"rendered":"https:\/\/portugalagent.com\/nyhetsbrev-nr-2-for-2018\/"},"modified":"2020-04-12T19:48:46","modified_gmt":"2020-04-12T19:48:46","slug":"nyhetsbrev-nr-2-for-2018","status":"publish","type":"post","link":"https:\/\/portugalagent.com\/sv\/nyhetsbrev-nr-2-for-2018\/","title":{"rendered":"Nyhetsbrev nr 2 f\u00f6r 2018"},"content":{"rendered":"<p><strong>Tre\u00e5rsjubileum<br \/>\n<\/strong>I februari var det sex \u00e5r sedan vi rullade ner f\u00f6r backen i Nazar\u00e9 f\u00f6r f\u00f6rsta g\u00e5ngen. Det satte sina sp\u00e5r och sedan \u00e5terkom vi flera g\u00e5nger under 2012. P\u00e5 h\u00f6sten 2013 k\u00f6pte vi huset i Sitio da Nazar\u00e9. Under sommaren 2014 startades webbsidan Portugalagent med syfte att marknadsf\u00f6ra en d\u00e5 ganska ok\u00e4nd del av Portugal. I b\u00f6rjan av 2015 slog vi oss ihop med Rita Brilhante och Renato Silva och bildade det portugisiska m\u00e4kleriet Imo Nazar\u00e9. P\u00e5 valborgsm\u00e4ssoafton 2015 slog vi upp d\u00f6rrarna till det fina kontoret i h\u00f6rnet p\u00e5 en av huvudgatorna i Nazar\u00e9. Sedan har det verkligen rullat p\u00e5.<\/p>\n<p>Tack alla ni som ger oss f\u00f6rtroende att f\u00f6rmedla bost\u00e4der som ska s\u00e4ljas \u2013 och tack alla ni som k\u00f6pt bostad genom oss. Utan er &#8211; ingen framg\u00e5ng!<\/p>\n<p><strong>Det ska vi fira<br \/>\n<\/strong>Var med och fira v\u00e5rt tre\u00e5rsjubileum! <strong>L\u00f6rdag 28 april kl 16 \u2013 19<\/strong> bjuder vi p\u00e5 dryck med tilltugg p\u00e5 Imo Nazar\u00e9s kontor i centrala Nazar\u00e9. Det blir \u00f6ppet hus och ingen f\u00f6ranm\u00e4lan beh\u00f6vs. P\u00e5 plats kommer du \u00e4ven tr\u00e4ffa n\u00e5gra av v\u00e5ra samarbetspartners.<\/p>\n<p><strong>Nazar\u00e9 p\u00e5 kartan<br \/>\n<\/strong>Vad inte m\u00e5nga svenskar vet \u00e4r att Nazar\u00e9 \u00e4r en k\u00e4nd och uppskattad semesterstad i hela sydv\u00e4stra Europa. Portugiser, spanjorer och fransm\u00e4n gillar att resa hit. Det \u00e4r mycket som lockar; genuin sm\u00e5stad helt utan charterturism, kuperad terr\u00e4ng, fina str\u00e4nder, m\u00e5nga restauranger, \u00f6ppet och levande \u00e5ret om och inte minst en storslagen natur. Nazar\u00e9 var l\u00e4nge en helt ok\u00e4nd p\u00e4rla f\u00f6r \u00f6vriga v\u00e4lden. Sedan uppt\u00e4ckte storv\u00e5gssurfarna Nazar\u00e9 med de extrema v\u00e5gorna som bildas ibland p\u00e5 vintern vid Praia do Norte. Och de har kunnande och sponsorer som hj\u00e4lper dem att l\u00e4gga ut detta p\u00e5 stor bredd i sociala medier. Ungef\u00e4r samtidigt som j\u00e4ttev\u00e5gorna blev v\u00e4rldsk\u00e4nda drog vi dessutom ig\u00e5ng Portugalagent.<br \/>\nNu under v\u00e5ren har Nazar\u00e9 f\u00e5tt ov\u00e4ntad publicitet i Sverige. Surfaren Adrew Cotton var med i Skavlan som s\u00e4nde TV fr\u00e5n v\u00e5gorna vid fyren. F\u00f6r inte s\u00e5 l\u00e4nge sedan var Volvo med ett stort team i Nazar\u00e9 f\u00f6r fotografering av nya V60-modellen. Vi f\u00e5r se om Nazar\u00e9 dyker upp i Volvoreklamen senare i \u00e5r. Och lagom till P\u00e5sk sl\u00e4ppte Ulf Lundell sin nya platta Skisser. I s\u00e5ngen Portugal n\u00e4mner han Nazar\u00e9 och att Portugal verkar vara ett sp\u00e4nnande land. Sedan forts\u00e4tter han: \u201d\u00c5h det r\u00e4cker f\u00f6r mig, det r\u00e4cker f\u00f6r mig. Jag beh\u00f6ver ett bord, ett glas vin, inte mycket mer. I Portugal.\u201d<br \/>\nDet r\u00e4cker f\u00f6r mig ocks\u00e5!<\/p>\n<p><strong>Byggboom<br \/>\n<\/strong>N\u00e4r vi sj\u00e4lva k\u00f6pte huset i Nazar\u00e9 h\u00f6sten 2013 var det f\u00e5 byggprojekt p\u00e5 g\u00e5ng. Andra stod avstannade efter kraschen 2008. Redan 2014 b\u00f6rjade vi dock se en ljusning och under de f\u00f6ljande \u00e5ren har efterfr\u00e5gan \u00f6kat \u00e5r fr\u00e5n \u00e5r. Det har ocks\u00e5 medf\u00f6rt att b\u00e5de stora och sm\u00e5 byggf\u00f6retag ser incitament att investera och utveckla nya bost\u00e4der i Nazar\u00e9 och p\u00e5 delar av Silverkusten.<br \/>\nVi \u00e4r just nu inblandade i f\u00f6rs\u00e4ljningen av tv\u00e5 stora byggprojekt p\u00e5 \u00e5sen i Pederneira \u2013 en av stadsdelarna i Nazar\u00e9. Senare i \u00e5r kommer vi att f\u00e5 in tre olika l\u00e4genhetsprojekt till som vi vet om nu. Dessutom har vi en del tomter med frist\u00e5ende villor p\u00e5 ing\u00e5ng. Och &#8211; det kommer mera!<br \/>\nAllt detta g\u00f6r att priserna \u00e4r p\u00e5 v\u00e4g upp, fr\u00e5n tidigare mycket l\u00e5ga niv\u00e5er. Man talar om \u00e5tminstone +10% i Nazar\u00e9omr\u00e5det under 2017. I vissa attraktiva omr\u00e5den till och med mer.<\/p>\n<p><strong>Tillsammans \u00e4r vi starka<br \/>\n<\/strong>Det \u00e4r mycket kul att det nu startat tv\u00e5 andra svenska f\u00f6retag som kompletterar oss m\u00e4klare och medverkar till att ge bra service till alla svenskar som k\u00f6per en bostad i Nazar\u00e9 med omnejd.<\/p>\n<p><a href=\"https:\/\/portugalskiss.com\/\">Portugal-Skiss<\/a> kan vara ditt bollplank i fr\u00e5gor som r\u00f6r k\u00f6p, flytt, pension, skatt, f\u00f6retagsexit, sjukv\u00e5rd m m. De har egen erfarenhet och ett erbjudande om obegr\u00e4nsat informationsutbyte under ett \u00e5r.<\/p>\n<p><a href=\"https:\/\/www.silverprop.pt\/hem\">SilverProp<\/a> drivs av en svensk och en portugis fr\u00e5n Nazar\u00e9. De hj\u00e4lper till med det mer handfasta; boka hantverkare, t\u00f6mma brevl\u00e5dan, se till bostaden, myndighetsm\u00f6ten och mycket annat.<br \/>\nTillsammans \u00e4r vi starka och kan erbjuda full service fr\u00e5n din f\u00f6rsta tanke p\u00e5 att k\u00f6pa i Nazar\u00e9 och Portugal, fram till att du har en bostad h\u00e4r som kan beh\u00f6va tillsyn och service. L\u00e4gg d\u00e4rtill att vi har goda kontakter och n\u00e4ra samarbete med bra kapitalf\u00f6rvaltare och juridiska r\u00e5dgivare.<\/p>\n<p>Med Portugalagent kan du k\u00e4nna dig trygg inf\u00f6r ett k\u00f6p i Nazar\u00e9!<\/p>\n<p><strong>Visningsresor i april<br \/>\n<\/strong>Nu i v\u00e5r arrangerar vi tv\u00e5 visningsresor till Nazar\u00e9, Silverkusten och Portugal. D\u00e4r fokuserar vi p\u00e5 att visa runt i omr\u00e5det kring den delen av Silverkusten som ligger mellan Peniche i s\u00f6der och Nazar\u00e9 i norr. Det blir lite extra fokus p\u00e5 Nazar\u00e9 som har mycket fint att erbjuda f\u00f6r de flesta svenska spekulanter, b\u00e5de nyproduktion och begagnat. I visningsresorna ing\u00e5r ocks\u00e5 intressanta seminarier.<br \/>\n<strong>1) 21 \u2013 25 april\u00a0\u00a0\u00a0 2) 28 april \u2013 2 maj<\/strong><\/p>\n<p><strong>Portugalseminarier<br \/>\n<\/strong>I slutet av april arrangerar vi tv\u00e5 seminarier i Nazar\u00e9. Dessa handlar om Silverkusten, NHR-status, k\u00f6pa bostad i Portugal, flytta till Portugal, k\u00f6pprocessen i Portugal, import av bil, skattefr\u00e5gor, och mycket annat. Med oss har vi experthj\u00e4lp fr\u00e5n \u00d6hman som svarar p\u00e5 fr\u00e5gor om hur du kan f\u00f6rvalta ditt kapital n\u00e4r du flyttat till Portugal. Vi kommer \u00e4ven ha skatteexpertis p\u00e5 plats.<\/p>\n<p><strong>N\u00e4r och var:<\/strong> Tisdag <strong>24 april<\/strong> med <strong>Karl-Olof \u00d6hrn<\/strong> samt s\u00f6ndag <strong>29 april<\/strong> med <strong>advokat Emine Lundqvist<\/strong>. B\u00e5da seminarierna startar kl 10.30 med samling p\u00e5 Imo Nazar\u00e9s kontor 10.15.<\/p>\n<p>Alla seminarier \u00e4r kostnadsfria och \u00f6ppna f\u00f6r alla. Men, vi kr\u00e4ver namn, telefonnummer och mejladress f\u00f6r medverkan. <strong>\u00d6hman<\/strong> bjuder p\u00e5 lunch efter\u00e5t.<br \/>\nFr\u00e5gor och anm\u00e4lan: Skicka ett mejl till n\u00e5gon av oss.<\/p>\n<p><strong>Nu bor vi h\u00e4r<br \/>\n<\/strong>Vi har sj\u00e4lva flyttat till Nazar\u00e9 i december 2017. Nu har vi egen erfarenhet av att flytta ut fr\u00e5n Sverige och in i Portugal med allt vad det f\u00f6r med sig i termer av; s\u00e4lja bostad i Sverige, s\u00e4lja f\u00f6retag, starta f\u00f6retag i Portugal, NHR, importera bil m m. Om du vill ha svenskspr\u00e5kig hj\u00e4lp p\u00e5 Silverkusten s\u00e5 finns vi h\u00e4r f\u00f6r dig. Men h\u00f6r av dig till oss i god innan du bokar en resa. Annars \u00e4r det stor risk att vi redan \u00e4r upptagna n\u00e4r du kommer.<\/p>\n<p><strong>V\u00e4lkommen till Silverkusten och Nazar\u00e9 \u2013 Europas sk\u00f6naste strandremsa!<\/strong><\/p>\n<p>&nbsp;<\/p>\n<p>Kari Fors\u00e9n\u00a0\u00a0\u00a0\u00a0\u00a0\u00a0\u00a0\u00a0\u00a0\u00a0\u00a0\u00a0\u00a0\u00a0\u00a0\u00a0\u00a0\u00a0\u00a0\u00a0\u00a0\u00a0\u00a0\u00a0\u00a0\u00a0\u00a0\u00a0\u00a0\u00a0\u00a0\u00a0\u00a0\u00a0\u00a0\u00a0\u00a0\u00a0\u00a0\u00a0\u00a0\u00a0\u00a0\u00a0\u00a0\u00a0\u00a0\u00a0\u00a0\u00a0\u00a0\u00a0\u00a0\u00a0\u00a0\u00a0\u00a0\u00a0\u00a0\u00a0\u00a0\u00a0\u00a0 Niklas Fors\u00e9n<\/p>\n<p>Tel: +46-70-910 95 60\u00a0\u00a0\u00a0\u00a0\u00a0\u00a0\u00a0\u00a0\u00a0\u00a0\u00a0\u00a0\u00a0\u00a0\u00a0\u00a0\u00a0\u00a0\u00a0\u00a0\u00a0\u00a0\u00a0\u00a0\u00a0\u00a0\u00a0\u00a0\u00a0\u00a0\u00a0\u00a0\u00a0\u00a0\u00a0\u00a0\u00a0\u00a0\u00a0\u00a0\u00a0\u00a0\u00a0 Tel: +46-70-592 60 76<\/p>\n<p>Mejl: <a href=\"mailto:kari@portugalagent.com\">kari@portugalagent.com<\/a>\u00a0\u00a0 \u00a0\u00a0\u00a0\u00a0\u00a0\u00a0\u00a0\u00a0\u00a0\u00a0\u00a0\u00a0\u00a0\u00a0\u00a0\u00a0\u00a0\u00a0\u00a0\u00a0\u00a0\u00a0 Mejl: <a href=\"mailto:niklas@portugalagent.com\">niklas@portugalagent.com<\/a><\/p>\n<p>&nbsp;<\/p>\n<p>F\u00f6lj oss p\u00e5 Instagram och Facebook. #portugalagent\u00a0 @portugalagent<\/p>\n","protected":false},"excerpt":{"rendered":"<p>Tre\u00e5rsjubileum I februari var det sex \u00e5r sedan vi rullade ner f\u00f6r backen i Nazar\u00e9 f\u00f6r f\u00f6rsta g\u00e5ngen. Det satte sina sp\u00e5r och sedan \u00e5terkom vi flera g\u00e5nger under 2012. P\u00e5 h\u00f6sten 2013 k\u00f6pte vi huset i Sitio da Nazar\u00e9. Under sommaren 2014 startades webbsidan Portugalagent med syfte att marknadsf\u00f6ra en d\u00e5 ganska ok\u00e4nd del [&hellip;]<\/p>\n","protected":false},"author":2,"featured_media":52986,"comment_status":"open","ping_status":"open","sticky":false,"template":"","format":"standard","meta":{"om_disable_all_campaigns":false,"_monsterinsights_skip_tracking":false,"_monsterinsights_sitenote_active":false,"_monsterinsights_sitenote_note":"","_monsterinsights_sitenote_category":0},"categories":[],"tags":[],"aioseo_notices":[],"yoast_head":"<!-- This site is optimized with the Yoast SEO plugin v19.10 - https:\/\/yoast.com\/wordpress\/plugins\/seo\/ -->\n<title>Nyhetsbrev nr 2 f\u00f6r 2018 - Portugal Agent<\/title>\n<meta name=\"robots\" content=\"index, follow, max-snippet:-1, max-image-preview:large, max-video-preview:-1\" \/>\n<link rel=\"canonical\" href=\"https:\/\/portugalagent.com\/sv\/nyhetsbrev-nr-2-for-2018\/\" \/>\n<meta property=\"og:locale\" content=\"sv_SE\" \/>\n<meta property=\"og:type\" content=\"article\" \/>\n<meta property=\"og:title\" content=\"Nyhetsbrev nr 2 f\u00f6r 2018 - Portugal Agent\" \/>\n<meta property=\"og:description\" content=\"Tre\u00e5rsjubileum I februari var det sex \u00e5r sedan vi rullade ner f\u00f6r backen i Nazar\u00e9 f\u00f6r f\u00f6rsta g\u00e5ngen. Det satte sina sp\u00e5r och sedan \u00e5terkom vi flera g\u00e5nger under 2012. P\u00e5 h\u00f6sten 2013 k\u00f6pte vi huset i Sitio da Nazar\u00e9. Under sommaren 2014 startades webbsidan Portugalagent med syfte att marknadsf\u00f6ra en d\u00e5 ganska ok\u00e4nd del [&hellip;]\" \/>\n<meta property=\"og:url\" content=\"https:\/\/portugalagent.com\/sv\/nyhetsbrev-nr-2-for-2018\/\" \/>\n<meta property=\"og:site_name\" content=\"Portugal Agent\" \/>\n<meta property=\"article:published_time\" content=\"2018-04-17T00:00:00+00:00\" \/>\n<meta property=\"article:modified_time\" content=\"2020-04-12T19:48:46+00:00\" \/>\n<meta property=\"og:image\" content=\"https:\/\/portugalagent.com\/wp-content\/uploads\/2020\/04\/IMG_2412NET.jpg\" \/>\n\t<meta property=\"og:image:width\" content=\"1500\" \/>\n\t<meta property=\"og:image:height\" content=\"1125\" \/>\n\t<meta property=\"og:image:type\" content=\"image\/jpeg\" \/>\n<meta name=\"author\" content=\"Niklas Fors\u00e9n\" \/>\n<meta name=\"twitter:card\" content=\"summary_large_image\" \/>\n<meta name=\"twitter:label1\" content=\"Skriven av\" \/>\n\t<meta name=\"twitter:data1\" content=\"Niklas Fors\u00e9n\" \/>\n\t<meta name=\"twitter:label2\" content=\"Ber\u00e4knad l\u00e4stid\" \/>\n\t<meta name=\"twitter:data2\" content=\"6 minuter\" \/>\n<script type=\"application\/ld+json\" class=\"yoast-schema-graph\">{\"@context\":\"https:\/\/schema.org\",\"@graph\":[{\"@type\":\"Article\",\"@id\":\"https:\/\/portugalagent.com\/sv\/nyhetsbrev-nr-2-for-2018\/#article\",\"isPartOf\":{\"@id\":\"https:\/\/portugalagent.com\/sv\/nyhetsbrev-nr-2-for-2018\/\"},\"author\":{\"name\":\"Niklas Fors\u00e9n\",\"@id\":\"https:\/\/portugalagent.com\/sv\/#\/schema\/person\/916dd45acb1ec87bc80bc43ca8907acd\"},\"headline\":\"Nyhetsbrev nr 2 f\u00f6r 2018\",\"datePublished\":\"2018-04-17T00:00:00+00:00\",\"dateModified\":\"2020-04-12T19:48:46+00:00\",\"mainEntityOfPage\":{\"@id\":\"https:\/\/portugalagent.com\/sv\/nyhetsbrev-nr-2-for-2018\/\"},\"wordCount\":1193,\"commentCount\":0,\"publisher\":{\"@id\":\"https:\/\/portugalagent.com\/sv\/#organization\"},\"inLanguage\":\"sv-SE\",\"potentialAction\":[{\"@type\":\"CommentAction\",\"name\":\"Comment\",\"target\":[\"https:\/\/portugalagent.com\/sv\/nyhetsbrev-nr-2-for-2018\/#respond\"]}]},{\"@type\":\"WebPage\",\"@id\":\"https:\/\/portugalagent.com\/sv\/nyhetsbrev-nr-2-for-2018\/\",\"url\":\"https:\/\/portugalagent.com\/sv\/nyhetsbrev-nr-2-for-2018\/\",\"name\":\"Nyhetsbrev nr 2 f\u00f6r 2018 - Portugal Agent\",\"isPartOf\":{\"@id\":\"https:\/\/portugalagent.com\/sv\/#website\"},\"datePublished\":\"2018-04-17T00:00:00+00:00\",\"dateModified\":\"2020-04-12T19:48:46+00:00\",\"breadcrumb\":{\"@id\":\"https:\/\/portugalagent.com\/sv\/nyhetsbrev-nr-2-for-2018\/#breadcrumb\"},\"inLanguage\":\"sv-SE\",\"potentialAction\":[{\"@type\":\"ReadAction\",\"target\":[\"https:\/\/portugalagent.com\/sv\/nyhetsbrev-nr-2-for-2018\/\"]}]},{\"@type\":\"BreadcrumbList\",\"@id\":\"https:\/\/portugalagent.com\/sv\/nyhetsbrev-nr-2-for-2018\/#breadcrumb\",\"itemListElement\":[{\"@type\":\"ListItem\",\"position\":1,\"name\":\"Home\",\"item\":\"https:\/\/portugalagent.com\/sv\/\"},{\"@type\":\"ListItem\",\"position\":2,\"name\":\"Nyhetsbrev nr 2 f\u00f6r 2018\"}]},{\"@type\":\"WebSite\",\"@id\":\"https:\/\/portugalagent.com\/sv\/#website\",\"url\":\"https:\/\/portugalagent.com\/sv\/\",\"name\":\"Portugal Agent\",\"description\":\"\",\"publisher\":{\"@id\":\"https:\/\/portugalagent.com\/sv\/#organization\"},\"potentialAction\":[{\"@type\":\"SearchAction\",\"target\":{\"@type\":\"EntryPoint\",\"urlTemplate\":\"https:\/\/portugalagent.com\/sv\/?s={search_term_string}\"},\"query-input\":\"required name=search_term_string\"}],\"inLanguage\":\"sv-SE\"},{\"@type\":\"Organization\",\"@id\":\"https:\/\/portugalagent.com\/sv\/#organization\",\"name\":\"Portugal Agent\",\"url\":\"https:\/\/portugalagent.com\/sv\/\",\"logo\":{\"@type\":\"ImageObject\",\"inLanguage\":\"sv-SE\",\"@id\":\"https:\/\/portugalagent.com\/sv\/#\/schema\/logo\/image\/\",\"url\":\"https:\/\/portugalagent.com\/wp-content\/uploads\/2020\/11\/portugalagent.svg\",\"contentUrl\":\"https:\/\/portugalagent.com\/wp-content\/uploads\/2020\/11\/portugalagent.svg\",\"caption\":\"Portugal Agent\"},\"image\":{\"@id\":\"https:\/\/portugalagent.com\/sv\/#\/schema\/logo\/image\/\"}},{\"@type\":\"Person\",\"@id\":\"https:\/\/portugalagent.com\/sv\/#\/schema\/person\/916dd45acb1ec87bc80bc43ca8907acd\",\"name\":\"Niklas Fors\u00e9n\",\"image\":{\"@type\":\"ImageObject\",\"inLanguage\":\"sv-SE\",\"@id\":\"https:\/\/portugalagent.com\/sv\/#\/schema\/person\/image\/\",\"url\":\"https:\/\/secure.gravatar.com\/avatar\/663013df21d0d1921019a9add374baaa?s=96&d=mm&r=g\",\"contentUrl\":\"https:\/\/secure.gravatar.com\/avatar\/663013df21d0d1921019a9add374baaa?s=96&d=mm&r=g\",\"caption\":\"Niklas Fors\u00e9n\"},\"url\":\"https:\/\/portugalagent.com\/sv\/author\/niklasportugalagent-com\/\"}]}<\/script>\n<!-- \/ Yoast SEO plugin. -->","yoast_head_json":{"title":"Nyhetsbrev nr 2 f\u00f6r 2018 - Portugal Agent","robots":{"index":"index","follow":"follow","max-snippet":"max-snippet:-1","max-image-preview":"max-image-preview:large","max-video-preview":"max-video-preview:-1"},"canonical":"https:\/\/portugalagent.com\/sv\/nyhetsbrev-nr-2-for-2018\/","og_locale":"sv_SE","og_type":"article","og_title":"Nyhetsbrev nr 2 f\u00f6r 2018 - Portugal Agent","og_description":"Tre\u00e5rsjubileum I februari var det sex \u00e5r sedan vi rullade ner f\u00f6r backen i Nazar\u00e9 f\u00f6r f\u00f6rsta g\u00e5ngen. Det satte sina sp\u00e5r och sedan \u00e5terkom vi flera g\u00e5nger under 2012. P\u00e5 h\u00f6sten 2013 k\u00f6pte vi huset i Sitio da Nazar\u00e9. Under sommaren 2014 startades webbsidan Portugalagent med syfte att marknadsf\u00f6ra en d\u00e5 ganska ok\u00e4nd del [&hellip;]","og_url":"https:\/\/portugalagent.com\/sv\/nyhetsbrev-nr-2-for-2018\/","og_site_name":"Portugal Agent","article_published_time":"2018-04-17T00:00:00+00:00","article_modified_time":"2020-04-12T19:48:46+00:00","og_image":[{"width":1500,"height":1125,"url":"https:\/\/portugalagent.com\/wp-content\/uploads\/2020\/04\/IMG_2412NET.jpg","type":"image\/jpeg"}],"author":"Niklas Fors\u00e9n","twitter_card":"summary_large_image","twitter_misc":{"Skriven av":"Niklas Fors\u00e9n","Ber\u00e4knad l\u00e4stid":"6 minuter"},"schema":{"@context":"https:\/\/schema.org","@graph":[{"@type":"Article","@id":"https:\/\/portugalagent.com\/sv\/nyhetsbrev-nr-2-for-2018\/#article","isPartOf":{"@id":"https:\/\/portugalagent.com\/sv\/nyhetsbrev-nr-2-for-2018\/"},"author":{"name":"Niklas Fors\u00e9n","@id":"https:\/\/portugalagent.com\/sv\/#\/schema\/person\/916dd45acb1ec87bc80bc43ca8907acd"},"headline":"Nyhetsbrev nr 2 f\u00f6r 2018","datePublished":"2018-04-17T00:00:00+00:00","dateModified":"2020-04-12T19:48:46+00:00","mainEntityOfPage":{"@id":"https:\/\/portugalagent.com\/sv\/nyhetsbrev-nr-2-for-2018\/"},"wordCount":1193,"commentCount":0,"publisher":{"@id":"https:\/\/portugalagent.com\/sv\/#organization"},"inLanguage":"sv-SE","potentialAction":[{"@type":"CommentAction","name":"Comment","target":["https:\/\/portugalagent.com\/sv\/nyhetsbrev-nr-2-for-2018\/#respond"]}]},{"@type":"WebPage","@id":"https:\/\/portugalagent.com\/sv\/nyhetsbrev-nr-2-for-2018\/","url":"https:\/\/portugalagent.com\/sv\/nyhetsbrev-nr-2-for-2018\/","name":"Nyhetsbrev nr 2 f\u00f6r 2018 - Portugal Agent","isPartOf":{"@id":"https:\/\/portugalagent.com\/sv\/#website"},"datePublished":"2018-04-17T00:00:00+00:00","dateModified":"2020-04-12T19:48:46+00:00","breadcrumb":{"@id":"https:\/\/portugalagent.com\/sv\/nyhetsbrev-nr-2-for-2018\/#breadcrumb"},"inLanguage":"sv-SE","potentialAction":[{"@type":"ReadAction","target":["https:\/\/portugalagent.com\/sv\/nyhetsbrev-nr-2-for-2018\/"]}]},{"@type":"BreadcrumbList","@id":"https:\/\/portugalagent.com\/sv\/nyhetsbrev-nr-2-for-2018\/#breadcrumb","itemListElement":[{"@type":"ListItem","position":1,"name":"Home","item":"https:\/\/portugalagent.com\/sv\/"},{"@type":"ListItem","position":2,"name":"Nyhetsbrev nr 2 f\u00f6r 2018"}]},{"@type":"WebSite","@id":"https:\/\/portugalagent.com\/sv\/#website","url":"https:\/\/portugalagent.com\/sv\/","name":"Portugal Agent","description":"","publisher":{"@id":"https:\/\/portugalagent.com\/sv\/#organization"},"potentialAction":[{"@type":"SearchAction","target":{"@type":"EntryPoint","urlTemplate":"https:\/\/portugalagent.com\/sv\/?s={search_term_string}"},"query-input":"required name=search_term_string"}],"inLanguage":"sv-SE"},{"@type":"Organization","@id":"https:\/\/portugalagent.com\/sv\/#organization","name":"Portugal Agent","url":"https:\/\/portugalagent.com\/sv\/","logo":{"@type":"ImageObject","inLanguage":"sv-SE","@id":"https:\/\/portugalagent.com\/sv\/#\/schema\/logo\/image\/","url":"https:\/\/portugalagent.com\/wp-content\/uploads\/2020\/11\/portugalagent.svg","contentUrl":"https:\/\/portugalagent.com\/wp-content\/uploads\/2020\/11\/portugalagent.svg","caption":"Portugal Agent"},"image":{"@id":"https:\/\/portugalagent.com\/sv\/#\/schema\/logo\/image\/"}},{"@type":"Person","@id":"https:\/\/portugalagent.com\/sv\/#\/schema\/person\/916dd45acb1ec87bc80bc43ca8907acd","name":"Niklas Fors\u00e9n","image":{"@type":"ImageObject","inLanguage":"sv-SE","@id":"https:\/\/portugalagent.com\/sv\/#\/schema\/person\/image\/","url":"https:\/\/secure.gravatar.com\/avatar\/663013df21d0d1921019a9add374baaa?s=96&d=mm&r=g","contentUrl":"https:\/\/secure.gravatar.com\/avatar\/663013df21d0d1921019a9add374baaa?s=96&d=mm&r=g","caption":"Niklas Fors\u00e9n"},"url":"https:\/\/portugalagent.com\/sv\/author\/niklasportugalagent-com\/"}]}},"_links":{"self":[{"href":"https:\/\/portugalagent.com\/sv\/wp-json\/wp\/v2\/posts\/53593"}],"collection":[{"href":"https:\/\/portugalagent.com\/sv\/wp-json\/wp\/v2\/posts"}],"about":[{"href":"https:\/\/portugalagent.com\/sv\/wp-json\/wp\/v2\/types\/post"}],"author":[{"embeddable":true,"href":"https:\/\/portugalagent.com\/sv\/wp-json\/wp\/v2\/users\/2"}],"replies":[{"embeddable":true,"href":"https:\/\/portugalagent.com\/sv\/wp-json\/wp\/v2\/comments?post=53593"}],"version-history":[{"count":1,"href":"https:\/\/portugalagent.com\/sv\/wp-json\/wp\/v2\/posts\/53593\/revisions"}],"predecessor-version":[{"id":53613,"href":"https:\/\/portugalagent.com\/sv\/wp-json\/wp\/v2\/posts\/53593\/revisions\/53613"}],"wp:featuredmedia":[{"embeddable":true,"href":"https:\/\/portugalagent.com\/sv\/wp-json\/wp\/v2\/media\/52986"}],"wp:attachment":[{"href":"https:\/\/portugalagent.com\/sv\/wp-json\/wp\/v2\/media?parent=53593"}],"wp:term":[{"taxonomy":"category","embeddable":true,"href":"https:\/\/portugalagent.com\/sv\/wp-json\/wp\/v2\/categories?post=53593"},{"taxonomy":"post_tag","embeddable":true,"href":"https:\/\/portugalagent.com\/sv\/wp-json\/wp\/v2\/tags?post=53593"}],"curies":[{"name":"wp","href":"https:\/\/api.w.org\/{rel}","templated":true}]}}