{"id":53586,"date":"2018-06-10T00:00:00","date_gmt":"2018-06-10T00:00:00","guid":{"rendered":"https:\/\/portugalagent.com\/kommande-nyproduktion-i-nazare\/"},"modified":"2020-04-12T19:48:46","modified_gmt":"2020-04-12T19:48:46","slug":"kommande-nyproduktion-i-nazare","status":"publish","type":"post","link":"https:\/\/portugalagent.com\/sv\/kommande-nyproduktion-i-nazare\/","title":{"rendered":"Kommande nyproduktion i Nazar\u00e9"},"content":{"rendered":"<p>H\u00e4r kommer ett f\u00f6rhandstips!<\/p>\n<p>Vi har blivit lite tagna p\u00e5 s\u00e4ngen n\u00e4r det g\u00e4ller f\u00f6rs\u00e4ljningstakten p\u00e5 nyproducerat h\u00e4r i Nazar\u00e9 p\u00e5 Silverkusten. Projektet Fonte da Vila har vi k\u00e4nt till sedan januari men vi har inte f\u00e5tt del av ritningar eller prislista f\u00f6rr\u00e4n i slutet av maj. N\u00e4r vi v\u00e4l fick ut det objektet visar det sig att byggfirman sj\u00e4lva i samarbete med en m\u00e4klare fr\u00e5n Belgien redan s\u00e5lt eller i alla fall reserverat 11 l\u00e4genheter av 23. Det g\u00e5r undan nu i Nazar\u00e9 och marknaden \u00e4r r\u00e4tt olik den svenska marknaden vad g\u00e4ller s\u00e4ttet som fastighetsm\u00e4klare och byggfirmor agerar p\u00e5. I Portugal konkurrerar m\u00e5nga byggfirmor med oss som m\u00e4klare och det g\u00f6r att vi inte har full information hela tiden om vad som \u00e4r s\u00e5lt. Det g\u00f6r ju ocks\u00e5 att byggfirman hela tiden &#8221;t\u00e4vlar&#8221; med oss. S\u00e4ljer de sj\u00e4lva beh\u00f6ver de ju inte betala provision. Denna situation \u00e4r olycklig men inget vi kan g\u00f6ra n\u00e5got \u00e5t.<\/p>\n<p>Nu t\u00e4nkte jag att den svenska marknaden ska vara med tidigt f\u00f6r en g\u00e5ngs skull! Kanske f\u00f6rst?<br \/>\nNyproduktion p\u00e5 Silverkusten och Nazar\u00e9:\u00a0Vi vet inte priser eller hur m\u00e5nga l\u00e4genheter som blir T2 eller T3 men vi vet att det blir finfina utsikter med balkonger samt garage under huset.<\/p>\n<p>Nyfiken? Mejla mig namn, mejladress och telefonnummer s\u00e5 ser vi till att du f\u00e5r ritningar och prislista s\u00e5 snart det blir officiellt.<\/p>\n<p>Niklas Fors\u00e9n, 070-592 60 76 Mejl:\u00a0<a href=\"mailto:niklas@portugalagent.com\">niklas@portugalagent.com\u00a0<\/a><\/p>\n","protected":false},"excerpt":{"rendered":"<p>H\u00e4r kommer ett f\u00f6rhandstips! Vi har blivit lite tagna p\u00e5 s\u00e4ngen n\u00e4r det g\u00e4ller f\u00f6rs\u00e4ljningstakten p\u00e5 nyproducerat h\u00e4r i Nazar\u00e9 p\u00e5 Silverkusten. Projektet Fonte da Vila har vi k\u00e4nt till sedan januari men vi har inte f\u00e5tt del av ritningar eller prislista f\u00f6rr\u00e4n i slutet av maj. N\u00e4r vi v\u00e4l fick ut det objektet visar [&hellip;]<\/p>\n","protected":false},"author":2,"featured_media":53521,"comment_status":"open","ping_status":"open","sticky":false,"template":"","format":"standard","meta":{"om_disable_all_campaigns":false,"_monsterinsights_skip_tracking":false,"_monsterinsights_sitenote_active":false,"_monsterinsights_sitenote_note":"","_monsterinsights_sitenote_category":0},"categories":[],"tags":[],"aioseo_notices":[],"yoast_head":"<!-- This site is optimized with the Yoast SEO plugin v19.10 - https:\/\/yoast.com\/wordpress\/plugins\/seo\/ -->\n<title>Kommande nyproduktion i Nazar\u00e9 - Portugal Agent<\/title>\n<meta name=\"robots\" content=\"index, follow, max-snippet:-1, max-image-preview:large, max-video-preview:-1\" \/>\n<link rel=\"canonical\" href=\"https:\/\/portugalagent.com\/sv\/kommande-nyproduktion-i-nazare\/\" \/>\n<meta property=\"og:locale\" content=\"sv_SE\" \/>\n<meta property=\"og:type\" content=\"article\" \/>\n<meta property=\"og:title\" content=\"Kommande nyproduktion i Nazar\u00e9 - Portugal Agent\" \/>\n<meta property=\"og:description\" content=\"H\u00e4r kommer ett f\u00f6rhandstips! Vi har blivit lite tagna p\u00e5 s\u00e4ngen n\u00e4r det g\u00e4ller f\u00f6rs\u00e4ljningstakten p\u00e5 nyproducerat h\u00e4r i Nazar\u00e9 p\u00e5 Silverkusten. Projektet Fonte da Vila har vi k\u00e4nt till sedan januari men vi har inte f\u00e5tt del av ritningar eller prislista f\u00f6rr\u00e4n i slutet av maj. N\u00e4r vi v\u00e4l fick ut det objektet visar [&hellip;]\" \/>\n<meta property=\"og:url\" content=\"https:\/\/portugalagent.com\/sv\/kommande-nyproduktion-i-nazare\/\" \/>\n<meta property=\"og:site_name\" content=\"Portugal Agent\" \/>\n<meta property=\"article:published_time\" content=\"2018-06-10T00:00:00+00:00\" \/>\n<meta property=\"article:modified_time\" content=\"2020-04-12T19:48:46+00:00\" \/>\n<meta property=\"og:image\" content=\"https:\/\/portugalagent.com\/wp-content\/uploads\/2020\/04\/IMG_6860NET-1.jpg\" \/>\n\t<meta property=\"og:image:width\" content=\"1800\" \/>\n\t<meta property=\"og:image:height\" content=\"1350\" \/>\n\t<meta property=\"og:image:type\" content=\"image\/jpeg\" \/>\n<meta name=\"author\" content=\"Niklas Fors\u00e9n\" \/>\n<meta name=\"twitter:card\" content=\"summary_large_image\" \/>\n<meta name=\"twitter:label1\" content=\"Skriven av\" \/>\n\t<meta name=\"twitter:data1\" content=\"Niklas Fors\u00e9n\" \/>\n\t<meta name=\"twitter:label2\" content=\"Ber\u00e4knad l\u00e4stid\" \/>\n\t<meta name=\"twitter:data2\" content=\"1 minut\" \/>\n<script type=\"application\/ld+json\" class=\"yoast-schema-graph\">{\"@context\":\"https:\/\/schema.org\",\"@graph\":[{\"@type\":\"Article\",\"@id\":\"https:\/\/portugalagent.com\/sv\/kommande-nyproduktion-i-nazare\/#article\",\"isPartOf\":{\"@id\":\"https:\/\/portugalagent.com\/sv\/kommande-nyproduktion-i-nazare\/\"},\"author\":{\"name\":\"Niklas Fors\u00e9n\",\"@id\":\"https:\/\/portugalagent.com\/sv\/#\/schema\/person\/916dd45acb1ec87bc80bc43ca8907acd\"},\"headline\":\"Kommande nyproduktion i Nazar\u00e9\",\"datePublished\":\"2018-06-10T00:00:00+00:00\",\"dateModified\":\"2020-04-12T19:48:46+00:00\",\"mainEntityOfPage\":{\"@id\":\"https:\/\/portugalagent.com\/sv\/kommande-nyproduktion-i-nazare\/\"},\"wordCount\":280,\"commentCount\":0,\"publisher\":{\"@id\":\"https:\/\/portugalagent.com\/sv\/#organization\"},\"inLanguage\":\"sv-SE\",\"potentialAction\":[{\"@type\":\"CommentAction\",\"name\":\"Comment\",\"target\":[\"https:\/\/portugalagent.com\/sv\/kommande-nyproduktion-i-nazare\/#respond\"]}]},{\"@type\":\"WebPage\",\"@id\":\"https:\/\/portugalagent.com\/sv\/kommande-nyproduktion-i-nazare\/\",\"url\":\"https:\/\/portugalagent.com\/sv\/kommande-nyproduktion-i-nazare\/\",\"name\":\"Kommande nyproduktion i Nazar\u00e9 - Portugal Agent\",\"isPartOf\":{\"@id\":\"https:\/\/portugalagent.com\/sv\/#website\"},\"datePublished\":\"2018-06-10T00:00:00+00:00\",\"dateModified\":\"2020-04-12T19:48:46+00:00\",\"breadcrumb\":{\"@id\":\"https:\/\/portugalagent.com\/sv\/kommande-nyproduktion-i-nazare\/#breadcrumb\"},\"inLanguage\":\"sv-SE\",\"potentialAction\":[{\"@type\":\"ReadAction\",\"target\":[\"https:\/\/portugalagent.com\/sv\/kommande-nyproduktion-i-nazare\/\"]}]},{\"@type\":\"BreadcrumbList\",\"@id\":\"https:\/\/portugalagent.com\/sv\/kommande-nyproduktion-i-nazare\/#breadcrumb\",\"itemListElement\":[{\"@type\":\"ListItem\",\"position\":1,\"name\":\"Home\",\"item\":\"https:\/\/portugalagent.com\/sv\/\"},{\"@type\":\"ListItem\",\"position\":2,\"name\":\"Kommande nyproduktion i Nazar\u00e9\"}]},{\"@type\":\"WebSite\",\"@id\":\"https:\/\/portugalagent.com\/sv\/#website\",\"url\":\"https:\/\/portugalagent.com\/sv\/\",\"name\":\"Portugal Agent\",\"description\":\"\",\"publisher\":{\"@id\":\"https:\/\/portugalagent.com\/sv\/#organization\"},\"potentialAction\":[{\"@type\":\"SearchAction\",\"target\":{\"@type\":\"EntryPoint\",\"urlTemplate\":\"https:\/\/portugalagent.com\/sv\/?s={search_term_string}\"},\"query-input\":\"required name=search_term_string\"}],\"inLanguage\":\"sv-SE\"},{\"@type\":\"Organization\",\"@id\":\"https:\/\/portugalagent.com\/sv\/#organization\",\"name\":\"Portugal Agent\",\"url\":\"https:\/\/portugalagent.com\/sv\/\",\"logo\":{\"@type\":\"ImageObject\",\"inLanguage\":\"sv-SE\",\"@id\":\"https:\/\/portugalagent.com\/sv\/#\/schema\/logo\/image\/\",\"url\":\"https:\/\/portugalagent.com\/wp-content\/uploads\/2020\/11\/portugalagent.svg\",\"contentUrl\":\"https:\/\/portugalagent.com\/wp-content\/uploads\/2020\/11\/portugalagent.svg\",\"caption\":\"Portugal Agent\"},\"image\":{\"@id\":\"https:\/\/portugalagent.com\/sv\/#\/schema\/logo\/image\/\"}},{\"@type\":\"Person\",\"@id\":\"https:\/\/portugalagent.com\/sv\/#\/schema\/person\/916dd45acb1ec87bc80bc43ca8907acd\",\"name\":\"Niklas Fors\u00e9n\",\"image\":{\"@type\":\"ImageObject\",\"inLanguage\":\"sv-SE\",\"@id\":\"https:\/\/portugalagent.com\/sv\/#\/schema\/person\/image\/\",\"url\":\"https:\/\/secure.gravatar.com\/avatar\/663013df21d0d1921019a9add374baaa?s=96&d=mm&r=g\",\"contentUrl\":\"https:\/\/secure.gravatar.com\/avatar\/663013df21d0d1921019a9add374baaa?s=96&d=mm&r=g\",\"caption\":\"Niklas Fors\u00e9n\"},\"url\":\"https:\/\/portugalagent.com\/sv\/author\/niklasportugalagent-com\/\"}]}<\/script>\n<!-- \/ Yoast SEO plugin. -->","yoast_head_json":{"title":"Kommande nyproduktion i Nazar\u00e9 - Portugal Agent","robots":{"index":"index","follow":"follow","max-snippet":"max-snippet:-1","max-image-preview":"max-image-preview:large","max-video-preview":"max-video-preview:-1"},"canonical":"https:\/\/portugalagent.com\/sv\/kommande-nyproduktion-i-nazare\/","og_locale":"sv_SE","og_type":"article","og_title":"Kommande nyproduktion i Nazar\u00e9 - Portugal Agent","og_description":"H\u00e4r kommer ett f\u00f6rhandstips! Vi har blivit lite tagna p\u00e5 s\u00e4ngen n\u00e4r det g\u00e4ller f\u00f6rs\u00e4ljningstakten p\u00e5 nyproducerat h\u00e4r i Nazar\u00e9 p\u00e5 Silverkusten. Projektet Fonte da Vila har vi k\u00e4nt till sedan januari men vi har inte f\u00e5tt del av ritningar eller prislista f\u00f6rr\u00e4n i slutet av maj. N\u00e4r vi v\u00e4l fick ut det objektet visar [&hellip;]","og_url":"https:\/\/portugalagent.com\/sv\/kommande-nyproduktion-i-nazare\/","og_site_name":"Portugal Agent","article_published_time":"2018-06-10T00:00:00+00:00","article_modified_time":"2020-04-12T19:48:46+00:00","og_image":[{"width":1800,"height":1350,"url":"https:\/\/portugalagent.com\/wp-content\/uploads\/2020\/04\/IMG_6860NET-1.jpg","type":"image\/jpeg"}],"author":"Niklas Fors\u00e9n","twitter_card":"summary_large_image","twitter_misc":{"Skriven av":"Niklas Fors\u00e9n","Ber\u00e4knad l\u00e4stid":"1 minut"},"schema":{"@context":"https:\/\/schema.org","@graph":[{"@type":"Article","@id":"https:\/\/portugalagent.com\/sv\/kommande-nyproduktion-i-nazare\/#article","isPartOf":{"@id":"https:\/\/portugalagent.com\/sv\/kommande-nyproduktion-i-nazare\/"},"author":{"name":"Niklas Fors\u00e9n","@id":"https:\/\/portugalagent.com\/sv\/#\/schema\/person\/916dd45acb1ec87bc80bc43ca8907acd"},"headline":"Kommande nyproduktion i Nazar\u00e9","datePublished":"2018-06-10T00:00:00+00:00","dateModified":"2020-04-12T19:48:46+00:00","mainEntityOfPage":{"@id":"https:\/\/portugalagent.com\/sv\/kommande-nyproduktion-i-nazare\/"},"wordCount":280,"commentCount":0,"publisher":{"@id":"https:\/\/portugalagent.com\/sv\/#organization"},"inLanguage":"sv-SE","potentialAction":[{"@type":"CommentAction","name":"Comment","target":["https:\/\/portugalagent.com\/sv\/kommande-nyproduktion-i-nazare\/#respond"]}]},{"@type":"WebPage","@id":"https:\/\/portugalagent.com\/sv\/kommande-nyproduktion-i-nazare\/","url":"https:\/\/portugalagent.com\/sv\/kommande-nyproduktion-i-nazare\/","name":"Kommande nyproduktion i Nazar\u00e9 - Portugal Agent","isPartOf":{"@id":"https:\/\/portugalagent.com\/sv\/#website"},"datePublished":"2018-06-10T00:00:00+00:00","dateModified":"2020-04-12T19:48:46+00:00","breadcrumb":{"@id":"https:\/\/portugalagent.com\/sv\/kommande-nyproduktion-i-nazare\/#breadcrumb"},"inLanguage":"sv-SE","potentialAction":[{"@type":"ReadAction","target":["https:\/\/portugalagent.com\/sv\/kommande-nyproduktion-i-nazare\/"]}]},{"@type":"BreadcrumbList","@id":"https:\/\/portugalagent.com\/sv\/kommande-nyproduktion-i-nazare\/#breadcrumb","itemListElement":[{"@type":"ListItem","position":1,"name":"Home","item":"https:\/\/portugalagent.com\/sv\/"},{"@type":"ListItem","position":2,"name":"Kommande nyproduktion i Nazar\u00e9"}]},{"@type":"WebSite","@id":"https:\/\/portugalagent.com\/sv\/#website","url":"https:\/\/portugalagent.com\/sv\/","name":"Portugal Agent","description":"","publisher":{"@id":"https:\/\/portugalagent.com\/sv\/#organization"},"potentialAction":[{"@type":"SearchAction","target":{"@type":"EntryPoint","urlTemplate":"https:\/\/portugalagent.com\/sv\/?s={search_term_string}"},"query-input":"required name=search_term_string"}],"inLanguage":"sv-SE"},{"@type":"Organization","@id":"https:\/\/portugalagent.com\/sv\/#organization","name":"Portugal Agent","url":"https:\/\/portugalagent.com\/sv\/","logo":{"@type":"ImageObject","inLanguage":"sv-SE","@id":"https:\/\/portugalagent.com\/sv\/#\/schema\/logo\/image\/","url":"https:\/\/portugalagent.com\/wp-content\/uploads\/2020\/11\/portugalagent.svg","contentUrl":"https:\/\/portugalagent.com\/wp-content\/uploads\/2020\/11\/portugalagent.svg","caption":"Portugal Agent"},"image":{"@id":"https:\/\/portugalagent.com\/sv\/#\/schema\/logo\/image\/"}},{"@type":"Person","@id":"https:\/\/portugalagent.com\/sv\/#\/schema\/person\/916dd45acb1ec87bc80bc43ca8907acd","name":"Niklas Fors\u00e9n","image":{"@type":"ImageObject","inLanguage":"sv-SE","@id":"https:\/\/portugalagent.com\/sv\/#\/schema\/person\/image\/","url":"https:\/\/secure.gravatar.com\/avatar\/663013df21d0d1921019a9add374baaa?s=96&d=mm&r=g","contentUrl":"https:\/\/secure.gravatar.com\/avatar\/663013df21d0d1921019a9add374baaa?s=96&d=mm&r=g","caption":"Niklas Fors\u00e9n"},"url":"https:\/\/portugalagent.com\/sv\/author\/niklasportugalagent-com\/"}]}},"_links":{"self":[{"href":"https:\/\/portugalagent.com\/sv\/wp-json\/wp\/v2\/posts\/53586"}],"collection":[{"href":"https:\/\/portugalagent.com\/sv\/wp-json\/wp\/v2\/posts"}],"about":[{"href":"https:\/\/portugalagent.com\/sv\/wp-json\/wp\/v2\/types\/post"}],"author":[{"embeddable":true,"href":"https:\/\/portugalagent.com\/sv\/wp-json\/wp\/v2\/users\/2"}],"replies":[{"embeddable":true,"href":"https:\/\/portugalagent.com\/sv\/wp-json\/wp\/v2\/comments?post=53586"}],"version-history":[{"count":1,"href":"https:\/\/portugalagent.com\/sv\/wp-json\/wp\/v2\/posts\/53586\/revisions"}],"predecessor-version":[{"id":53606,"href":"https:\/\/portugalagent.com\/sv\/wp-json\/wp\/v2\/posts\/53586\/revisions\/53606"}],"wp:featuredmedia":[{"embeddable":true,"href":"https:\/\/portugalagent.com\/sv\/wp-json\/wp\/v2\/media\/53521"}],"wp:attachment":[{"href":"https:\/\/portugalagent.com\/sv\/wp-json\/wp\/v2\/media?parent=53586"}],"wp:term":[{"taxonomy":"category","embeddable":true,"href":"https:\/\/portugalagent.com\/sv\/wp-json\/wp\/v2\/categories?post=53586"},{"taxonomy":"post_tag","embeddable":true,"href":"https:\/\/portugalagent.com\/sv\/wp-json\/wp\/v2\/tags?post=53586"}],"curies":[{"name":"wp","href":"https:\/\/api.w.org\/{rel}","templated":true}]}}