{"id":42996,"date":"2020-02-25T18:02:00","date_gmt":"2020-02-25T18:02:00","guid":{"rendered":"https:\/\/portugalagent.com\/?p=42996"},"modified":"2020-02-25T19:24:53","modified_gmt":"2020-02-25T19:24:53","slug":"massa-i-malmo-2","status":"publish","type":"post","link":"https:\/\/portugalagent.com\/sv\/massa-i-malmo-2\/","title":{"rendered":"M\u00e4ssa i Malm\u00f6"},"content":{"rendered":"\n<p>Tr\u00e4ffa oss p\u00e5 den trevliga m\u00e4ssan f\u00f6r utlandsboende i Malm\u00f6 21 \u2013 22 mars.<\/p>\n\n\n\n<p>Tag chansen att tr\u00e4ffa oss i v\u00e5r egen monter p\u00e5 <a href=\"http:\/\/www.fairmedia.se\/event\/malmo\/\">m\u00e4ssan k\u00f6pa hus utomlands i Malm\u00f6<\/a>\nl\u00f6rdag och s\u00f6ndag 21 \u2013 22 mars. Vi ber\u00e4ttar g\u00e4rna mer om den fina Silverkusten\noch v\u00e5r hemstad Nazar\u00e9. Vi har sj\u00e4lva flyttat fr\u00e5n Sverige och in i Portugal\nf\u00f6r drygt tv\u00e5 \u00e5r sedan s\u00e5 vi har egen erfarenhet av att ta det stora steget och\nbyta land som svensk pension\u00e4r. <\/p>\n\n\n\n<p><a href=\"https:\/\/www.malmomassan.se\/\">Malm\u00f6m\u00e4ssan<\/a>: 21\noch 22 mars. \u00d6ppettider: 10.30 \u2013 17.00<\/p>\n\n\n\n<p>P\u00e5 m\u00e5ndagen 23 mars arrangerar vi dessutom ett kostnadsfritt\nskatteseminarium inne i centrala Malm\u00f6. Det \u00e4r sakkunniga fr\u00e5n KPMG, \u00d6hman Bank\noch Portugal Agent som ber\u00e4ttar mer om nul\u00e4get f\u00f6r svenskar som flyttar till\nPortugal. Det blir snart 10% skatt p\u00e5 pensionerna och mycket tyder p\u00e5 att det\nkan f\u00f6rbli s\u00e5 en l\u00e4ngre tid. F\u00f6rmodligen m\u00e5nga \u00e5r fram\u00f6ver varf\u00f6r det\nfortfarande \u00e4r mycket f\u00f6rdelaktigt att flytta till Portugal och ta ut sin\nprivata tj\u00e4nstepension h\u00e4r.<\/p>\n\n\n\n<p><strong>S\u00e4lj din bostad genom oss<\/strong><\/p>\n\n\n\n<p>Bra att veta f\u00f6r dig som skall s\u00e4lja din bostad i Nazar\u00e9\neller p\u00e5 annan plats p\u00e5 Silverkusten i Portugal: <br>\nPortugal Agent marknadsf\u00f6r objekten vi har till salu brett. Fokus \u00e4r Portugal i\nf\u00f6rsta hand. Vi \u00e4r ett portugisiskt f\u00f6retag och har fyra portugiser i\npersonalen men vi har ocks\u00e5 svenska del\u00e4gare och tre svenska m\u00e4klare p\u00e5 plats i\nNazar\u00e9 p\u00e5 Silverkusten. V\u00e5r hemsida \u00e4r p\u00e5 fyra viktiga spr\u00e5k f\u00f6r den\nportugisiska bostadsmarknaden: Portugisiska, svenska, franska och engelska.<\/p>\n\n\n\n<p>Portugal Agent medverkar ocks\u00e5 p\u00e5 flera internationella\nm\u00e4ssor d\u00e4r man marknadsf\u00f6r bost\u00e4der utomlands \u2013 second home. I \u00e5r blir det\nUtrecht i Holland, Paris i Frankrike och hela fem olika m\u00e4ssor i Sverige. <br>\nV\u00e5ra viktigaste l\u00e4nder n\u00e4r det g\u00e4ller k\u00f6psidan \u00e4r: Portugal, Frankrike, Sverige\noch Holland. Sedan s\u00e4ljer vi givetvis till vem som helst p\u00e5 en internationell\nmarknad. Vi har k\u00f6pare fr\u00e5n USA, Kanada, Saudi Arabien, Danmark, Belgien,\nNorge, Finland, Tyskland m.fl. L\u00e4nder.<\/p>\n\n\n\n<p>Portugal Agent hette tidigare Imo Nazar\u00e9 lokalt i Nazar\u00e9 p\u00e5\nSilverkusten. Under v\u00e5ren 2020 samlar vi v\u00e5ra fyra huvudl\u00e4nder; Portugal,\nSverige, Frankrike och UK under en och samma webbadress: <a href=\"http:\/\/www.portugalagent.com\">www.portugalagent.com<\/a> <\/p>\n","protected":false},"excerpt":{"rendered":"<p>Tr\u00e4ffa oss p\u00e5 den trevliga m\u00e4ssan f\u00f6r utlandsboende i Malm\u00f6 21 \u2013 22 mars. Tag chansen att tr\u00e4ffa oss i v\u00e5r egen monter p\u00e5 m\u00e4ssan k\u00f6pa hus utomlands i Malm\u00f6 l\u00f6rdag och s\u00f6ndag 21 \u2013 22 mars. Vi ber\u00e4ttar g\u00e4rna mer om den fina Silverkusten och v\u00e5r hemstad Nazar\u00e9. Vi har sj\u00e4lva flyttat fr\u00e5n Sverige [&hellip;]<\/p>\n","protected":false},"author":2,"featured_media":42722,"comment_status":"open","ping_status":"open","sticky":false,"template":"","format":"standard","meta":{"om_disable_all_campaigns":false,"_monsterinsights_skip_tracking":false,"_monsterinsights_sitenote_active":false,"_monsterinsights_sitenote_note":"","_monsterinsights_sitenote_category":0},"categories":[21,30],"tags":[],"aioseo_notices":[],"yoast_head":"<!-- This site is optimized with the Yoast SEO plugin v19.10 - https:\/\/yoast.com\/wordpress\/plugins\/seo\/ -->\n<title>M\u00e4ssa i Malm\u00f6 - Portugal Agent<\/title>\n<meta name=\"robots\" content=\"index, follow, max-snippet:-1, max-image-preview:large, max-video-preview:-1\" \/>\n<link rel=\"canonical\" href=\"https:\/\/portugalagent.com\/sv\/massa-i-malmo-2\/\" \/>\n<meta property=\"og:locale\" content=\"sv_SE\" \/>\n<meta property=\"og:type\" content=\"article\" \/>\n<meta property=\"og:title\" content=\"M\u00e4ssa i Malm\u00f6 - Portugal Agent\" \/>\n<meta property=\"og:description\" content=\"Tr\u00e4ffa oss p\u00e5 den trevliga m\u00e4ssan f\u00f6r utlandsboende i Malm\u00f6 21 \u2013 22 mars. Tag chansen att tr\u00e4ffa oss i v\u00e5r egen monter p\u00e5 m\u00e4ssan k\u00f6pa hus utomlands i Malm\u00f6 l\u00f6rdag och s\u00f6ndag 21 \u2013 22 mars. Vi ber\u00e4ttar g\u00e4rna mer om den fina Silverkusten och v\u00e5r hemstad Nazar\u00e9. Vi har sj\u00e4lva flyttat fr\u00e5n Sverige [&hellip;]\" \/>\n<meta property=\"og:url\" content=\"https:\/\/portugalagent.com\/sv\/massa-i-malmo-2\/\" \/>\n<meta property=\"og:site_name\" content=\"Portugal Agent\" \/>\n<meta property=\"article:published_time\" content=\"2020-02-25T18:02:00+00:00\" \/>\n<meta property=\"article:modified_time\" content=\"2020-02-25T19:24:53+00:00\" \/>\n<meta property=\"og:image\" content=\"https:\/\/portugalagent.com\/wp-content\/uploads\/2020\/02\/DSC_5412NET.jpg?v=1581501748\" \/>\n\t<meta property=\"og:image:width\" content=\"1450\" \/>\n\t<meta property=\"og:image:height\" content=\"968\" \/>\n\t<meta property=\"og:image:type\" content=\"image\/jpeg\" \/>\n<meta name=\"author\" content=\"Niklas Fors\u00e9n\" \/>\n<meta name=\"twitter:card\" content=\"summary_large_image\" \/>\n<meta name=\"twitter:label1\" content=\"Skriven av\" \/>\n\t<meta name=\"twitter:data1\" content=\"Niklas Fors\u00e9n\" \/>\n\t<meta name=\"twitter:label2\" content=\"Ber\u00e4knad l\u00e4stid\" \/>\n\t<meta name=\"twitter:data2\" content=\"2 minuter\" \/>\n<script type=\"application\/ld+json\" class=\"yoast-schema-graph\">{\"@context\":\"https:\/\/schema.org\",\"@graph\":[{\"@type\":\"Article\",\"@id\":\"https:\/\/portugalagent.com\/sv\/massa-i-malmo-2\/#article\",\"isPartOf\":{\"@id\":\"https:\/\/portugalagent.com\/sv\/massa-i-malmo-2\/\"},\"author\":{\"name\":\"Niklas Fors\u00e9n\",\"@id\":\"https:\/\/portugalagent.com\/sv\/#\/schema\/person\/916dd45acb1ec87bc80bc43ca8907acd\"},\"headline\":\"M\u00e4ssa i Malm\u00f6\",\"datePublished\":\"2020-02-25T18:02:00+00:00\",\"dateModified\":\"2020-02-25T19:24:53+00:00\",\"mainEntityOfPage\":{\"@id\":\"https:\/\/portugalagent.com\/sv\/massa-i-malmo-2\/\"},\"wordCount\":403,\"commentCount\":0,\"publisher\":{\"@id\":\"https:\/\/portugalagent.com\/sv\/#organization\"},\"articleSection\":[\"Nazar\u00e9\",\"news\"],\"inLanguage\":\"sv-SE\",\"potentialAction\":[{\"@type\":\"CommentAction\",\"name\":\"Comment\",\"target\":[\"https:\/\/portugalagent.com\/sv\/massa-i-malmo-2\/#respond\"]}]},{\"@type\":\"WebPage\",\"@id\":\"https:\/\/portugalagent.com\/sv\/massa-i-malmo-2\/\",\"url\":\"https:\/\/portugalagent.com\/sv\/massa-i-malmo-2\/\",\"name\":\"M\u00e4ssa i Malm\u00f6 - Portugal Agent\",\"isPartOf\":{\"@id\":\"https:\/\/portugalagent.com\/sv\/#website\"},\"datePublished\":\"2020-02-25T18:02:00+00:00\",\"dateModified\":\"2020-02-25T19:24:53+00:00\",\"breadcrumb\":{\"@id\":\"https:\/\/portugalagent.com\/sv\/massa-i-malmo-2\/#breadcrumb\"},\"inLanguage\":\"sv-SE\",\"potentialAction\":[{\"@type\":\"ReadAction\",\"target\":[\"https:\/\/portugalagent.com\/sv\/massa-i-malmo-2\/\"]}]},{\"@type\":\"BreadcrumbList\",\"@id\":\"https:\/\/portugalagent.com\/sv\/massa-i-malmo-2\/#breadcrumb\",\"itemListElement\":[{\"@type\":\"ListItem\",\"position\":1,\"name\":\"Home\",\"item\":\"https:\/\/portugalagent.com\/sv\/\"},{\"@type\":\"ListItem\",\"position\":2,\"name\":\"M\u00e4ssa i Malm\u00f6\"}]},{\"@type\":\"WebSite\",\"@id\":\"https:\/\/portugalagent.com\/sv\/#website\",\"url\":\"https:\/\/portugalagent.com\/sv\/\",\"name\":\"Portugal Agent\",\"description\":\"\",\"publisher\":{\"@id\":\"https:\/\/portugalagent.com\/sv\/#organization\"},\"potentialAction\":[{\"@type\":\"SearchAction\",\"target\":{\"@type\":\"EntryPoint\",\"urlTemplate\":\"https:\/\/portugalagent.com\/sv\/?s={search_term_string}\"},\"query-input\":\"required name=search_term_string\"}],\"inLanguage\":\"sv-SE\"},{\"@type\":\"Organization\",\"@id\":\"https:\/\/portugalagent.com\/sv\/#organization\",\"name\":\"Portugal Agent\",\"url\":\"https:\/\/portugalagent.com\/sv\/\",\"logo\":{\"@type\":\"ImageObject\",\"inLanguage\":\"sv-SE\",\"@id\":\"https:\/\/portugalagent.com\/sv\/#\/schema\/logo\/image\/\",\"url\":\"https:\/\/portugalagent.com\/wp-content\/uploads\/2020\/11\/portugalagent.svg\",\"contentUrl\":\"https:\/\/portugalagent.com\/wp-content\/uploads\/2020\/11\/portugalagent.svg\",\"caption\":\"Portugal Agent\"},\"image\":{\"@id\":\"https:\/\/portugalagent.com\/sv\/#\/schema\/logo\/image\/\"}},{\"@type\":\"Person\",\"@id\":\"https:\/\/portugalagent.com\/sv\/#\/schema\/person\/916dd45acb1ec87bc80bc43ca8907acd\",\"name\":\"Niklas Fors\u00e9n\",\"image\":{\"@type\":\"ImageObject\",\"inLanguage\":\"sv-SE\",\"@id\":\"https:\/\/portugalagent.com\/sv\/#\/schema\/person\/image\/\",\"url\":\"https:\/\/secure.gravatar.com\/avatar\/663013df21d0d1921019a9add374baaa?s=96&d=mm&r=g\",\"contentUrl\":\"https:\/\/secure.gravatar.com\/avatar\/663013df21d0d1921019a9add374baaa?s=96&d=mm&r=g\",\"caption\":\"Niklas Fors\u00e9n\"},\"url\":\"https:\/\/portugalagent.com\/sv\/author\/niklasportugalagent-com\/\"}]}<\/script>\n<!-- \/ Yoast SEO plugin. -->","yoast_head_json":{"title":"M\u00e4ssa i Malm\u00f6 - Portugal Agent","robots":{"index":"index","follow":"follow","max-snippet":"max-snippet:-1","max-image-preview":"max-image-preview:large","max-video-preview":"max-video-preview:-1"},"canonical":"https:\/\/portugalagent.com\/sv\/massa-i-malmo-2\/","og_locale":"sv_SE","og_type":"article","og_title":"M\u00e4ssa i Malm\u00f6 - Portugal Agent","og_description":"Tr\u00e4ffa oss p\u00e5 den trevliga m\u00e4ssan f\u00f6r utlandsboende i Malm\u00f6 21 \u2013 22 mars. Tag chansen att tr\u00e4ffa oss i v\u00e5r egen monter p\u00e5 m\u00e4ssan k\u00f6pa hus utomlands i Malm\u00f6 l\u00f6rdag och s\u00f6ndag 21 \u2013 22 mars. Vi ber\u00e4ttar g\u00e4rna mer om den fina Silverkusten och v\u00e5r hemstad Nazar\u00e9. Vi har sj\u00e4lva flyttat fr\u00e5n Sverige [&hellip;]","og_url":"https:\/\/portugalagent.com\/sv\/massa-i-malmo-2\/","og_site_name":"Portugal Agent","article_published_time":"2020-02-25T18:02:00+00:00","article_modified_time":"2020-02-25T19:24:53+00:00","og_image":[{"width":1450,"height":968,"url":"https:\/\/portugalagent.com\/wp-content\/uploads\/2020\/02\/DSC_5412NET.jpg?v=1581501748","type":"image\/jpeg"}],"author":"Niklas Fors\u00e9n","twitter_card":"summary_large_image","twitter_misc":{"Skriven av":"Niklas Fors\u00e9n","Ber\u00e4knad l\u00e4stid":"2 minuter"},"schema":{"@context":"https:\/\/schema.org","@graph":[{"@type":"Article","@id":"https:\/\/portugalagent.com\/sv\/massa-i-malmo-2\/#article","isPartOf":{"@id":"https:\/\/portugalagent.com\/sv\/massa-i-malmo-2\/"},"author":{"name":"Niklas Fors\u00e9n","@id":"https:\/\/portugalagent.com\/sv\/#\/schema\/person\/916dd45acb1ec87bc80bc43ca8907acd"},"headline":"M\u00e4ssa i Malm\u00f6","datePublished":"2020-02-25T18:02:00+00:00","dateModified":"2020-02-25T19:24:53+00:00","mainEntityOfPage":{"@id":"https:\/\/portugalagent.com\/sv\/massa-i-malmo-2\/"},"wordCount":403,"commentCount":0,"publisher":{"@id":"https:\/\/portugalagent.com\/sv\/#organization"},"articleSection":["Nazar\u00e9","news"],"inLanguage":"sv-SE","potentialAction":[{"@type":"CommentAction","name":"Comment","target":["https:\/\/portugalagent.com\/sv\/massa-i-malmo-2\/#respond"]}]},{"@type":"WebPage","@id":"https:\/\/portugalagent.com\/sv\/massa-i-malmo-2\/","url":"https:\/\/portugalagent.com\/sv\/massa-i-malmo-2\/","name":"M\u00e4ssa i Malm\u00f6 - Portugal Agent","isPartOf":{"@id":"https:\/\/portugalagent.com\/sv\/#website"},"datePublished":"2020-02-25T18:02:00+00:00","dateModified":"2020-02-25T19:24:53+00:00","breadcrumb":{"@id":"https:\/\/portugalagent.com\/sv\/massa-i-malmo-2\/#breadcrumb"},"inLanguage":"sv-SE","potentialAction":[{"@type":"ReadAction","target":["https:\/\/portugalagent.com\/sv\/massa-i-malmo-2\/"]}]},{"@type":"BreadcrumbList","@id":"https:\/\/portugalagent.com\/sv\/massa-i-malmo-2\/#breadcrumb","itemListElement":[{"@type":"ListItem","position":1,"name":"Home","item":"https:\/\/portugalagent.com\/sv\/"},{"@type":"ListItem","position":2,"name":"M\u00e4ssa i Malm\u00f6"}]},{"@type":"WebSite","@id":"https:\/\/portugalagent.com\/sv\/#website","url":"https:\/\/portugalagent.com\/sv\/","name":"Portugal Agent","description":"","publisher":{"@id":"https:\/\/portugalagent.com\/sv\/#organization"},"potentialAction":[{"@type":"SearchAction","target":{"@type":"EntryPoint","urlTemplate":"https:\/\/portugalagent.com\/sv\/?s={search_term_string}"},"query-input":"required name=search_term_string"}],"inLanguage":"sv-SE"},{"@type":"Organization","@id":"https:\/\/portugalagent.com\/sv\/#organization","name":"Portugal Agent","url":"https:\/\/portugalagent.com\/sv\/","logo":{"@type":"ImageObject","inLanguage":"sv-SE","@id":"https:\/\/portugalagent.com\/sv\/#\/schema\/logo\/image\/","url":"https:\/\/portugalagent.com\/wp-content\/uploads\/2020\/11\/portugalagent.svg","contentUrl":"https:\/\/portugalagent.com\/wp-content\/uploads\/2020\/11\/portugalagent.svg","caption":"Portugal Agent"},"image":{"@id":"https:\/\/portugalagent.com\/sv\/#\/schema\/logo\/image\/"}},{"@type":"Person","@id":"https:\/\/portugalagent.com\/sv\/#\/schema\/person\/916dd45acb1ec87bc80bc43ca8907acd","name":"Niklas Fors\u00e9n","image":{"@type":"ImageObject","inLanguage":"sv-SE","@id":"https:\/\/portugalagent.com\/sv\/#\/schema\/person\/image\/","url":"https:\/\/secure.gravatar.com\/avatar\/663013df21d0d1921019a9add374baaa?s=96&d=mm&r=g","contentUrl":"https:\/\/secure.gravatar.com\/avatar\/663013df21d0d1921019a9add374baaa?s=96&d=mm&r=g","caption":"Niklas Fors\u00e9n"},"url":"https:\/\/portugalagent.com\/sv\/author\/niklasportugalagent-com\/"}]}},"_links":{"self":[{"href":"https:\/\/portugalagent.com\/sv\/wp-json\/wp\/v2\/posts\/42996"}],"collection":[{"href":"https:\/\/portugalagent.com\/sv\/wp-json\/wp\/v2\/posts"}],"about":[{"href":"https:\/\/portugalagent.com\/sv\/wp-json\/wp\/v2\/types\/post"}],"author":[{"embeddable":true,"href":"https:\/\/portugalagent.com\/sv\/wp-json\/wp\/v2\/users\/2"}],"replies":[{"embeddable":true,"href":"https:\/\/portugalagent.com\/sv\/wp-json\/wp\/v2\/comments?post=42996"}],"version-history":[{"count":1,"href":"https:\/\/portugalagent.com\/sv\/wp-json\/wp\/v2\/posts\/42996\/revisions"}],"predecessor-version":[{"id":43001,"href":"https:\/\/portugalagent.com\/sv\/wp-json\/wp\/v2\/posts\/42996\/revisions\/43001"}],"wp:featuredmedia":[{"embeddable":true,"href":"https:\/\/portugalagent.com\/sv\/wp-json\/wp\/v2\/media\/42722"}],"wp:attachment":[{"href":"https:\/\/portugalagent.com\/sv\/wp-json\/wp\/v2\/media?parent=42996"}],"wp:term":[{"taxonomy":"category","embeddable":true,"href":"https:\/\/portugalagent.com\/sv\/wp-json\/wp\/v2\/categories?post=42996"},{"taxonomy":"post_tag","embeddable":true,"href":"https:\/\/portugalagent.com\/sv\/wp-json\/wp\/v2\/tags?post=42996"}],"curies":[{"name":"wp","href":"https:\/\/api.w.org\/{rel}","templated":true}]}}