{"id":41345,"date":"2020-01-22T00:00:00","date_gmt":"2020-01-22T00:00:00","guid":{"rendered":"https:\/\/www.go4digital-web.pt\/dev\/portugalagent\/skatt-pension-och-nhr-i-portugal\/"},"modified":"2020-03-05T10:29:35","modified_gmt":"2020-03-05T10:29:35","slug":"skatt-pension-och-nhr-i-portugal","status":"publish","type":"post","link":"https:\/\/portugalagent.com\/sv\/skatt-pension-och-nhr-i-portugal\/","title":{"rendered":"Skatt, pension och NHR i Portugal"},"content":{"rendered":"<p>Uppdaterat 2020-01-22<\/p>\n<p>Nu verkar det ske f\u00f6r\u00e4ndringar i dubbelbeskattningsavtalet mellan Portugal och Sverige. Under vecka 4 (\u00e5r 2020) spreds nyheten att Portugals regering \u00f6verv\u00e4ger att inf\u00f6ra en skatt om 10% (kan bli l\u00e4gre) p\u00e5 utl\u00e4ndska pensioner f\u00f6r nya individer som flyttar till Portugal. Man \u00f6verv\u00e4ger ocks\u00e5 att inf\u00f6ra en minimidebitering om 7.500 EURO per \u00e5r. Reglerna kan b\u00f6rja g\u00e4lla s\u00e5 tidigt som redan 1 mars 2020. F\u00f6r personer som redan \u00e4r bosatta i Portugal med NHR-status kommer ingen f\u00f6r\u00e4ndring ske enligt vad vi kan uttyda fr\u00e5n de k\u00e4llor vi tagit del av.<\/p>\n<p>Ska jag f\u00f6rs\u00f6ka spalta upp detta lite mer steg f\u00f6r steg f\u00f6refaller det kunna bli p\u00e5 f\u00f6ljande vis om nyheterna st\u00e4mmer:<\/p>\n<ul>\n<li>\n<h5>Skatt om 10% &#8211; eller l\u00e4gre \u2013 kan inf\u00f6ras p\u00e5 utl\u00e4ndska pensioner (l\u00e4s: svenska pensioner) fr\u00e5n andra l\u00e4nder.<\/h5>\n<\/li>\n<li>\n<h5>Enligt f\u00f6rslaget kommer skatten endast att g\u00e4lla de som \u00e4nnu inte har NHR-status, vilket i s\u00e5 fall inneb\u00e4r att alla som redan har NHR och har b\u00f6rjat ta ut pensionen i Portugal kommer klara sig utan skatt.<\/h5>\n<\/li>\n<li>\n<h5>Beslut i fr\u00e5gan v\u00e4ntas fattas under februari och om skatten inf\u00f6rs kan den komma att g\u00e4lla redan fr\u00e5n 1 mars i \u00e5r men det troligaste \u00e4r att den inf\u00f6rs f\u00f6rst 1 januari 2021.<\/h5>\n<\/li>\n<li>\n<h5>Om tidigare f\u00f6rslag, som Sverige har godk\u00e4nt, ratificeras av Portugal g\u00e4ller SINK skatt from 2023-01-01. Om Portugal v\u00e4ljer att inte ratificera detta avtal kommer Sverige inte kunna ta ut SINK-skatt om 25%<\/h5>\n<\/li>\n<\/ul>\n<p>M\u00e5nga bed\u00f6mare menar att Portugal inf\u00f6r en (l\u00e5g) skatt nu f\u00f6r att senare kunna visa att man faktiskt tar ut en skatt och d\u00e4rigenom inte k\u00e4nna sig skyldiga att ratificera avtalet som Sverige vill. De kommer troligen \u201dspela d\u00f6da\u201d och h\u00e5lla sig undan vilket portugiser \u00e4r experter p\u00e5 n\u00e4r det kommer till \u00e4renden som de helst inte vill arbeta med eller ta st\u00e4llning till.<\/p>\n<p>Om avtalet trots allt ratificeras av Portugal kommer en skatt om 25% p\u00e5f\u00f6ras 2023-01-01 p\u00e5 samtliga som tar ut svensk pension i Portugal. Notera att dubbelbeskattningsavtalet ger att det aldrig blir mer \u00e4n 25%. Om Portugal har inf\u00f6rt en skatt om s\u00e4g 10% s\u00e5 r\u00e4knas den av och Sverige tar d\u00e5 15% = 25% totalt.<\/p>\n<p>Om ovanst\u00e5ende st\u00e4mmer kan det vara h\u00f6g tid att s\u00f6ka NHR nu. D\u00e5 finns det en m\u00f6jlighet att slippa skatt framgent om du skriver dig i Portugal med NHR-status och tar ut din privata tj\u00e4nstepension h\u00e4r.<\/p>\n<p>Bra att veta: NHR g\u00e4ller i tio \u00e5r och du kan ans\u00f6ka och erh\u00e5lla NHR redan innan du bosatt dig i Portugal.<\/p>\n<p><strong>Skatteseminarier med det senaste:<\/strong><\/p>\n<p><strong>Stockholm\u00a0<\/strong><br \/>\nM\u00e5ndag 17 februari kl 17.30 \u2013 19.00. ca. Detta sker i \u00d6hmans lokaler i centrala Stockholm. N\u00e4r du anm\u00e4lt dig mejlar vi ut adressen och lite mer information. F\u00f6redragsh\u00e5llare \u00e4r Johan Sander fr\u00e5n KPMG.<\/p>\n<p><strong>Malm\u00f6<\/strong><br \/>\nM\u00e5ndag 23 mars kl 17.30 \u2013 19.00, ca. Detta sker i KPMGs lokaler i centrala Malm\u00f6.<\/p>\n<p><strong>G\u00f6teborg &#8211; extrainsatt seminarium.<br \/>\n<\/strong>M\u00e5ndag 24 mars kl 17.30 \u2013 19.00, ca. Detta sker i KPMGs lokaler i centrala G\u00f6teborg.<strong><br \/>\n<\/strong><\/p>\n<p><strong>I b\u00e5de Stockholm och Malm\u00f6 bjuder vi p\u00e5 enklare mat samt lite vin\/\u00f6l eller alkoholfria alternativ.\u00a0<\/strong><br \/>\n<strong>Seminarierna \u00e4r kostnadsfria \u2013 Varmt V\u00e4lkommen!<\/strong><\/p>\n<p><strong>Anm\u00e4lan och fr\u00e5gor:<\/strong><br \/>\nKari Fors\u00e9n, +46-70-592 60 76<br \/>\nMejl: <a href=\"mailto:kari@portugalagent.com\">kari@portugalagent.com\u00a0<\/a><\/p>\n<p>MER<br \/>\nVisningsresa till Nazar\u00e9 och Silverkusten: 29 april &#8211; 3 maj 2020<br \/>\nBes\u00f6k oss i Stockholm 15-16 februari 2020, Malm\u00f6 21-22 mars<\/p>\n<p>Bilderna f\u00f6rest\u00e4ller sk\u00f6na januaridagar i Nazar\u00e9 i \u00e5r &#8211; 2020.<\/p>\n","protected":false},"excerpt":{"rendered":"<p>Uppdaterat 2020-01-22 Nu verkar det ske f\u00f6r\u00e4ndringar i dubbelbeskattningsavtalet mellan Portugal och Sverige. Under vecka 4 (\u00e5r 2020) spreds nyheten att Portugals regering \u00f6verv\u00e4ger att inf\u00f6ra en skatt om 10% (kan bli l\u00e4gre) p\u00e5 utl\u00e4ndska pensioner f\u00f6r nya individer som flyttar till Portugal. Man \u00f6verv\u00e4ger ocks\u00e5 att inf\u00f6ra en minimidebitering om 7.500 EURO per \u00e5r. [&hellip;]<\/p>\n","protected":false},"author":6,"featured_media":41611,"comment_status":"open","ping_status":"open","sticky":false,"template":"","format":"standard","meta":{"om_disable_all_campaigns":false,"_monsterinsights_skip_tracking":false,"_monsterinsights_sitenote_active":false,"_monsterinsights_sitenote_note":"","_monsterinsights_sitenote_category":0},"categories":[30,18],"tags":[],"aioseo_notices":[],"yoast_head":"<!-- This site is optimized with the Yoast SEO plugin v19.10 - https:\/\/yoast.com\/wordpress\/plugins\/seo\/ -->\n<title>Skatt, pension och NHR i Portugal - Portugal Agent<\/title>\n<meta name=\"robots\" content=\"index, follow, max-snippet:-1, max-image-preview:large, max-video-preview:-1\" \/>\n<link rel=\"canonical\" href=\"https:\/\/portugalagent.com\/sv\/skatt-pension-och-nhr-i-portugal\/\" \/>\n<meta property=\"og:locale\" content=\"sv_SE\" \/>\n<meta property=\"og:type\" content=\"article\" \/>\n<meta property=\"og:title\" content=\"Skatt, pension och NHR i Portugal - Portugal Agent\" \/>\n<meta property=\"og:description\" content=\"Uppdaterat 2020-01-22 Nu verkar det ske f\u00f6r\u00e4ndringar i dubbelbeskattningsavtalet mellan Portugal och Sverige. Under vecka 4 (\u00e5r 2020) spreds nyheten att Portugals regering \u00f6verv\u00e4ger att inf\u00f6ra en skatt om 10% (kan bli l\u00e4gre) p\u00e5 utl\u00e4ndska pensioner f\u00f6r nya individer som flyttar till Portugal. Man \u00f6verv\u00e4ger ocks\u00e5 att inf\u00f6ra en minimidebitering om 7.500 EURO per \u00e5r. [&hellip;]\" \/>\n<meta property=\"og:url\" content=\"https:\/\/portugalagent.com\/sv\/skatt-pension-och-nhr-i-portugal\/\" \/>\n<meta property=\"og:site_name\" content=\"Portugal Agent\" \/>\n<meta property=\"article:published_time\" content=\"2020-01-22T00:00:00+00:00\" \/>\n<meta property=\"article:modified_time\" content=\"2020-03-05T10:29:35+00:00\" \/>\n<meta property=\"og:image\" content=\"https:\/\/portugalagent.com\/wp-content\/uploads\/2020\/01\/IMG_8249-1.jpg\" \/>\n\t<meta property=\"og:image:width\" content=\"2048\" \/>\n\t<meta property=\"og:image:height\" content=\"1536\" \/>\n\t<meta property=\"og:image:type\" content=\"image\/jpeg\" \/>\n<meta name=\"author\" content=\"info@imonazare.pt\" \/>\n<meta name=\"twitter:card\" content=\"summary_large_image\" \/>\n<meta name=\"twitter:label1\" content=\"Skriven av\" \/>\n\t<meta name=\"twitter:data1\" content=\"info@imonazare.pt\" \/>\n\t<meta name=\"twitter:label2\" content=\"Ber\u00e4knad l\u00e4stid\" \/>\n\t<meta name=\"twitter:data2\" content=\"3 minuter\" \/>\n<script type=\"application\/ld+json\" class=\"yoast-schema-graph\">{\"@context\":\"https:\/\/schema.org\",\"@graph\":[{\"@type\":\"Article\",\"@id\":\"https:\/\/portugalagent.com\/sv\/skatt-pension-och-nhr-i-portugal\/#article\",\"isPartOf\":{\"@id\":\"https:\/\/portugalagent.com\/sv\/skatt-pension-och-nhr-i-portugal\/\"},\"author\":{\"name\":\"info@imonazare.pt\",\"@id\":\"https:\/\/portugalagent.com\/sv\/#\/schema\/person\/c6c7df322d2649cc7a1e8dc30315710c\"},\"headline\":\"Skatt, pension och NHR i Portugal\",\"datePublished\":\"2020-01-22T00:00:00+00:00\",\"dateModified\":\"2020-03-05T10:29:35+00:00\",\"mainEntityOfPage\":{\"@id\":\"https:\/\/portugalagent.com\/sv\/skatt-pension-och-nhr-i-portugal\/\"},\"wordCount\":613,\"commentCount\":0,\"publisher\":{\"@id\":\"https:\/\/portugalagent.com\/sv\/#organization\"},\"articleSection\":[\"news\",\"Nyheter\"],\"inLanguage\":\"sv-SE\",\"potentialAction\":[{\"@type\":\"CommentAction\",\"name\":\"Comment\",\"target\":[\"https:\/\/portugalagent.com\/sv\/skatt-pension-och-nhr-i-portugal\/#respond\"]}]},{\"@type\":\"WebPage\",\"@id\":\"https:\/\/portugalagent.com\/sv\/skatt-pension-och-nhr-i-portugal\/\",\"url\":\"https:\/\/portugalagent.com\/sv\/skatt-pension-och-nhr-i-portugal\/\",\"name\":\"Skatt, pension och NHR i Portugal - Portugal Agent\",\"isPartOf\":{\"@id\":\"https:\/\/portugalagent.com\/sv\/#website\"},\"datePublished\":\"2020-01-22T00:00:00+00:00\",\"dateModified\":\"2020-03-05T10:29:35+00:00\",\"breadcrumb\":{\"@id\":\"https:\/\/portugalagent.com\/sv\/skatt-pension-och-nhr-i-portugal\/#breadcrumb\"},\"inLanguage\":\"sv-SE\",\"potentialAction\":[{\"@type\":\"ReadAction\",\"target\":[\"https:\/\/portugalagent.com\/sv\/skatt-pension-och-nhr-i-portugal\/\"]}]},{\"@type\":\"BreadcrumbList\",\"@id\":\"https:\/\/portugalagent.com\/sv\/skatt-pension-och-nhr-i-portugal\/#breadcrumb\",\"itemListElement\":[{\"@type\":\"ListItem\",\"position\":1,\"name\":\"Home\",\"item\":\"https:\/\/portugalagent.com\/sv\/\"},{\"@type\":\"ListItem\",\"position\":2,\"name\":\"Skatt, pension och NHR i Portugal\"}]},{\"@type\":\"WebSite\",\"@id\":\"https:\/\/portugalagent.com\/sv\/#website\",\"url\":\"https:\/\/portugalagent.com\/sv\/\",\"name\":\"Portugal Agent\",\"description\":\"\",\"publisher\":{\"@id\":\"https:\/\/portugalagent.com\/sv\/#organization\"},\"potentialAction\":[{\"@type\":\"SearchAction\",\"target\":{\"@type\":\"EntryPoint\",\"urlTemplate\":\"https:\/\/portugalagent.com\/sv\/?s={search_term_string}\"},\"query-input\":\"required name=search_term_string\"}],\"inLanguage\":\"sv-SE\"},{\"@type\":\"Organization\",\"@id\":\"https:\/\/portugalagent.com\/sv\/#organization\",\"name\":\"Portugal Agent\",\"url\":\"https:\/\/portugalagent.com\/sv\/\",\"logo\":{\"@type\":\"ImageObject\",\"inLanguage\":\"sv-SE\",\"@id\":\"https:\/\/portugalagent.com\/sv\/#\/schema\/logo\/image\/\",\"url\":\"https:\/\/portugalagent.com\/wp-content\/uploads\/2020\/11\/portugalagent.svg\",\"contentUrl\":\"https:\/\/portugalagent.com\/wp-content\/uploads\/2020\/11\/portugalagent.svg\",\"caption\":\"Portugal Agent\"},\"image\":{\"@id\":\"https:\/\/portugalagent.com\/sv\/#\/schema\/logo\/image\/\"}},{\"@type\":\"Person\",\"@id\":\"https:\/\/portugalagent.com\/sv\/#\/schema\/person\/c6c7df322d2649cc7a1e8dc30315710c\",\"name\":\"info@imonazare.pt\",\"image\":{\"@type\":\"ImageObject\",\"inLanguage\":\"sv-SE\",\"@id\":\"https:\/\/portugalagent.com\/sv\/#\/schema\/person\/image\/\",\"url\":\"https:\/\/secure.gravatar.com\/avatar\/7639f7443397461ac5688ed1f026f318?s=96&d=mm&r=g\",\"contentUrl\":\"https:\/\/secure.gravatar.com\/avatar\/7639f7443397461ac5688ed1f026f318?s=96&d=mm&r=g\",\"caption\":\"info@imonazare.pt\"},\"sameAs\":[\"niklas@portugalagent.com\"],\"url\":\"https:\/\/portugalagent.com\/sv\/author\/infoimonazare-pt\/\"}]}<\/script>\n<!-- \/ Yoast SEO plugin. -->","yoast_head_json":{"title":"Skatt, pension och NHR i Portugal - Portugal Agent","robots":{"index":"index","follow":"follow","max-snippet":"max-snippet:-1","max-image-preview":"max-image-preview:large","max-video-preview":"max-video-preview:-1"},"canonical":"https:\/\/portugalagent.com\/sv\/skatt-pension-och-nhr-i-portugal\/","og_locale":"sv_SE","og_type":"article","og_title":"Skatt, pension och NHR i Portugal - Portugal Agent","og_description":"Uppdaterat 2020-01-22 Nu verkar det ske f\u00f6r\u00e4ndringar i dubbelbeskattningsavtalet mellan Portugal och Sverige. Under vecka 4 (\u00e5r 2020) spreds nyheten att Portugals regering \u00f6verv\u00e4ger att inf\u00f6ra en skatt om 10% (kan bli l\u00e4gre) p\u00e5 utl\u00e4ndska pensioner f\u00f6r nya individer som flyttar till Portugal. Man \u00f6verv\u00e4ger ocks\u00e5 att inf\u00f6ra en minimidebitering om 7.500 EURO per \u00e5r. [&hellip;]","og_url":"https:\/\/portugalagent.com\/sv\/skatt-pension-och-nhr-i-portugal\/","og_site_name":"Portugal Agent","article_published_time":"2020-01-22T00:00:00+00:00","article_modified_time":"2020-03-05T10:29:35+00:00","og_image":[{"width":2048,"height":1536,"url":"https:\/\/portugalagent.com\/wp-content\/uploads\/2020\/01\/IMG_8249-1.jpg","type":"image\/jpeg"}],"author":"info@imonazare.pt","twitter_card":"summary_large_image","twitter_misc":{"Skriven av":"info@imonazare.pt","Ber\u00e4knad l\u00e4stid":"3 minuter"},"schema":{"@context":"https:\/\/schema.org","@graph":[{"@type":"Article","@id":"https:\/\/portugalagent.com\/sv\/skatt-pension-och-nhr-i-portugal\/#article","isPartOf":{"@id":"https:\/\/portugalagent.com\/sv\/skatt-pension-och-nhr-i-portugal\/"},"author":{"name":"info@imonazare.pt","@id":"https:\/\/portugalagent.com\/sv\/#\/schema\/person\/c6c7df322d2649cc7a1e8dc30315710c"},"headline":"Skatt, pension och NHR i Portugal","datePublished":"2020-01-22T00:00:00+00:00","dateModified":"2020-03-05T10:29:35+00:00","mainEntityOfPage":{"@id":"https:\/\/portugalagent.com\/sv\/skatt-pension-och-nhr-i-portugal\/"},"wordCount":613,"commentCount":0,"publisher":{"@id":"https:\/\/portugalagent.com\/sv\/#organization"},"articleSection":["news","Nyheter"],"inLanguage":"sv-SE","potentialAction":[{"@type":"CommentAction","name":"Comment","target":["https:\/\/portugalagent.com\/sv\/skatt-pension-och-nhr-i-portugal\/#respond"]}]},{"@type":"WebPage","@id":"https:\/\/portugalagent.com\/sv\/skatt-pension-och-nhr-i-portugal\/","url":"https:\/\/portugalagent.com\/sv\/skatt-pension-och-nhr-i-portugal\/","name":"Skatt, pension och NHR i Portugal - Portugal Agent","isPartOf":{"@id":"https:\/\/portugalagent.com\/sv\/#website"},"datePublished":"2020-01-22T00:00:00+00:00","dateModified":"2020-03-05T10:29:35+00:00","breadcrumb":{"@id":"https:\/\/portugalagent.com\/sv\/skatt-pension-och-nhr-i-portugal\/#breadcrumb"},"inLanguage":"sv-SE","potentialAction":[{"@type":"ReadAction","target":["https:\/\/portugalagent.com\/sv\/skatt-pension-och-nhr-i-portugal\/"]}]},{"@type":"BreadcrumbList","@id":"https:\/\/portugalagent.com\/sv\/skatt-pension-och-nhr-i-portugal\/#breadcrumb","itemListElement":[{"@type":"ListItem","position":1,"name":"Home","item":"https:\/\/portugalagent.com\/sv\/"},{"@type":"ListItem","position":2,"name":"Skatt, pension och NHR i Portugal"}]},{"@type":"WebSite","@id":"https:\/\/portugalagent.com\/sv\/#website","url":"https:\/\/portugalagent.com\/sv\/","name":"Portugal Agent","description":"","publisher":{"@id":"https:\/\/portugalagent.com\/sv\/#organization"},"potentialAction":[{"@type":"SearchAction","target":{"@type":"EntryPoint","urlTemplate":"https:\/\/portugalagent.com\/sv\/?s={search_term_string}"},"query-input":"required name=search_term_string"}],"inLanguage":"sv-SE"},{"@type":"Organization","@id":"https:\/\/portugalagent.com\/sv\/#organization","name":"Portugal Agent","url":"https:\/\/portugalagent.com\/sv\/","logo":{"@type":"ImageObject","inLanguage":"sv-SE","@id":"https:\/\/portugalagent.com\/sv\/#\/schema\/logo\/image\/","url":"https:\/\/portugalagent.com\/wp-content\/uploads\/2020\/11\/portugalagent.svg","contentUrl":"https:\/\/portugalagent.com\/wp-content\/uploads\/2020\/11\/portugalagent.svg","caption":"Portugal Agent"},"image":{"@id":"https:\/\/portugalagent.com\/sv\/#\/schema\/logo\/image\/"}},{"@type":"Person","@id":"https:\/\/portugalagent.com\/sv\/#\/schema\/person\/c6c7df322d2649cc7a1e8dc30315710c","name":"info@imonazare.pt","image":{"@type":"ImageObject","inLanguage":"sv-SE","@id":"https:\/\/portugalagent.com\/sv\/#\/schema\/person\/image\/","url":"https:\/\/secure.gravatar.com\/avatar\/7639f7443397461ac5688ed1f026f318?s=96&d=mm&r=g","contentUrl":"https:\/\/secure.gravatar.com\/avatar\/7639f7443397461ac5688ed1f026f318?s=96&d=mm&r=g","caption":"info@imonazare.pt"},"sameAs":["niklas@portugalagent.com"],"url":"https:\/\/portugalagent.com\/sv\/author\/infoimonazare-pt\/"}]}},"_links":{"self":[{"href":"https:\/\/portugalagent.com\/sv\/wp-json\/wp\/v2\/posts\/41345"}],"collection":[{"href":"https:\/\/portugalagent.com\/sv\/wp-json\/wp\/v2\/posts"}],"about":[{"href":"https:\/\/portugalagent.com\/sv\/wp-json\/wp\/v2\/types\/post"}],"author":[{"embeddable":true,"href":"https:\/\/portugalagent.com\/sv\/wp-json\/wp\/v2\/users\/6"}],"replies":[{"embeddable":true,"href":"https:\/\/portugalagent.com\/sv\/wp-json\/wp\/v2\/comments?post=41345"}],"version-history":[{"count":3,"href":"https:\/\/portugalagent.com\/sv\/wp-json\/wp\/v2\/posts\/41345\/revisions"}],"predecessor-version":[{"id":44765,"href":"https:\/\/portugalagent.com\/sv\/wp-json\/wp\/v2\/posts\/41345\/revisions\/44765"}],"wp:featuredmedia":[{"embeddable":true,"href":"https:\/\/portugalagent.com\/sv\/wp-json\/wp\/v2\/media\/41611"}],"wp:attachment":[{"href":"https:\/\/portugalagent.com\/sv\/wp-json\/wp\/v2\/media?parent=41345"}],"wp:term":[{"taxonomy":"category","embeddable":true,"href":"https:\/\/portugalagent.com\/sv\/wp-json\/wp\/v2\/categories?post=41345"},{"taxonomy":"post_tag","embeddable":true,"href":"https:\/\/portugalagent.com\/sv\/wp-json\/wp\/v2\/tags?post=41345"}],"curies":[{"name":"wp","href":"https:\/\/api.w.org\/{rel}","templated":true}]}}