{"id":41321,"date":"2019-07-26T00:00:00","date_gmt":"2019-07-26T00:00:00","guid":{"rendered":"https:\/\/www.go4digital-web.pt\/dev\/portugalagent\/hostens-visningsresa-till-silverkusten\/"},"modified":"2020-03-05T12:03:36","modified_gmt":"2020-03-05T12:03:36","slug":"hostens-visningsresa-till-silverkusten","status":"publish","type":"post","link":"https:\/\/portugalagent.com\/sv\/hostens-visningsresa-till-silverkusten\/","title":{"rendered":"H\u00f6stens visningsresa till Silverkusten"},"content":{"rendered":"<p>Missa inte v\u00e5r visningsresa till Nazar\u00e9, Silverkusten och Portugal nu i oktober 2019. I dagarna tre kommer du f\u00e5 mycket v\u00e4rdefull information om Silverkusten och Nazar\u00e9. Det blir allm\u00e4n information om k\u00f6pprocessen och omr\u00e5den men kanske framf\u00f6rallt om livet h\u00e4r p\u00e5 Silverkusten. Kari och jag bor h\u00e4r sedan 2017 och vi har flera svenska kompisar som bott h\u00e4r flera \u00e5r l\u00e4ngre \u00e4n vi. tag chansen att k\u00e4nna in den fina atmosf\u00e4ren i Nazar\u00e9 p\u00e5 egen hand &#8211; med lite hj\u00e4lp och v\u00e4gledning av oss och v\u00e5ra portugisiska kollegor.<\/p>\n<p><strong>Visningsresa till Silverkusten och Nazar\u00e9 h\u00f6sten 2019<\/strong><\/p>\n<ul>\n<li>\n<h5><strong>19 \u2013 23 oktober.<\/strong>\u00a0H\u00f6sten \u00e4r b\u00e4sta perioden i Nazar\u00e9!<\/h5>\n<\/li>\n<\/ul>\n<p>I korthet: Dagarna 20, 21 och 22 oktober \u00e4r hela visningsdagar med rundresor, seminarier och vissa gemensamma m\u00e5ltider. 19 och 23 oktober \u00e4r t\u00e4nkta som resdagar men du kan givetvis komma tidigare eller l\u00e4mna Nazar\u00e9 senare om du vill.<\/p>\n<p>Intresserad? Skriv ett mejl till Kari Fors\u00e9n eller Niklas Fors\u00e9n.<br \/>\nEller ring!<br \/>\nTel (Kari): +46-70-910 95 60. Mejl:\u00a0<a href=\"mailto:kari@portugalagent.com\">kari@portugalagent.com\u00a0<\/a><br \/>\nTel (Niklas): +46-70-592 60 76. Mejl:\u00a0<strong><a href=\"mailto:niklas@portugalagent.com\">niklas@portugalagent.com<\/a><\/strong><\/p>\n<p>Fullst\u00e4ndig information:<br \/>\n<a href=\"https:\/\/portugalagent.com\/darfor-portugalagent\/visningsresa-till-nazare-och-silverkusten-i-portugal\/?lang=sv\">Visningsresa Silverkusten &#8211; Portugal oktober 2019<\/a><\/p>\n","protected":false},"excerpt":{"rendered":"<p>Missa inte v\u00e5r visningsresa till Nazar\u00e9, Silverkusten och Portugal nu i oktober 2019. I dagarna tre kommer du f\u00e5 mycket v\u00e4rdefull information om Silverkusten och Nazar\u00e9. Det blir allm\u00e4n information om k\u00f6pprocessen och omr\u00e5den men kanske framf\u00f6rallt om livet h\u00e4r p\u00e5 Silverkusten. Kari och jag bor h\u00e4r sedan 2017 och vi har flera svenska kompisar [&hellip;]<\/p>\n","protected":false},"author":6,"featured_media":43563,"comment_status":"open","ping_status":"open","sticky":false,"template":"","format":"standard","meta":{"om_disable_all_campaigns":false,"_monsterinsights_skip_tracking":false,"_monsterinsights_sitenote_active":false,"_monsterinsights_sitenote_note":"","_monsterinsights_sitenote_category":0},"categories":[30,18],"tags":[],"aioseo_notices":[],"yoast_head":"<!-- This site is optimized with the Yoast SEO plugin v19.10 - https:\/\/yoast.com\/wordpress\/plugins\/seo\/ -->\n<title>H\u00f6stens visningsresa till Silverkusten - Portugal Agent<\/title>\n<meta name=\"robots\" content=\"index, follow, max-snippet:-1, max-image-preview:large, max-video-preview:-1\" \/>\n<link rel=\"canonical\" href=\"https:\/\/portugalagent.com\/sv\/hostens-visningsresa-till-silverkusten\/\" \/>\n<meta property=\"og:locale\" content=\"sv_SE\" \/>\n<meta property=\"og:type\" content=\"article\" \/>\n<meta property=\"og:title\" content=\"H\u00f6stens visningsresa till Silverkusten - Portugal Agent\" \/>\n<meta property=\"og:description\" content=\"Missa inte v\u00e5r visningsresa till Nazar\u00e9, Silverkusten och Portugal nu i oktober 2019. I dagarna tre kommer du f\u00e5 mycket v\u00e4rdefull information om Silverkusten och Nazar\u00e9. Det blir allm\u00e4n information om k\u00f6pprocessen och omr\u00e5den men kanske framf\u00f6rallt om livet h\u00e4r p\u00e5 Silverkusten. Kari och jag bor h\u00e4r sedan 2017 och vi har flera svenska kompisar [&hellip;]\" \/>\n<meta property=\"og:url\" content=\"https:\/\/portugalagent.com\/sv\/hostens-visningsresa-till-silverkusten\/\" \/>\n<meta property=\"og:site_name\" content=\"Portugal Agent\" \/>\n<meta property=\"article:published_time\" content=\"2019-07-26T00:00:00+00:00\" \/>\n<meta property=\"article:modified_time\" content=\"2020-03-05T12:03:36+00:00\" \/>\n<meta property=\"og:image\" content=\"https:\/\/portugalagent.com\/wp-content\/uploads\/2019\/07\/IMG_3785FBNET.jpg?v=1583321022\" \/>\n\t<meta property=\"og:image:width\" content=\"1800\" \/>\n\t<meta property=\"og:image:height\" content=\"1350\" \/>\n\t<meta property=\"og:image:type\" content=\"image\/jpeg\" \/>\n<meta name=\"author\" content=\"info@imonazare.pt\" \/>\n<meta name=\"twitter:card\" content=\"summary_large_image\" \/>\n<meta name=\"twitter:label1\" content=\"Skriven av\" \/>\n\t<meta name=\"twitter:data1\" content=\"info@imonazare.pt\" \/>\n\t<meta name=\"twitter:label2\" content=\"Ber\u00e4knad l\u00e4stid\" \/>\n\t<meta name=\"twitter:data2\" content=\"1 minut\" \/>\n<script type=\"application\/ld+json\" class=\"yoast-schema-graph\">{\"@context\":\"https:\/\/schema.org\",\"@graph\":[{\"@type\":\"Article\",\"@id\":\"https:\/\/portugalagent.com\/sv\/hostens-visningsresa-till-silverkusten\/#article\",\"isPartOf\":{\"@id\":\"https:\/\/portugalagent.com\/sv\/hostens-visningsresa-till-silverkusten\/\"},\"author\":{\"name\":\"info@imonazare.pt\",\"@id\":\"https:\/\/portugalagent.com\/sv\/#\/schema\/person\/c6c7df322d2649cc7a1e8dc30315710c\"},\"headline\":\"H\u00f6stens visningsresa till Silverkusten\",\"datePublished\":\"2019-07-26T00:00:00+00:00\",\"dateModified\":\"2020-03-05T12:03:36+00:00\",\"mainEntityOfPage\":{\"@id\":\"https:\/\/portugalagent.com\/sv\/hostens-visningsresa-till-silverkusten\/\"},\"wordCount\":197,\"commentCount\":0,\"publisher\":{\"@id\":\"https:\/\/portugalagent.com\/sv\/#organization\"},\"articleSection\":[\"news\",\"Nyheter\"],\"inLanguage\":\"sv-SE\",\"potentialAction\":[{\"@type\":\"CommentAction\",\"name\":\"Comment\",\"target\":[\"https:\/\/portugalagent.com\/sv\/hostens-visningsresa-till-silverkusten\/#respond\"]}]},{\"@type\":\"WebPage\",\"@id\":\"https:\/\/portugalagent.com\/sv\/hostens-visningsresa-till-silverkusten\/\",\"url\":\"https:\/\/portugalagent.com\/sv\/hostens-visningsresa-till-silverkusten\/\",\"name\":\"H\u00f6stens visningsresa till Silverkusten - Portugal Agent\",\"isPartOf\":{\"@id\":\"https:\/\/portugalagent.com\/sv\/#website\"},\"datePublished\":\"2019-07-26T00:00:00+00:00\",\"dateModified\":\"2020-03-05T12:03:36+00:00\",\"breadcrumb\":{\"@id\":\"https:\/\/portugalagent.com\/sv\/hostens-visningsresa-till-silverkusten\/#breadcrumb\"},\"inLanguage\":\"sv-SE\",\"potentialAction\":[{\"@type\":\"ReadAction\",\"target\":[\"https:\/\/portugalagent.com\/sv\/hostens-visningsresa-till-silverkusten\/\"]}]},{\"@type\":\"BreadcrumbList\",\"@id\":\"https:\/\/portugalagent.com\/sv\/hostens-visningsresa-till-silverkusten\/#breadcrumb\",\"itemListElement\":[{\"@type\":\"ListItem\",\"position\":1,\"name\":\"Home\",\"item\":\"https:\/\/portugalagent.com\/sv\/\"},{\"@type\":\"ListItem\",\"position\":2,\"name\":\"H\u00f6stens visningsresa till Silverkusten\"}]},{\"@type\":\"WebSite\",\"@id\":\"https:\/\/portugalagent.com\/sv\/#website\",\"url\":\"https:\/\/portugalagent.com\/sv\/\",\"name\":\"Portugal Agent\",\"description\":\"\",\"publisher\":{\"@id\":\"https:\/\/portugalagent.com\/sv\/#organization\"},\"potentialAction\":[{\"@type\":\"SearchAction\",\"target\":{\"@type\":\"EntryPoint\",\"urlTemplate\":\"https:\/\/portugalagent.com\/sv\/?s={search_term_string}\"},\"query-input\":\"required name=search_term_string\"}],\"inLanguage\":\"sv-SE\"},{\"@type\":\"Organization\",\"@id\":\"https:\/\/portugalagent.com\/sv\/#organization\",\"name\":\"Portugal Agent\",\"url\":\"https:\/\/portugalagent.com\/sv\/\",\"logo\":{\"@type\":\"ImageObject\",\"inLanguage\":\"sv-SE\",\"@id\":\"https:\/\/portugalagent.com\/sv\/#\/schema\/logo\/image\/\",\"url\":\"https:\/\/portugalagent.com\/wp-content\/uploads\/2020\/11\/portugalagent.svg\",\"contentUrl\":\"https:\/\/portugalagent.com\/wp-content\/uploads\/2020\/11\/portugalagent.svg\",\"caption\":\"Portugal Agent\"},\"image\":{\"@id\":\"https:\/\/portugalagent.com\/sv\/#\/schema\/logo\/image\/\"}},{\"@type\":\"Person\",\"@id\":\"https:\/\/portugalagent.com\/sv\/#\/schema\/person\/c6c7df322d2649cc7a1e8dc30315710c\",\"name\":\"info@imonazare.pt\",\"image\":{\"@type\":\"ImageObject\",\"inLanguage\":\"sv-SE\",\"@id\":\"https:\/\/portugalagent.com\/sv\/#\/schema\/person\/image\/\",\"url\":\"https:\/\/secure.gravatar.com\/avatar\/7639f7443397461ac5688ed1f026f318?s=96&d=mm&r=g\",\"contentUrl\":\"https:\/\/secure.gravatar.com\/avatar\/7639f7443397461ac5688ed1f026f318?s=96&d=mm&r=g\",\"caption\":\"info@imonazare.pt\"},\"sameAs\":[\"niklas@portugalagent.com\"],\"url\":\"https:\/\/portugalagent.com\/sv\/author\/infoimonazare-pt\/\"}]}<\/script>\n<!-- \/ Yoast SEO plugin. -->","yoast_head_json":{"title":"H\u00f6stens visningsresa till Silverkusten - Portugal Agent","robots":{"index":"index","follow":"follow","max-snippet":"max-snippet:-1","max-image-preview":"max-image-preview:large","max-video-preview":"max-video-preview:-1"},"canonical":"https:\/\/portugalagent.com\/sv\/hostens-visningsresa-till-silverkusten\/","og_locale":"sv_SE","og_type":"article","og_title":"H\u00f6stens visningsresa till Silverkusten - Portugal Agent","og_description":"Missa inte v\u00e5r visningsresa till Nazar\u00e9, Silverkusten och Portugal nu i oktober 2019. I dagarna tre kommer du f\u00e5 mycket v\u00e4rdefull information om Silverkusten och Nazar\u00e9. Det blir allm\u00e4n information om k\u00f6pprocessen och omr\u00e5den men kanske framf\u00f6rallt om livet h\u00e4r p\u00e5 Silverkusten. Kari och jag bor h\u00e4r sedan 2017 och vi har flera svenska kompisar [&hellip;]","og_url":"https:\/\/portugalagent.com\/sv\/hostens-visningsresa-till-silverkusten\/","og_site_name":"Portugal Agent","article_published_time":"2019-07-26T00:00:00+00:00","article_modified_time":"2020-03-05T12:03:36+00:00","og_image":[{"width":1800,"height":1350,"url":"https:\/\/portugalagent.com\/wp-content\/uploads\/2019\/07\/IMG_3785FBNET.jpg?v=1583321022","type":"image\/jpeg"}],"author":"info@imonazare.pt","twitter_card":"summary_large_image","twitter_misc":{"Skriven av":"info@imonazare.pt","Ber\u00e4knad l\u00e4stid":"1 minut"},"schema":{"@context":"https:\/\/schema.org","@graph":[{"@type":"Article","@id":"https:\/\/portugalagent.com\/sv\/hostens-visningsresa-till-silverkusten\/#article","isPartOf":{"@id":"https:\/\/portugalagent.com\/sv\/hostens-visningsresa-till-silverkusten\/"},"author":{"name":"info@imonazare.pt","@id":"https:\/\/portugalagent.com\/sv\/#\/schema\/person\/c6c7df322d2649cc7a1e8dc30315710c"},"headline":"H\u00f6stens visningsresa till Silverkusten","datePublished":"2019-07-26T00:00:00+00:00","dateModified":"2020-03-05T12:03:36+00:00","mainEntityOfPage":{"@id":"https:\/\/portugalagent.com\/sv\/hostens-visningsresa-till-silverkusten\/"},"wordCount":197,"commentCount":0,"publisher":{"@id":"https:\/\/portugalagent.com\/sv\/#organization"},"articleSection":["news","Nyheter"],"inLanguage":"sv-SE","potentialAction":[{"@type":"CommentAction","name":"Comment","target":["https:\/\/portugalagent.com\/sv\/hostens-visningsresa-till-silverkusten\/#respond"]}]},{"@type":"WebPage","@id":"https:\/\/portugalagent.com\/sv\/hostens-visningsresa-till-silverkusten\/","url":"https:\/\/portugalagent.com\/sv\/hostens-visningsresa-till-silverkusten\/","name":"H\u00f6stens visningsresa till Silverkusten - Portugal Agent","isPartOf":{"@id":"https:\/\/portugalagent.com\/sv\/#website"},"datePublished":"2019-07-26T00:00:00+00:00","dateModified":"2020-03-05T12:03:36+00:00","breadcrumb":{"@id":"https:\/\/portugalagent.com\/sv\/hostens-visningsresa-till-silverkusten\/#breadcrumb"},"inLanguage":"sv-SE","potentialAction":[{"@type":"ReadAction","target":["https:\/\/portugalagent.com\/sv\/hostens-visningsresa-till-silverkusten\/"]}]},{"@type":"BreadcrumbList","@id":"https:\/\/portugalagent.com\/sv\/hostens-visningsresa-till-silverkusten\/#breadcrumb","itemListElement":[{"@type":"ListItem","position":1,"name":"Home","item":"https:\/\/portugalagent.com\/sv\/"},{"@type":"ListItem","position":2,"name":"H\u00f6stens visningsresa till Silverkusten"}]},{"@type":"WebSite","@id":"https:\/\/portugalagent.com\/sv\/#website","url":"https:\/\/portugalagent.com\/sv\/","name":"Portugal Agent","description":"","publisher":{"@id":"https:\/\/portugalagent.com\/sv\/#organization"},"potentialAction":[{"@type":"SearchAction","target":{"@type":"EntryPoint","urlTemplate":"https:\/\/portugalagent.com\/sv\/?s={search_term_string}"},"query-input":"required name=search_term_string"}],"inLanguage":"sv-SE"},{"@type":"Organization","@id":"https:\/\/portugalagent.com\/sv\/#organization","name":"Portugal Agent","url":"https:\/\/portugalagent.com\/sv\/","logo":{"@type":"ImageObject","inLanguage":"sv-SE","@id":"https:\/\/portugalagent.com\/sv\/#\/schema\/logo\/image\/","url":"https:\/\/portugalagent.com\/wp-content\/uploads\/2020\/11\/portugalagent.svg","contentUrl":"https:\/\/portugalagent.com\/wp-content\/uploads\/2020\/11\/portugalagent.svg","caption":"Portugal Agent"},"image":{"@id":"https:\/\/portugalagent.com\/sv\/#\/schema\/logo\/image\/"}},{"@type":"Person","@id":"https:\/\/portugalagent.com\/sv\/#\/schema\/person\/c6c7df322d2649cc7a1e8dc30315710c","name":"info@imonazare.pt","image":{"@type":"ImageObject","inLanguage":"sv-SE","@id":"https:\/\/portugalagent.com\/sv\/#\/schema\/person\/image\/","url":"https:\/\/secure.gravatar.com\/avatar\/7639f7443397461ac5688ed1f026f318?s=96&d=mm&r=g","contentUrl":"https:\/\/secure.gravatar.com\/avatar\/7639f7443397461ac5688ed1f026f318?s=96&d=mm&r=g","caption":"info@imonazare.pt"},"sameAs":["niklas@portugalagent.com"],"url":"https:\/\/portugalagent.com\/sv\/author\/infoimonazare-pt\/"}]}},"_links":{"self":[{"href":"https:\/\/portugalagent.com\/sv\/wp-json\/wp\/v2\/posts\/41321"}],"collection":[{"href":"https:\/\/portugalagent.com\/sv\/wp-json\/wp\/v2\/posts"}],"about":[{"href":"https:\/\/portugalagent.com\/sv\/wp-json\/wp\/v2\/types\/post"}],"author":[{"embeddable":true,"href":"https:\/\/portugalagent.com\/sv\/wp-json\/wp\/v2\/users\/6"}],"replies":[{"embeddable":true,"href":"https:\/\/portugalagent.com\/sv\/wp-json\/wp\/v2\/comments?post=41321"}],"version-history":[{"count":3,"href":"https:\/\/portugalagent.com\/sv\/wp-json\/wp\/v2\/posts\/41321\/revisions"}],"predecessor-version":[{"id":44774,"href":"https:\/\/portugalagent.com\/sv\/wp-json\/wp\/v2\/posts\/41321\/revisions\/44774"}],"wp:featuredmedia":[{"embeddable":true,"href":"https:\/\/portugalagent.com\/sv\/wp-json\/wp\/v2\/media\/43563"}],"wp:attachment":[{"href":"https:\/\/portugalagent.com\/sv\/wp-json\/wp\/v2\/media?parent=41321"}],"wp:term":[{"taxonomy":"category","embeddable":true,"href":"https:\/\/portugalagent.com\/sv\/wp-json\/wp\/v2\/categories?post=41321"},{"taxonomy":"post_tag","embeddable":true,"href":"https:\/\/portugalagent.com\/sv\/wp-json\/wp\/v2\/tags?post=41321"}],"curies":[{"name":"wp","href":"https:\/\/api.w.org\/{rel}","templated":true}]}}