{"id":41302,"date":"2019-03-03T00:00:00","date_gmt":"2019-03-03T00:00:00","guid":{"rendered":"https:\/\/www.go4digital-web.pt\/dev\/portugalagent\/i-portugal-lyckas-socialisterna\/"},"modified":"2020-03-04T12:27:57","modified_gmt":"2020-03-04T12:27:57","slug":"i-portugal-lyckas-socialisterna","status":"publish","type":"post","link":"https:\/\/portugalagent.com\/sv\/i-portugal-lyckas-socialisterna\/","title":{"rendered":"I Portugal lyckas socialisterna"},"content":{"rendered":"<p>Stefan F\u00f6lster skrev en kr\u00f6nika i Svenska Dagbladet s\u00f6ndagen 3 mars 2019. En kort och koncis hyllning till lyckad politik i Portugal. &nbsp;L\u00e4s g\u00e4rna hela kr\u00f6nikan p\u00e5 l\u00e4nken nedan. H\u00e4r f\u00f6ljer bara n\u00e5gra citat direkt tagna ur texten.<\/p>\n<p>\u201dN\u00e5gra h\u00f6gerpopulister finns knappt. Ett upprop nyligen f\u00f6r gula v\u00e4star-demonstrationer av franskt snitt lj\u00f6d f\u00f6r d\u00f6va \u00f6ron. Knappt tv\u00e5 dussin stackare d\u00f6k upp.\u201d<\/p>\n<p>\u201dDen pragmatiska ekonomiska politiken f\u00f6rklarar varf\u00f6r Portugals ekonomi och syssels\u00e4ttning v\u00e4xer s\u00e5 mycket mer \u00e4n exempelvis Italiens eller Greklands.\u201d<\/p>\n<p>\u201dPortugal hade 27 knarkd\u00f6da \u00e5r 2017. Sverige, med ungef\u00e4r lika m\u00e5nga inv\u00e5nare, men en rigid inst\u00e4llning till droger och stora brister i v\u00e5rden, landade p\u00e5 600 knarkd\u00f6da, plus skjutningar mellan knarkkarteller.\u201d<\/p>\n<p>L\u00e4s hela kr\u00f6nikan h\u00e4r: <a href=\"https:\/\/www.svd.se\/har-lyckas-socialisterna\">Stefan F\u00f6lster i Svd 3 mars 2019<\/a><\/p>\n<p>V\u00e4lkommen till Portugal. Ett land att uppskatta och trivas i!<\/p>\n<p>&nbsp;<\/p>\n","protected":false},"excerpt":{"rendered":"<p>Stefan F\u00f6lster skrev en kr\u00f6nika i Svenska Dagbladet s\u00f6ndagen 3 mars 2019. En kort och koncis hyllning till lyckad politik i Portugal. &nbsp;L\u00e4s g\u00e4rna hela kr\u00f6nikan p\u00e5 l\u00e4nken nedan. H\u00e4r f\u00f6ljer bara n\u00e5gra citat direkt tagna ur texten. \u201dN\u00e5gra h\u00f6gerpopulister finns knappt. Ett upprop nyligen f\u00f6r gula v\u00e4star-demonstrationer av franskt snitt lj\u00f6d f\u00f6r d\u00f6va \u00f6ron. [&hellip;]<\/p>\n","protected":false},"author":6,"featured_media":44128,"comment_status":"open","ping_status":"open","sticky":false,"template":"","format":"standard","meta":{"om_disable_all_campaigns":false,"_monsterinsights_skip_tracking":false,"_monsterinsights_sitenote_active":false,"_monsterinsights_sitenote_note":"","_monsterinsights_sitenote_category":0},"categories":[30],"tags":[],"aioseo_notices":[],"yoast_head":"<!-- This site is optimized with the Yoast SEO plugin v19.10 - https:\/\/yoast.com\/wordpress\/plugins\/seo\/ -->\n<title>I Portugal lyckas socialisterna - Portugal Agent<\/title>\n<meta name=\"robots\" content=\"index, follow, max-snippet:-1, max-image-preview:large, max-video-preview:-1\" \/>\n<link rel=\"canonical\" href=\"https:\/\/portugalagent.com\/sv\/i-portugal-lyckas-socialisterna\/\" \/>\n<meta property=\"og:locale\" content=\"sv_SE\" \/>\n<meta property=\"og:type\" content=\"article\" \/>\n<meta property=\"og:title\" content=\"I Portugal lyckas socialisterna - Portugal Agent\" \/>\n<meta property=\"og:description\" content=\"Stefan F\u00f6lster skrev en kr\u00f6nika i Svenska Dagbladet s\u00f6ndagen 3 mars 2019. En kort och koncis hyllning till lyckad politik i Portugal. &nbsp;L\u00e4s g\u00e4rna hela kr\u00f6nikan p\u00e5 l\u00e4nken nedan. H\u00e4r f\u00f6ljer bara n\u00e5gra citat direkt tagna ur texten. \u201dN\u00e5gra h\u00f6gerpopulister finns knappt. Ett upprop nyligen f\u00f6r gula v\u00e4star-demonstrationer av franskt snitt lj\u00f6d f\u00f6r d\u00f6va \u00f6ron. [&hellip;]\" \/>\n<meta property=\"og:url\" content=\"https:\/\/portugalagent.com\/sv\/i-portugal-lyckas-socialisterna\/\" \/>\n<meta property=\"og:site_name\" content=\"Portugal Agent\" \/>\n<meta property=\"article:published_time\" content=\"2019-03-03T00:00:00+00:00\" \/>\n<meta property=\"article:modified_time\" content=\"2020-03-04T12:27:57+00:00\" \/>\n<meta property=\"og:image\" content=\"https:\/\/portugalagent.com\/wp-content\/uploads\/2019\/03\/DSC_7895NET.jpg?v=1583324864\" \/>\n\t<meta property=\"og:image:width\" content=\"1500\" \/>\n\t<meta property=\"og:image:height\" content=\"1001\" \/>\n\t<meta property=\"og:image:type\" content=\"image\/jpeg\" \/>\n<meta name=\"author\" content=\"info@imonazare.pt\" \/>\n<meta name=\"twitter:card\" content=\"summary_large_image\" \/>\n<meta name=\"twitter:label1\" content=\"Skriven av\" \/>\n\t<meta name=\"twitter:data1\" content=\"info@imonazare.pt\" \/>\n\t<meta name=\"twitter:label2\" content=\"Ber\u00e4knad l\u00e4stid\" \/>\n\t<meta name=\"twitter:data2\" content=\"1 minut\" \/>\n<script type=\"application\/ld+json\" class=\"yoast-schema-graph\">{\"@context\":\"https:\/\/schema.org\",\"@graph\":[{\"@type\":\"Article\",\"@id\":\"https:\/\/portugalagent.com\/sv\/i-portugal-lyckas-socialisterna\/#article\",\"isPartOf\":{\"@id\":\"https:\/\/portugalagent.com\/sv\/i-portugal-lyckas-socialisterna\/\"},\"author\":{\"name\":\"info@imonazare.pt\",\"@id\":\"https:\/\/portugalagent.com\/sv\/#\/schema\/person\/c6c7df322d2649cc7a1e8dc30315710c\"},\"headline\":\"I Portugal lyckas socialisterna\",\"datePublished\":\"2019-03-03T00:00:00+00:00\",\"dateModified\":\"2020-03-04T12:27:57+00:00\",\"mainEntityOfPage\":{\"@id\":\"https:\/\/portugalagent.com\/sv\/i-portugal-lyckas-socialisterna\/\"},\"wordCount\":165,\"commentCount\":0,\"publisher\":{\"@id\":\"https:\/\/portugalagent.com\/sv\/#organization\"},\"articleSection\":[\"news\"],\"inLanguage\":\"sv-SE\",\"potentialAction\":[{\"@type\":\"CommentAction\",\"name\":\"Comment\",\"target\":[\"https:\/\/portugalagent.com\/sv\/i-portugal-lyckas-socialisterna\/#respond\"]}]},{\"@type\":\"WebPage\",\"@id\":\"https:\/\/portugalagent.com\/sv\/i-portugal-lyckas-socialisterna\/\",\"url\":\"https:\/\/portugalagent.com\/sv\/i-portugal-lyckas-socialisterna\/\",\"name\":\"I Portugal lyckas socialisterna - Portugal Agent\",\"isPartOf\":{\"@id\":\"https:\/\/portugalagent.com\/sv\/#website\"},\"datePublished\":\"2019-03-03T00:00:00+00:00\",\"dateModified\":\"2020-03-04T12:27:57+00:00\",\"breadcrumb\":{\"@id\":\"https:\/\/portugalagent.com\/sv\/i-portugal-lyckas-socialisterna\/#breadcrumb\"},\"inLanguage\":\"sv-SE\",\"potentialAction\":[{\"@type\":\"ReadAction\",\"target\":[\"https:\/\/portugalagent.com\/sv\/i-portugal-lyckas-socialisterna\/\"]}]},{\"@type\":\"BreadcrumbList\",\"@id\":\"https:\/\/portugalagent.com\/sv\/i-portugal-lyckas-socialisterna\/#breadcrumb\",\"itemListElement\":[{\"@type\":\"ListItem\",\"position\":1,\"name\":\"Home\",\"item\":\"https:\/\/portugalagent.com\/sv\/\"},{\"@type\":\"ListItem\",\"position\":2,\"name\":\"I Portugal lyckas socialisterna\"}]},{\"@type\":\"WebSite\",\"@id\":\"https:\/\/portugalagent.com\/sv\/#website\",\"url\":\"https:\/\/portugalagent.com\/sv\/\",\"name\":\"Portugal Agent\",\"description\":\"\",\"publisher\":{\"@id\":\"https:\/\/portugalagent.com\/sv\/#organization\"},\"potentialAction\":[{\"@type\":\"SearchAction\",\"target\":{\"@type\":\"EntryPoint\",\"urlTemplate\":\"https:\/\/portugalagent.com\/sv\/?s={search_term_string}\"},\"query-input\":\"required name=search_term_string\"}],\"inLanguage\":\"sv-SE\"},{\"@type\":\"Organization\",\"@id\":\"https:\/\/portugalagent.com\/sv\/#organization\",\"name\":\"Portugal Agent\",\"url\":\"https:\/\/portugalagent.com\/sv\/\",\"logo\":{\"@type\":\"ImageObject\",\"inLanguage\":\"sv-SE\",\"@id\":\"https:\/\/portugalagent.com\/sv\/#\/schema\/logo\/image\/\",\"url\":\"https:\/\/portugalagent.com\/wp-content\/uploads\/2020\/11\/portugalagent.svg\",\"contentUrl\":\"https:\/\/portugalagent.com\/wp-content\/uploads\/2020\/11\/portugalagent.svg\",\"caption\":\"Portugal Agent\"},\"image\":{\"@id\":\"https:\/\/portugalagent.com\/sv\/#\/schema\/logo\/image\/\"}},{\"@type\":\"Person\",\"@id\":\"https:\/\/portugalagent.com\/sv\/#\/schema\/person\/c6c7df322d2649cc7a1e8dc30315710c\",\"name\":\"info@imonazare.pt\",\"image\":{\"@type\":\"ImageObject\",\"inLanguage\":\"sv-SE\",\"@id\":\"https:\/\/portugalagent.com\/sv\/#\/schema\/person\/image\/\",\"url\":\"https:\/\/secure.gravatar.com\/avatar\/7639f7443397461ac5688ed1f026f318?s=96&d=mm&r=g\",\"contentUrl\":\"https:\/\/secure.gravatar.com\/avatar\/7639f7443397461ac5688ed1f026f318?s=96&d=mm&r=g\",\"caption\":\"info@imonazare.pt\"},\"sameAs\":[\"niklas@portugalagent.com\"],\"url\":\"https:\/\/portugalagent.com\/sv\/author\/infoimonazare-pt\/\"}]}<\/script>\n<!-- \/ Yoast SEO plugin. -->","yoast_head_json":{"title":"I Portugal lyckas socialisterna - Portugal Agent","robots":{"index":"index","follow":"follow","max-snippet":"max-snippet:-1","max-image-preview":"max-image-preview:large","max-video-preview":"max-video-preview:-1"},"canonical":"https:\/\/portugalagent.com\/sv\/i-portugal-lyckas-socialisterna\/","og_locale":"sv_SE","og_type":"article","og_title":"I Portugal lyckas socialisterna - Portugal Agent","og_description":"Stefan F\u00f6lster skrev en kr\u00f6nika i Svenska Dagbladet s\u00f6ndagen 3 mars 2019. En kort och koncis hyllning till lyckad politik i Portugal. &nbsp;L\u00e4s g\u00e4rna hela kr\u00f6nikan p\u00e5 l\u00e4nken nedan. H\u00e4r f\u00f6ljer bara n\u00e5gra citat direkt tagna ur texten. \u201dN\u00e5gra h\u00f6gerpopulister finns knappt. Ett upprop nyligen f\u00f6r gula v\u00e4star-demonstrationer av franskt snitt lj\u00f6d f\u00f6r d\u00f6va \u00f6ron. [&hellip;]","og_url":"https:\/\/portugalagent.com\/sv\/i-portugal-lyckas-socialisterna\/","og_site_name":"Portugal Agent","article_published_time":"2019-03-03T00:00:00+00:00","article_modified_time":"2020-03-04T12:27:57+00:00","og_image":[{"width":1500,"height":1001,"url":"https:\/\/portugalagent.com\/wp-content\/uploads\/2019\/03\/DSC_7895NET.jpg?v=1583324864","type":"image\/jpeg"}],"author":"info@imonazare.pt","twitter_card":"summary_large_image","twitter_misc":{"Skriven av":"info@imonazare.pt","Ber\u00e4knad l\u00e4stid":"1 minut"},"schema":{"@context":"https:\/\/schema.org","@graph":[{"@type":"Article","@id":"https:\/\/portugalagent.com\/sv\/i-portugal-lyckas-socialisterna\/#article","isPartOf":{"@id":"https:\/\/portugalagent.com\/sv\/i-portugal-lyckas-socialisterna\/"},"author":{"name":"info@imonazare.pt","@id":"https:\/\/portugalagent.com\/sv\/#\/schema\/person\/c6c7df322d2649cc7a1e8dc30315710c"},"headline":"I Portugal lyckas socialisterna","datePublished":"2019-03-03T00:00:00+00:00","dateModified":"2020-03-04T12:27:57+00:00","mainEntityOfPage":{"@id":"https:\/\/portugalagent.com\/sv\/i-portugal-lyckas-socialisterna\/"},"wordCount":165,"commentCount":0,"publisher":{"@id":"https:\/\/portugalagent.com\/sv\/#organization"},"articleSection":["news"],"inLanguage":"sv-SE","potentialAction":[{"@type":"CommentAction","name":"Comment","target":["https:\/\/portugalagent.com\/sv\/i-portugal-lyckas-socialisterna\/#respond"]}]},{"@type":"WebPage","@id":"https:\/\/portugalagent.com\/sv\/i-portugal-lyckas-socialisterna\/","url":"https:\/\/portugalagent.com\/sv\/i-portugal-lyckas-socialisterna\/","name":"I Portugal lyckas socialisterna - Portugal Agent","isPartOf":{"@id":"https:\/\/portugalagent.com\/sv\/#website"},"datePublished":"2019-03-03T00:00:00+00:00","dateModified":"2020-03-04T12:27:57+00:00","breadcrumb":{"@id":"https:\/\/portugalagent.com\/sv\/i-portugal-lyckas-socialisterna\/#breadcrumb"},"inLanguage":"sv-SE","potentialAction":[{"@type":"ReadAction","target":["https:\/\/portugalagent.com\/sv\/i-portugal-lyckas-socialisterna\/"]}]},{"@type":"BreadcrumbList","@id":"https:\/\/portugalagent.com\/sv\/i-portugal-lyckas-socialisterna\/#breadcrumb","itemListElement":[{"@type":"ListItem","position":1,"name":"Home","item":"https:\/\/portugalagent.com\/sv\/"},{"@type":"ListItem","position":2,"name":"I Portugal lyckas socialisterna"}]},{"@type":"WebSite","@id":"https:\/\/portugalagent.com\/sv\/#website","url":"https:\/\/portugalagent.com\/sv\/","name":"Portugal Agent","description":"","publisher":{"@id":"https:\/\/portugalagent.com\/sv\/#organization"},"potentialAction":[{"@type":"SearchAction","target":{"@type":"EntryPoint","urlTemplate":"https:\/\/portugalagent.com\/sv\/?s={search_term_string}"},"query-input":"required name=search_term_string"}],"inLanguage":"sv-SE"},{"@type":"Organization","@id":"https:\/\/portugalagent.com\/sv\/#organization","name":"Portugal Agent","url":"https:\/\/portugalagent.com\/sv\/","logo":{"@type":"ImageObject","inLanguage":"sv-SE","@id":"https:\/\/portugalagent.com\/sv\/#\/schema\/logo\/image\/","url":"https:\/\/portugalagent.com\/wp-content\/uploads\/2020\/11\/portugalagent.svg","contentUrl":"https:\/\/portugalagent.com\/wp-content\/uploads\/2020\/11\/portugalagent.svg","caption":"Portugal Agent"},"image":{"@id":"https:\/\/portugalagent.com\/sv\/#\/schema\/logo\/image\/"}},{"@type":"Person","@id":"https:\/\/portugalagent.com\/sv\/#\/schema\/person\/c6c7df322d2649cc7a1e8dc30315710c","name":"info@imonazare.pt","image":{"@type":"ImageObject","inLanguage":"sv-SE","@id":"https:\/\/portugalagent.com\/sv\/#\/schema\/person\/image\/","url":"https:\/\/secure.gravatar.com\/avatar\/7639f7443397461ac5688ed1f026f318?s=96&d=mm&r=g","contentUrl":"https:\/\/secure.gravatar.com\/avatar\/7639f7443397461ac5688ed1f026f318?s=96&d=mm&r=g","caption":"info@imonazare.pt"},"sameAs":["niklas@portugalagent.com"],"url":"https:\/\/portugalagent.com\/sv\/author\/infoimonazare-pt\/"}]}},"_links":{"self":[{"href":"https:\/\/portugalagent.com\/sv\/wp-json\/wp\/v2\/posts\/41302"}],"collection":[{"href":"https:\/\/portugalagent.com\/sv\/wp-json\/wp\/v2\/posts"}],"about":[{"href":"https:\/\/portugalagent.com\/sv\/wp-json\/wp\/v2\/types\/post"}],"author":[{"embeddable":true,"href":"https:\/\/portugalagent.com\/sv\/wp-json\/wp\/v2\/users\/6"}],"replies":[{"embeddable":true,"href":"https:\/\/portugalagent.com\/sv\/wp-json\/wp\/v2\/comments?post=41302"}],"version-history":[{"count":2,"href":"https:\/\/portugalagent.com\/sv\/wp-json\/wp\/v2\/posts\/41302\/revisions"}],"predecessor-version":[{"id":44132,"href":"https:\/\/portugalagent.com\/sv\/wp-json\/wp\/v2\/posts\/41302\/revisions\/44132"}],"wp:featuredmedia":[{"embeddable":true,"href":"https:\/\/portugalagent.com\/sv\/wp-json\/wp\/v2\/media\/44128"}],"wp:attachment":[{"href":"https:\/\/portugalagent.com\/sv\/wp-json\/wp\/v2\/media?parent=41302"}],"wp:term":[{"taxonomy":"category","embeddable":true,"href":"https:\/\/portugalagent.com\/sv\/wp-json\/wp\/v2\/categories?post=41302"},{"taxonomy":"post_tag","embeddable":true,"href":"https:\/\/portugalagent.com\/sv\/wp-json\/wp\/v2\/tags?post=41302"}],"curies":[{"name":"wp","href":"https:\/\/api.w.org\/{rel}","templated":true}]}}