{"id":41301,"date":"2019-02-22T00:00:00","date_gmt":"2019-02-22T00:00:00","guid":{"rendered":"https:\/\/www.go4digital-web.pt\/dev\/portugalagent\/vagen-en-rullande-framgang-for-nazare\/"},"modified":"2020-03-04T12:30:23","modified_gmt":"2020-03-04T12:30:23","slug":"vagen-en-rullande-framgang-for-nazare","status":"publish","type":"post","link":"https:\/\/portugalagent.com\/sv\/vagen-en-rullande-framgang-for-nazare\/","title":{"rendered":"V\u00e5gen &#8211; en rullande framg\u00e5ng f\u00f6r Nazar\u00e9"},"content":{"rendered":"<p>Nazar\u00e9 \u00e4r en unik liten p\u00e4rla p\u00e5 Silverkusten. Som enda sm\u00e5stad p\u00e5 kusten i hela Portugal lockar Nazar\u00e9 bes\u00f6kare \u00e4ven vintertid utanf\u00f6r de vanliga helgerna s\u00e5som jul, ny\u00e5r, karnevalen och p\u00e5skhelgen. Det \u00e4r v\u00e5gen och framf\u00f6rallt de som surfar p\u00e5 de gigantiska v\u00e5gorna som drar publik, press, sponsorer och vanligt folk ut till Farol da Nazar\u00e9 \u00e4ven vintertid.<\/p>\n<p>Detta medf\u00f6r \u00f6kad efterfr\u00e5gan p\u00e5 boenden, restauranger och annat. Detta \u00e4r givetvis mycket gl\u00e4djande f\u00f6r alla som har en verksamhet i Nazar\u00e9 och f\u00f6r alla oss som har en bostad eller st\u00e5r i begrepp att k\u00f6pa en bostad i Nazar\u00e9. Nu g\u00e5r det att hyra ut f\u00f6r den som vill \u00e4ven vintertid. Det finns \u00e4ven ett \u00f6kat intresse fr\u00e5n surfarna, deras sponsorer och kamerateam att sj\u00e4lva k\u00f6pa bost\u00e4der i omr\u00e5det. \u00d6kad efterfr\u00e5gan driver som bekant pris. Och s\u00e5 l\u00e4nge v\u00e5gorna forts\u00e4tter att rulla in ser efterfr\u00e5gan vintertid ut att bara \u00f6ka och \u00f6ka.<\/p>\n<p><strong>Lite fakta och statistik<br \/>\n<\/strong>Bes\u00f6kare till fyren \u2013 s\u00e5lda biljetter<br \/>\n2017: 174.000<br \/>\n2018: 250.000<\/p>\n<p>Det \u00e4r en \u00f6kning med hela 42%<\/p>\n<p><strong>Och lite info fr\u00e5n turistbyr\u00e5n i Nazar\u00e9:<br \/>\n<\/strong>Ca 23.000 bes\u00f6kare fr\u00e5n 102 l\u00e4nder till turistbyr\u00e5n under 2018 f\u00f6rdelade p\u00e5 olika nationaliteter s\u00e5 h\u00e4r: Frankrike (28%); Spanien (22%); Portugal (11%); Brazilien (6%); Tyskland (5%); Italien (4%); Kanada (3.5%) och Belgien (3%). D\u00e4r Spanien; Brazilien och Tyskland utg\u00f6r de st\u00f6rsta \u00f6kningarna.<\/p>\n<p>&nbsp;<\/p>\n","protected":false},"excerpt":{"rendered":"<p>Nazar\u00e9 \u00e4r en unik liten p\u00e4rla p\u00e5 Silverkusten. Som enda sm\u00e5stad p\u00e5 kusten i hela Portugal lockar Nazar\u00e9 bes\u00f6kare \u00e4ven vintertid utanf\u00f6r de vanliga helgerna s\u00e5som jul, ny\u00e5r, karnevalen och p\u00e5skhelgen. Det \u00e4r v\u00e5gen och framf\u00f6rallt de som surfar p\u00e5 de gigantiska v\u00e5gorna som drar publik, press, sponsorer och vanligt folk ut till Farol da [&hellip;]<\/p>\n","protected":false},"author":6,"featured_media":44153,"comment_status":"open","ping_status":"open","sticky":false,"template":"","format":"standard","meta":{"om_disable_all_campaigns":false,"_monsterinsights_skip_tracking":false,"_monsterinsights_sitenote_active":false,"_monsterinsights_sitenote_note":"","_monsterinsights_sitenote_category":0},"categories":[26,21,30,18],"tags":[],"aioseo_notices":[],"yoast_head":"<!-- This site is optimized with the Yoast SEO plugin v19.10 - https:\/\/yoast.com\/wordpress\/plugins\/seo\/ -->\n<title>V\u00e5gen - en rullande framg\u00e5ng f\u00f6r Nazar\u00e9 - Portugal Agent<\/title>\n<meta name=\"robots\" content=\"index, follow, max-snippet:-1, max-image-preview:large, max-video-preview:-1\" \/>\n<link rel=\"canonical\" href=\"https:\/\/portugalagent.com\/sv\/vagen-en-rullande-framgang-for-nazare\/\" \/>\n<meta property=\"og:locale\" content=\"sv_SE\" \/>\n<meta property=\"og:type\" content=\"article\" \/>\n<meta property=\"og:title\" content=\"V\u00e5gen - en rullande framg\u00e5ng f\u00f6r Nazar\u00e9 - Portugal Agent\" \/>\n<meta property=\"og:description\" content=\"Nazar\u00e9 \u00e4r en unik liten p\u00e4rla p\u00e5 Silverkusten. Som enda sm\u00e5stad p\u00e5 kusten i hela Portugal lockar Nazar\u00e9 bes\u00f6kare \u00e4ven vintertid utanf\u00f6r de vanliga helgerna s\u00e5som jul, ny\u00e5r, karnevalen och p\u00e5skhelgen. Det \u00e4r v\u00e5gen och framf\u00f6rallt de som surfar p\u00e5 de gigantiska v\u00e5gorna som drar publik, press, sponsorer och vanligt folk ut till Farol da [&hellip;]\" \/>\n<meta property=\"og:url\" content=\"https:\/\/portugalagent.com\/sv\/vagen-en-rullande-framgang-for-nazare\/\" \/>\n<meta property=\"og:site_name\" content=\"Portugal Agent\" \/>\n<meta property=\"article:published_time\" content=\"2019-02-22T00:00:00+00:00\" \/>\n<meta property=\"article:modified_time\" content=\"2020-03-04T12:30:23+00:00\" \/>\n<meta property=\"og:image\" content=\"https:\/\/portugalagent.com\/wp-content\/uploads\/2019\/02\/DSC_5765NET.jpg?v=1583325006\" \/>\n\t<meta property=\"og:image:width\" content=\"1800\" \/>\n\t<meta property=\"og:image:height\" content=\"1202\" \/>\n\t<meta property=\"og:image:type\" content=\"image\/jpeg\" \/>\n<meta name=\"author\" content=\"info@imonazare.pt\" \/>\n<meta name=\"twitter:card\" content=\"summary_large_image\" \/>\n<meta name=\"twitter:label1\" content=\"Skriven av\" \/>\n\t<meta name=\"twitter:data1\" content=\"info@imonazare.pt\" \/>\n\t<meta name=\"twitter:label2\" content=\"Ber\u00e4knad l\u00e4stid\" \/>\n\t<meta name=\"twitter:data2\" content=\"1 minut\" \/>\n<script type=\"application\/ld+json\" class=\"yoast-schema-graph\">{\"@context\":\"https:\/\/schema.org\",\"@graph\":[{\"@type\":\"Article\",\"@id\":\"https:\/\/portugalagent.com\/sv\/vagen-en-rullande-framgang-for-nazare\/#article\",\"isPartOf\":{\"@id\":\"https:\/\/portugalagent.com\/sv\/vagen-en-rullande-framgang-for-nazare\/\"},\"author\":{\"name\":\"info@imonazare.pt\",\"@id\":\"https:\/\/portugalagent.com\/sv\/#\/schema\/person\/c6c7df322d2649cc7a1e8dc30315710c\"},\"headline\":\"V\u00e5gen &#8211; en rullande framg\u00e5ng f\u00f6r Nazar\u00e9\",\"datePublished\":\"2019-02-22T00:00:00+00:00\",\"dateModified\":\"2020-03-04T12:30:23+00:00\",\"mainEntityOfPage\":{\"@id\":\"https:\/\/portugalagent.com\/sv\/vagen-en-rullande-framgang-for-nazare\/\"},\"wordCount\":257,\"commentCount\":0,\"publisher\":{\"@id\":\"https:\/\/portugalagent.com\/sv\/#organization\"},\"articleSection\":[\"Big wave surfing\",\"Nazar\u00e9\",\"news\",\"Nyheter\"],\"inLanguage\":\"sv-SE\",\"potentialAction\":[{\"@type\":\"CommentAction\",\"name\":\"Comment\",\"target\":[\"https:\/\/portugalagent.com\/sv\/vagen-en-rullande-framgang-for-nazare\/#respond\"]}]},{\"@type\":\"WebPage\",\"@id\":\"https:\/\/portugalagent.com\/sv\/vagen-en-rullande-framgang-for-nazare\/\",\"url\":\"https:\/\/portugalagent.com\/sv\/vagen-en-rullande-framgang-for-nazare\/\",\"name\":\"V\u00e5gen - en rullande framg\u00e5ng f\u00f6r Nazar\u00e9 - Portugal Agent\",\"isPartOf\":{\"@id\":\"https:\/\/portugalagent.com\/sv\/#website\"},\"datePublished\":\"2019-02-22T00:00:00+00:00\",\"dateModified\":\"2020-03-04T12:30:23+00:00\",\"breadcrumb\":{\"@id\":\"https:\/\/portugalagent.com\/sv\/vagen-en-rullande-framgang-for-nazare\/#breadcrumb\"},\"inLanguage\":\"sv-SE\",\"potentialAction\":[{\"@type\":\"ReadAction\",\"target\":[\"https:\/\/portugalagent.com\/sv\/vagen-en-rullande-framgang-for-nazare\/\"]}]},{\"@type\":\"BreadcrumbList\",\"@id\":\"https:\/\/portugalagent.com\/sv\/vagen-en-rullande-framgang-for-nazare\/#breadcrumb\",\"itemListElement\":[{\"@type\":\"ListItem\",\"position\":1,\"name\":\"Home\",\"item\":\"https:\/\/portugalagent.com\/sv\/\"},{\"@type\":\"ListItem\",\"position\":2,\"name\":\"V\u00e5gen &#8211; en rullande framg\u00e5ng f\u00f6r Nazar\u00e9\"}]},{\"@type\":\"WebSite\",\"@id\":\"https:\/\/portugalagent.com\/sv\/#website\",\"url\":\"https:\/\/portugalagent.com\/sv\/\",\"name\":\"Portugal Agent\",\"description\":\"\",\"publisher\":{\"@id\":\"https:\/\/portugalagent.com\/sv\/#organization\"},\"potentialAction\":[{\"@type\":\"SearchAction\",\"target\":{\"@type\":\"EntryPoint\",\"urlTemplate\":\"https:\/\/portugalagent.com\/sv\/?s={search_term_string}\"},\"query-input\":\"required name=search_term_string\"}],\"inLanguage\":\"sv-SE\"},{\"@type\":\"Organization\",\"@id\":\"https:\/\/portugalagent.com\/sv\/#organization\",\"name\":\"Portugal Agent\",\"url\":\"https:\/\/portugalagent.com\/sv\/\",\"logo\":{\"@type\":\"ImageObject\",\"inLanguage\":\"sv-SE\",\"@id\":\"https:\/\/portugalagent.com\/sv\/#\/schema\/logo\/image\/\",\"url\":\"https:\/\/portugalagent.com\/wp-content\/uploads\/2020\/11\/portugalagent.svg\",\"contentUrl\":\"https:\/\/portugalagent.com\/wp-content\/uploads\/2020\/11\/portugalagent.svg\",\"caption\":\"Portugal Agent\"},\"image\":{\"@id\":\"https:\/\/portugalagent.com\/sv\/#\/schema\/logo\/image\/\"}},{\"@type\":\"Person\",\"@id\":\"https:\/\/portugalagent.com\/sv\/#\/schema\/person\/c6c7df322d2649cc7a1e8dc30315710c\",\"name\":\"info@imonazare.pt\",\"image\":{\"@type\":\"ImageObject\",\"inLanguage\":\"sv-SE\",\"@id\":\"https:\/\/portugalagent.com\/sv\/#\/schema\/person\/image\/\",\"url\":\"https:\/\/secure.gravatar.com\/avatar\/7639f7443397461ac5688ed1f026f318?s=96&d=mm&r=g\",\"contentUrl\":\"https:\/\/secure.gravatar.com\/avatar\/7639f7443397461ac5688ed1f026f318?s=96&d=mm&r=g\",\"caption\":\"info@imonazare.pt\"},\"sameAs\":[\"niklas@portugalagent.com\"],\"url\":\"https:\/\/portugalagent.com\/sv\/author\/infoimonazare-pt\/\"}]}<\/script>\n<!-- \/ Yoast SEO plugin. -->","yoast_head_json":{"title":"V\u00e5gen - en rullande framg\u00e5ng f\u00f6r Nazar\u00e9 - Portugal Agent","robots":{"index":"index","follow":"follow","max-snippet":"max-snippet:-1","max-image-preview":"max-image-preview:large","max-video-preview":"max-video-preview:-1"},"canonical":"https:\/\/portugalagent.com\/sv\/vagen-en-rullande-framgang-for-nazare\/","og_locale":"sv_SE","og_type":"article","og_title":"V\u00e5gen - en rullande framg\u00e5ng f\u00f6r Nazar\u00e9 - Portugal Agent","og_description":"Nazar\u00e9 \u00e4r en unik liten p\u00e4rla p\u00e5 Silverkusten. Som enda sm\u00e5stad p\u00e5 kusten i hela Portugal lockar Nazar\u00e9 bes\u00f6kare \u00e4ven vintertid utanf\u00f6r de vanliga helgerna s\u00e5som jul, ny\u00e5r, karnevalen och p\u00e5skhelgen. Det \u00e4r v\u00e5gen och framf\u00f6rallt de som surfar p\u00e5 de gigantiska v\u00e5gorna som drar publik, press, sponsorer och vanligt folk ut till Farol da [&hellip;]","og_url":"https:\/\/portugalagent.com\/sv\/vagen-en-rullande-framgang-for-nazare\/","og_site_name":"Portugal Agent","article_published_time":"2019-02-22T00:00:00+00:00","article_modified_time":"2020-03-04T12:30:23+00:00","og_image":[{"width":1800,"height":1202,"url":"https:\/\/portugalagent.com\/wp-content\/uploads\/2019\/02\/DSC_5765NET.jpg?v=1583325006","type":"image\/jpeg"}],"author":"info@imonazare.pt","twitter_card":"summary_large_image","twitter_misc":{"Skriven av":"info@imonazare.pt","Ber\u00e4knad l\u00e4stid":"1 minut"},"schema":{"@context":"https:\/\/schema.org","@graph":[{"@type":"Article","@id":"https:\/\/portugalagent.com\/sv\/vagen-en-rullande-framgang-for-nazare\/#article","isPartOf":{"@id":"https:\/\/portugalagent.com\/sv\/vagen-en-rullande-framgang-for-nazare\/"},"author":{"name":"info@imonazare.pt","@id":"https:\/\/portugalagent.com\/sv\/#\/schema\/person\/c6c7df322d2649cc7a1e8dc30315710c"},"headline":"V\u00e5gen &#8211; en rullande framg\u00e5ng f\u00f6r Nazar\u00e9","datePublished":"2019-02-22T00:00:00+00:00","dateModified":"2020-03-04T12:30:23+00:00","mainEntityOfPage":{"@id":"https:\/\/portugalagent.com\/sv\/vagen-en-rullande-framgang-for-nazare\/"},"wordCount":257,"commentCount":0,"publisher":{"@id":"https:\/\/portugalagent.com\/sv\/#organization"},"articleSection":["Big wave surfing","Nazar\u00e9","news","Nyheter"],"inLanguage":"sv-SE","potentialAction":[{"@type":"CommentAction","name":"Comment","target":["https:\/\/portugalagent.com\/sv\/vagen-en-rullande-framgang-for-nazare\/#respond"]}]},{"@type":"WebPage","@id":"https:\/\/portugalagent.com\/sv\/vagen-en-rullande-framgang-for-nazare\/","url":"https:\/\/portugalagent.com\/sv\/vagen-en-rullande-framgang-for-nazare\/","name":"V\u00e5gen - en rullande framg\u00e5ng f\u00f6r Nazar\u00e9 - Portugal Agent","isPartOf":{"@id":"https:\/\/portugalagent.com\/sv\/#website"},"datePublished":"2019-02-22T00:00:00+00:00","dateModified":"2020-03-04T12:30:23+00:00","breadcrumb":{"@id":"https:\/\/portugalagent.com\/sv\/vagen-en-rullande-framgang-for-nazare\/#breadcrumb"},"inLanguage":"sv-SE","potentialAction":[{"@type":"ReadAction","target":["https:\/\/portugalagent.com\/sv\/vagen-en-rullande-framgang-for-nazare\/"]}]},{"@type":"BreadcrumbList","@id":"https:\/\/portugalagent.com\/sv\/vagen-en-rullande-framgang-for-nazare\/#breadcrumb","itemListElement":[{"@type":"ListItem","position":1,"name":"Home","item":"https:\/\/portugalagent.com\/sv\/"},{"@type":"ListItem","position":2,"name":"V\u00e5gen &#8211; en rullande framg\u00e5ng f\u00f6r Nazar\u00e9"}]},{"@type":"WebSite","@id":"https:\/\/portugalagent.com\/sv\/#website","url":"https:\/\/portugalagent.com\/sv\/","name":"Portugal Agent","description":"","publisher":{"@id":"https:\/\/portugalagent.com\/sv\/#organization"},"potentialAction":[{"@type":"SearchAction","target":{"@type":"EntryPoint","urlTemplate":"https:\/\/portugalagent.com\/sv\/?s={search_term_string}"},"query-input":"required name=search_term_string"}],"inLanguage":"sv-SE"},{"@type":"Organization","@id":"https:\/\/portugalagent.com\/sv\/#organization","name":"Portugal Agent","url":"https:\/\/portugalagent.com\/sv\/","logo":{"@type":"ImageObject","inLanguage":"sv-SE","@id":"https:\/\/portugalagent.com\/sv\/#\/schema\/logo\/image\/","url":"https:\/\/portugalagent.com\/wp-content\/uploads\/2020\/11\/portugalagent.svg","contentUrl":"https:\/\/portugalagent.com\/wp-content\/uploads\/2020\/11\/portugalagent.svg","caption":"Portugal Agent"},"image":{"@id":"https:\/\/portugalagent.com\/sv\/#\/schema\/logo\/image\/"}},{"@type":"Person","@id":"https:\/\/portugalagent.com\/sv\/#\/schema\/person\/c6c7df322d2649cc7a1e8dc30315710c","name":"info@imonazare.pt","image":{"@type":"ImageObject","inLanguage":"sv-SE","@id":"https:\/\/portugalagent.com\/sv\/#\/schema\/person\/image\/","url":"https:\/\/secure.gravatar.com\/avatar\/7639f7443397461ac5688ed1f026f318?s=96&d=mm&r=g","contentUrl":"https:\/\/secure.gravatar.com\/avatar\/7639f7443397461ac5688ed1f026f318?s=96&d=mm&r=g","caption":"info@imonazare.pt"},"sameAs":["niklas@portugalagent.com"],"url":"https:\/\/portugalagent.com\/sv\/author\/infoimonazare-pt\/"}]}},"_links":{"self":[{"href":"https:\/\/portugalagent.com\/sv\/wp-json\/wp\/v2\/posts\/41301"}],"collection":[{"href":"https:\/\/portugalagent.com\/sv\/wp-json\/wp\/v2\/posts"}],"about":[{"href":"https:\/\/portugalagent.com\/sv\/wp-json\/wp\/v2\/types\/post"}],"author":[{"embeddable":true,"href":"https:\/\/portugalagent.com\/sv\/wp-json\/wp\/v2\/users\/6"}],"replies":[{"embeddable":true,"href":"https:\/\/portugalagent.com\/sv\/wp-json\/wp\/v2\/comments?post=41301"}],"version-history":[{"count":1,"href":"https:\/\/portugalagent.com\/sv\/wp-json\/wp\/v2\/posts\/41301\/revisions"}],"predecessor-version":[{"id":41394,"href":"https:\/\/portugalagent.com\/sv\/wp-json\/wp\/v2\/posts\/41301\/revisions\/41394"}],"wp:featuredmedia":[{"embeddable":true,"href":"https:\/\/portugalagent.com\/sv\/wp-json\/wp\/v2\/media\/44153"}],"wp:attachment":[{"href":"https:\/\/portugalagent.com\/sv\/wp-json\/wp\/v2\/media?parent=41301"}],"wp:term":[{"taxonomy":"category","embeddable":true,"href":"https:\/\/portugalagent.com\/sv\/wp-json\/wp\/v2\/categories?post=41301"},{"taxonomy":"post_tag","embeddable":true,"href":"https:\/\/portugalagent.com\/sv\/wp-json\/wp\/v2\/tags?post=41301"}],"curies":[{"name":"wp","href":"https:\/\/api.w.org\/{rel}","templated":true}]}}