{"id":41291,"date":"2019-01-21T00:00:00","date_gmt":"2019-01-21T00:00:00","guid":{"rendered":"https:\/\/www.go4digital-web.pt\/dev\/portugalagent\/skatteseminarium-2019-portugal\/"},"modified":"2020-03-05T09:55:40","modified_gmt":"2020-03-05T09:55:40","slug":"skatteseminarium-2019-portugal","status":"publish","type":"post","link":"https:\/\/portugalagent.com\/sv\/skatteseminarium-2019-portugal\/","title":{"rendered":"Skatteseminarium 2019 Portugal"},"content":{"rendered":"<p><strong>Nya regeringen \u00e4r tillsatt med Magdalena Andersson som finansminister. Vad kommer ske med NHR-reglerna och det dubbelbeskattningsavtal som Sverige har med Portugal? Blir det f\u00f6r\u00e4ndringar nu eller kommer regeringen ha fokus p\u00e5 annat?<\/strong><\/p>\n<p>I h\u00f6stas tog skriverierna om att Sverige ska omf\u00f6rhandla reglerna f\u00f6r dubbelbeskattningsavtalet med Portugal fart igen. Efter valet i september och den ovanligt kr\u00e5ngliga och utdragna processen att tills\u00e4tta en ny regering har det varit helt tyst om NHR-reglerna och dubbelbeskattningsavtalet. Detta \u00e4r f\u00f6rst\u00e5eligt. Riksdagspartierna har haft fullt upp med att f\u00f6rs\u00f6ka bilda regering och samtidigt uppr\u00e4tth\u00e5lla den l\u00f6pande driften av Sverige. Men nu har vi en Socialdemokratisk statsminister i Stefan L\u00f6ven och Magdalena Andersson sitter kvar som finansminister. Kommer man \u00e4ndra i reglerna f\u00f6r svenskar som flyttar till Portugal nu?<\/p>\n<p>Under v\u00e5ren 2019 anordnar vi fyra <a href=\"https:\/\/portugalagent.com\/darfor-portugalagent\/skatteseminarier\/?lang=sv\">skatteseminarier<\/a> p\u00e5 fyra olika platser: Stockholm, G\u00f6teborg, Malm\u00f6 och Nazar\u00e9. I Sverige kommer sakkunniga fr\u00e5n Deloitte att ber\u00e4tta det senaste vad g\u00e4ller dubbelbeskattningsavtalet och NHR-status. I Nazar\u00e9\u00a0 har vi PLMJ Advogados f\u00f6r den portugisiska delen och Karl-Olof \u00d6hrn som f\u00f6redragsh\u00e5llare f\u00f6r den svenska delen.<\/p>\n<p><strong>Fr\u00e5gor och anm\u00e4lan till skatteseminarierna:<\/strong><br \/>\nNiklas Fors\u00e9n,\u00a0<a href=\"mailto:niklas@portugalagent.com\">niklas@portugalagent.com<\/a>\u00a0Tel: +46-70-592 60 76<\/p>\n<p><strong>NHR-reglerna forts\u00e4tter att g\u00e4lla<\/strong><br \/>\nTv\u00e4rtemot vad m\u00e5nga tror s\u00e5 g\u00e4ller NHR-reglerna (r\u00e4ttare sagt dubbelbeskattningsavtalet mellan Sverige och Portugal) nu i \u00e5r, 2019, och de forts\u00e4tter att g\u00e4lla tills vidare. I dagsl\u00e4get finns ingen m\u00f6jlighet att \u00e4ndra dessa under 2019 och skulle en \u00e4ndring komma till st\u00e5nd redan 2020 s\u00e5 kommer det med stor sannolikhet finns \u00f6verg\u00e5ngsregler f\u00f6r de som redan skrivit sig i Portugal med NHR-status. Ser vi p\u00e5 Finland som exempel s\u00e5 har man sagt att det ska bli en \u00f6verg\u00e5ngsregler i tre \u00e5r. Det inneb\u00e4r f\u00f6rmodligen att de som redan skrivit sig i Portugal kommer f\u00e5 leva under de gamla reglerna i ytterligare tre \u00e5r efter att man har genomf\u00f6rt en f\u00f6r\u00e4ndring. Vad jag f\u00f6rst\u00e5r s\u00e5 har Finland sagt upp sitt dubbelbeskattningsavtal med Portugal men detta har inte verkst\u00e4llts \u00e4n. I skrivande stund, 21 januari 2019, g\u00e4ller de gamla reglerna fortsatt. Sedan kommer Finland att ta \u00f6ver r\u00e4tten att beskatta finnar som flyttat till Portugal. Hur stor den skatten blir vet jag inte. J\u00e4mf\u00f6r vi med svenska f\u00f6rh\u00e5llanden kan den bli max 25% &#8211; den sk SINK-skatten.<br \/>\nAtt man har \u00f6verg\u00e5ngsregler \u00e4r inte s\u00e5 konstigt. Skatteregler och skatteuttag ska som praxis aldrig tas ut retroaktivt och en individ som har flyttat till Portugal med NHR-status har ofta gjort stora f\u00f6r\u00e4ndringar i sitt liv (s\u00e5lt bostad, kanske avvecklat f\u00f6retag osv) och d\u00e5 ska man inte p\u00e5 kort sikt f\u00e5 nya skatteregler att f\u00f6rh\u00e5lla sig till d\u00e5 beslutet att flytta togs utifr\u00e5n de regler som g\u00e4llde p\u00e5 flyttdagen.<\/p>\n<p><strong>NHR-reglerna kommer g\u00e4lla l\u00e5ng tid\u00a0<\/strong><br \/>\nVi har f\u00f6ljt debatten under 2018. Vi har ocks\u00e5 talat direkt med sakkunniga b\u00e5de i Portugal och i Sverige. Efter dessa samtal \u00e4r det n\u00e5gra punkter som kan klarg\u00f6ras:<\/p>\n<ol>\n<li>\n<h5>NHR g\u00e4ller p\u00e5 samma s\u00e4tt som tidigare under 2019.<\/h5>\n<\/li>\n<li>\n<h5>Sverige har skickat en f\u00f6rfr\u00e5gan till Portugal om en omf\u00f6rhandling av skatteavtalet men Portugal har inte l\u00e4mnat n\u00e5got svar annat \u00e4n att man kvitterat mottagandet av fr\u00e5gan.<\/h5>\n<\/li>\n<li>\n<h5>Alla ber\u00f6rda parter vittnar om att det kommer ta tid (n\u00e5got eller n\u00e5gra \u00e5r) innan ett slutgiltigt svar erh\u00e5lles.<\/h5>\n<\/li>\n<li>\n<h5>N\u00e4r ett eventuellt svar erh\u00e5lles tar det ytterligare tid (n\u00e5got \u00e5r) innan nya regler helt implementeras.<\/h5>\n<\/li>\n<\/ol>\n<p><strong>Det finns tre t\u00e4nkbara utfall av dessa eventuella f\u00f6r\u00e4ndringar:<\/strong><br \/>\nA. Omf\u00f6rhandling av skatteavtalet mellan Portugal och Sverige.<br \/>\nB. Sverige s\u00e4ger upp skatteavtalet mellan Sverige och Portugal (sista utv\u00e4gen).<br \/>\nC. Portugal inf\u00f6r en l\u00e5g beskattning i syfte att \u201dsl\u00e4cka branden\u201d<\/p>\n<p><strong>Bakgrund \u2013 NHR<\/strong><br \/>\n\u00c5r 2009 inf\u00f6rde Portugal NHR-reglerna (Non Habitual Residence). I korthet inneb\u00e4r det att man kan flytta ut fr\u00e5n Sverige och in i Portugal och d\u00e4rigenom erh\u00e5lla vissa skattem\u00e4ssiga f\u00f6rdelar. Med NHR-status kan vissa pensioner bli helt skattefria. NHR ger ocks\u00e5 f\u00f6rdelar vid f\u00f6retagsf\u00f6rs\u00e4ljning i Sverige. Dessutom finns skattef\u00f6rdelar f\u00f6r den som tar en anst\u00e4llning i Portugal under f\u00f6ruts\u00e4ttning att du kvalificerar inom vissa yrkesgrupper och har vissa kvalifikationer. Syftet med NHR \u00e4r att dels f\u00f6rs\u00f6ka locka tillbaka portugisiska medborgare som gjort karri\u00e4r utomlands men ocks\u00e5 att dra till sig andra v\u00e4lbest\u00e4llda individer och sm\u00e5f\u00f6retagare.<\/p>\n<p>Ungef\u00e4r s\u00e5h\u00e4r resonerar man i Portugal: De som flyttar hit fr\u00e5n andra l\u00e4nder k\u00f6per hantverkstimmar, g\u00e5r ofta p\u00e5 restaurang, k\u00f6per nya m\u00f6bler, bil, spelar golf osv. Detta skapar arbetstillf\u00e4llen och genererar momsint\u00e4kter. Man \u00e4r \u00f6vertygad om att denna konsumtion trots vissa skattel\u00e4ttnader ger en totalt sett b\u00e4ttre skatteint\u00e4kt till den portugisiska staten och som bonus skapas arbetstillf\u00e4llen som annars inte skulle ha funnits.<\/p>\n<p>Sett ur ett svenskt perspektiv \u00e4r det heller inte s\u00e5 konstigt att vissa skatter tas ut i Portugal i st\u00e4llet f\u00f6r i Sverige n\u00e4r en individ faktiskt har flyttat ut fr\u00e5n Sverige och in i Portugal. Infrastruktur, polis, brandk\u00e5r, myndigheter, parker, naturreservat, vatten, avlopp, str\u00e4nder bekostas ju fr\u00e5n portugisiska skatteint\u00e4kter. Inte svenska.<\/p>\n","protected":false},"excerpt":{"rendered":"<p>Nya regeringen \u00e4r tillsatt med Magdalena Andersson som finansminister. Vad kommer ske med NHR-reglerna och det dubbelbeskattningsavtal som Sverige har med Portugal? Blir det f\u00f6r\u00e4ndringar nu eller kommer regeringen ha fokus p\u00e5 annat? I h\u00f6stas tog skriverierna om att Sverige ska omf\u00f6rhandla reglerna f\u00f6r dubbelbeskattningsavtalet med Portugal fart igen. Efter valet i september och den [&hellip;]<\/p>\n","protected":false},"author":6,"featured_media":44334,"comment_status":"open","ping_status":"open","sticky":false,"template":"","format":"standard","meta":{"om_disable_all_campaigns":false,"_monsterinsights_skip_tracking":false,"_monsterinsights_sitenote_active":false,"_monsterinsights_sitenote_note":"","_monsterinsights_sitenote_category":0},"categories":[23,30,18],"tags":[],"aioseo_notices":[],"yoast_head":"<!-- This site is optimized with the Yoast SEO plugin v19.10 - https:\/\/yoast.com\/wordpress\/plugins\/seo\/ -->\n<title>Skatteseminarium 2019 Portugal - Portugal Agent<\/title>\n<meta name=\"robots\" content=\"index, follow, max-snippet:-1, max-image-preview:large, max-video-preview:-1\" \/>\n<link rel=\"canonical\" href=\"https:\/\/portugalagent.com\/sv\/skatteseminarium-2019-portugal\/\" \/>\n<meta property=\"og:locale\" content=\"sv_SE\" \/>\n<meta property=\"og:type\" content=\"article\" \/>\n<meta property=\"og:title\" content=\"Skatteseminarium 2019 Portugal - Portugal Agent\" \/>\n<meta property=\"og:description\" content=\"Nya regeringen \u00e4r tillsatt med Magdalena Andersson som finansminister. Vad kommer ske med NHR-reglerna och det dubbelbeskattningsavtal som Sverige har med Portugal? Blir det f\u00f6r\u00e4ndringar nu eller kommer regeringen ha fokus p\u00e5 annat? I h\u00f6stas tog skriverierna om att Sverige ska omf\u00f6rhandla reglerna f\u00f6r dubbelbeskattningsavtalet med Portugal fart igen. Efter valet i september och den [&hellip;]\" \/>\n<meta property=\"og:url\" content=\"https:\/\/portugalagent.com\/sv\/skatteseminarium-2019-portugal\/\" \/>\n<meta property=\"og:site_name\" content=\"Portugal Agent\" \/>\n<meta property=\"article:published_time\" content=\"2019-01-21T00:00:00+00:00\" \/>\n<meta property=\"article:modified_time\" content=\"2020-03-05T09:55:40+00:00\" \/>\n<meta property=\"og:image\" content=\"https:\/\/portugalagent.com\/wp-content\/uploads\/2019\/01\/DJI_0195NET.jpg?v=1583326955\" \/>\n\t<meta property=\"og:image:width\" content=\"1800\" \/>\n\t<meta property=\"og:image:height\" content=\"1348\" \/>\n\t<meta property=\"og:image:type\" content=\"image\/jpeg\" \/>\n<meta name=\"author\" content=\"info@imonazare.pt\" \/>\n<meta name=\"twitter:card\" content=\"summary_large_image\" \/>\n<meta name=\"twitter:label1\" content=\"Skriven av\" \/>\n\t<meta name=\"twitter:data1\" content=\"info@imonazare.pt\" \/>\n\t<meta name=\"twitter:label2\" content=\"Ber\u00e4knad l\u00e4stid\" \/>\n\t<meta name=\"twitter:data2\" content=\"5 minuter\" \/>\n<script type=\"application\/ld+json\" class=\"yoast-schema-graph\">{\"@context\":\"https:\/\/schema.org\",\"@graph\":[{\"@type\":\"Article\",\"@id\":\"https:\/\/portugalagent.com\/sv\/skatteseminarium-2019-portugal\/#article\",\"isPartOf\":{\"@id\":\"https:\/\/portugalagent.com\/sv\/skatteseminarium-2019-portugal\/\"},\"author\":{\"name\":\"info@imonazare.pt\",\"@id\":\"https:\/\/portugalagent.com\/sv\/#\/schema\/person\/c6c7df322d2649cc7a1e8dc30315710c\"},\"headline\":\"Skatteseminarium 2019 Portugal\",\"datePublished\":\"2019-01-21T00:00:00+00:00\",\"dateModified\":\"2020-03-05T09:55:40+00:00\",\"mainEntityOfPage\":{\"@id\":\"https:\/\/portugalagent.com\/sv\/skatteseminarium-2019-portugal\/\"},\"wordCount\":923,\"commentCount\":0,\"publisher\":{\"@id\":\"https:\/\/portugalagent.com\/sv\/#organization\"},\"articleSection\":[\"K\u00f6pa bostad i Portugal\",\"news\",\"Nyheter\"],\"inLanguage\":\"sv-SE\",\"potentialAction\":[{\"@type\":\"CommentAction\",\"name\":\"Comment\",\"target\":[\"https:\/\/portugalagent.com\/sv\/skatteseminarium-2019-portugal\/#respond\"]}]},{\"@type\":\"WebPage\",\"@id\":\"https:\/\/portugalagent.com\/sv\/skatteseminarium-2019-portugal\/\",\"url\":\"https:\/\/portugalagent.com\/sv\/skatteseminarium-2019-portugal\/\",\"name\":\"Skatteseminarium 2019 Portugal - Portugal Agent\",\"isPartOf\":{\"@id\":\"https:\/\/portugalagent.com\/sv\/#website\"},\"datePublished\":\"2019-01-21T00:00:00+00:00\",\"dateModified\":\"2020-03-05T09:55:40+00:00\",\"breadcrumb\":{\"@id\":\"https:\/\/portugalagent.com\/sv\/skatteseminarium-2019-portugal\/#breadcrumb\"},\"inLanguage\":\"sv-SE\",\"potentialAction\":[{\"@type\":\"ReadAction\",\"target\":[\"https:\/\/portugalagent.com\/sv\/skatteseminarium-2019-portugal\/\"]}]},{\"@type\":\"BreadcrumbList\",\"@id\":\"https:\/\/portugalagent.com\/sv\/skatteseminarium-2019-portugal\/#breadcrumb\",\"itemListElement\":[{\"@type\":\"ListItem\",\"position\":1,\"name\":\"Home\",\"item\":\"https:\/\/portugalagent.com\/sv\/\"},{\"@type\":\"ListItem\",\"position\":2,\"name\":\"Skatteseminarium 2019 Portugal\"}]},{\"@type\":\"WebSite\",\"@id\":\"https:\/\/portugalagent.com\/sv\/#website\",\"url\":\"https:\/\/portugalagent.com\/sv\/\",\"name\":\"Portugal Agent\",\"description\":\"\",\"publisher\":{\"@id\":\"https:\/\/portugalagent.com\/sv\/#organization\"},\"potentialAction\":[{\"@type\":\"SearchAction\",\"target\":{\"@type\":\"EntryPoint\",\"urlTemplate\":\"https:\/\/portugalagent.com\/sv\/?s={search_term_string}\"},\"query-input\":\"required name=search_term_string\"}],\"inLanguage\":\"sv-SE\"},{\"@type\":\"Organization\",\"@id\":\"https:\/\/portugalagent.com\/sv\/#organization\",\"name\":\"Portugal Agent\",\"url\":\"https:\/\/portugalagent.com\/sv\/\",\"logo\":{\"@type\":\"ImageObject\",\"inLanguage\":\"sv-SE\",\"@id\":\"https:\/\/portugalagent.com\/sv\/#\/schema\/logo\/image\/\",\"url\":\"https:\/\/portugalagent.com\/wp-content\/uploads\/2020\/11\/portugalagent.svg\",\"contentUrl\":\"https:\/\/portugalagent.com\/wp-content\/uploads\/2020\/11\/portugalagent.svg\",\"caption\":\"Portugal Agent\"},\"image\":{\"@id\":\"https:\/\/portugalagent.com\/sv\/#\/schema\/logo\/image\/\"}},{\"@type\":\"Person\",\"@id\":\"https:\/\/portugalagent.com\/sv\/#\/schema\/person\/c6c7df322d2649cc7a1e8dc30315710c\",\"name\":\"info@imonazare.pt\",\"image\":{\"@type\":\"ImageObject\",\"inLanguage\":\"sv-SE\",\"@id\":\"https:\/\/portugalagent.com\/sv\/#\/schema\/person\/image\/\",\"url\":\"https:\/\/secure.gravatar.com\/avatar\/7639f7443397461ac5688ed1f026f318?s=96&d=mm&r=g\",\"contentUrl\":\"https:\/\/secure.gravatar.com\/avatar\/7639f7443397461ac5688ed1f026f318?s=96&d=mm&r=g\",\"caption\":\"info@imonazare.pt\"},\"sameAs\":[\"niklas@portugalagent.com\"],\"url\":\"https:\/\/portugalagent.com\/sv\/author\/infoimonazare-pt\/\"}]}<\/script>\n<!-- \/ Yoast SEO plugin. -->","yoast_head_json":{"title":"Skatteseminarium 2019 Portugal - Portugal Agent","robots":{"index":"index","follow":"follow","max-snippet":"max-snippet:-1","max-image-preview":"max-image-preview:large","max-video-preview":"max-video-preview:-1"},"canonical":"https:\/\/portugalagent.com\/sv\/skatteseminarium-2019-portugal\/","og_locale":"sv_SE","og_type":"article","og_title":"Skatteseminarium 2019 Portugal - Portugal Agent","og_description":"Nya regeringen \u00e4r tillsatt med Magdalena Andersson som finansminister. Vad kommer ske med NHR-reglerna och det dubbelbeskattningsavtal som Sverige har med Portugal? Blir det f\u00f6r\u00e4ndringar nu eller kommer regeringen ha fokus p\u00e5 annat? I h\u00f6stas tog skriverierna om att Sverige ska omf\u00f6rhandla reglerna f\u00f6r dubbelbeskattningsavtalet med Portugal fart igen. Efter valet i september och den [&hellip;]","og_url":"https:\/\/portugalagent.com\/sv\/skatteseminarium-2019-portugal\/","og_site_name":"Portugal Agent","article_published_time":"2019-01-21T00:00:00+00:00","article_modified_time":"2020-03-05T09:55:40+00:00","og_image":[{"width":1800,"height":1348,"url":"https:\/\/portugalagent.com\/wp-content\/uploads\/2019\/01\/DJI_0195NET.jpg?v=1583326955","type":"image\/jpeg"}],"author":"info@imonazare.pt","twitter_card":"summary_large_image","twitter_misc":{"Skriven av":"info@imonazare.pt","Ber\u00e4knad l\u00e4stid":"5 minuter"},"schema":{"@context":"https:\/\/schema.org","@graph":[{"@type":"Article","@id":"https:\/\/portugalagent.com\/sv\/skatteseminarium-2019-portugal\/#article","isPartOf":{"@id":"https:\/\/portugalagent.com\/sv\/skatteseminarium-2019-portugal\/"},"author":{"name":"info@imonazare.pt","@id":"https:\/\/portugalagent.com\/sv\/#\/schema\/person\/c6c7df322d2649cc7a1e8dc30315710c"},"headline":"Skatteseminarium 2019 Portugal","datePublished":"2019-01-21T00:00:00+00:00","dateModified":"2020-03-05T09:55:40+00:00","mainEntityOfPage":{"@id":"https:\/\/portugalagent.com\/sv\/skatteseminarium-2019-portugal\/"},"wordCount":923,"commentCount":0,"publisher":{"@id":"https:\/\/portugalagent.com\/sv\/#organization"},"articleSection":["K\u00f6pa bostad i Portugal","news","Nyheter"],"inLanguage":"sv-SE","potentialAction":[{"@type":"CommentAction","name":"Comment","target":["https:\/\/portugalagent.com\/sv\/skatteseminarium-2019-portugal\/#respond"]}]},{"@type":"WebPage","@id":"https:\/\/portugalagent.com\/sv\/skatteseminarium-2019-portugal\/","url":"https:\/\/portugalagent.com\/sv\/skatteseminarium-2019-portugal\/","name":"Skatteseminarium 2019 Portugal - Portugal Agent","isPartOf":{"@id":"https:\/\/portugalagent.com\/sv\/#website"},"datePublished":"2019-01-21T00:00:00+00:00","dateModified":"2020-03-05T09:55:40+00:00","breadcrumb":{"@id":"https:\/\/portugalagent.com\/sv\/skatteseminarium-2019-portugal\/#breadcrumb"},"inLanguage":"sv-SE","potentialAction":[{"@type":"ReadAction","target":["https:\/\/portugalagent.com\/sv\/skatteseminarium-2019-portugal\/"]}]},{"@type":"BreadcrumbList","@id":"https:\/\/portugalagent.com\/sv\/skatteseminarium-2019-portugal\/#breadcrumb","itemListElement":[{"@type":"ListItem","position":1,"name":"Home","item":"https:\/\/portugalagent.com\/sv\/"},{"@type":"ListItem","position":2,"name":"Skatteseminarium 2019 Portugal"}]},{"@type":"WebSite","@id":"https:\/\/portugalagent.com\/sv\/#website","url":"https:\/\/portugalagent.com\/sv\/","name":"Portugal Agent","description":"","publisher":{"@id":"https:\/\/portugalagent.com\/sv\/#organization"},"potentialAction":[{"@type":"SearchAction","target":{"@type":"EntryPoint","urlTemplate":"https:\/\/portugalagent.com\/sv\/?s={search_term_string}"},"query-input":"required name=search_term_string"}],"inLanguage":"sv-SE"},{"@type":"Organization","@id":"https:\/\/portugalagent.com\/sv\/#organization","name":"Portugal Agent","url":"https:\/\/portugalagent.com\/sv\/","logo":{"@type":"ImageObject","inLanguage":"sv-SE","@id":"https:\/\/portugalagent.com\/sv\/#\/schema\/logo\/image\/","url":"https:\/\/portugalagent.com\/wp-content\/uploads\/2020\/11\/portugalagent.svg","contentUrl":"https:\/\/portugalagent.com\/wp-content\/uploads\/2020\/11\/portugalagent.svg","caption":"Portugal Agent"},"image":{"@id":"https:\/\/portugalagent.com\/sv\/#\/schema\/logo\/image\/"}},{"@type":"Person","@id":"https:\/\/portugalagent.com\/sv\/#\/schema\/person\/c6c7df322d2649cc7a1e8dc30315710c","name":"info@imonazare.pt","image":{"@type":"ImageObject","inLanguage":"sv-SE","@id":"https:\/\/portugalagent.com\/sv\/#\/schema\/person\/image\/","url":"https:\/\/secure.gravatar.com\/avatar\/7639f7443397461ac5688ed1f026f318?s=96&d=mm&r=g","contentUrl":"https:\/\/secure.gravatar.com\/avatar\/7639f7443397461ac5688ed1f026f318?s=96&d=mm&r=g","caption":"info@imonazare.pt"},"sameAs":["niklas@portugalagent.com"],"url":"https:\/\/portugalagent.com\/sv\/author\/infoimonazare-pt\/"}]}},"_links":{"self":[{"href":"https:\/\/portugalagent.com\/sv\/wp-json\/wp\/v2\/posts\/41291"}],"collection":[{"href":"https:\/\/portugalagent.com\/sv\/wp-json\/wp\/v2\/posts"}],"about":[{"href":"https:\/\/portugalagent.com\/sv\/wp-json\/wp\/v2\/types\/post"}],"author":[{"embeddable":true,"href":"https:\/\/portugalagent.com\/sv\/wp-json\/wp\/v2\/users\/6"}],"replies":[{"embeddable":true,"href":"https:\/\/portugalagent.com\/sv\/wp-json\/wp\/v2\/comments?post=41291"}],"version-history":[{"count":3,"href":"https:\/\/portugalagent.com\/sv\/wp-json\/wp\/v2\/posts\/41291\/revisions"}],"predecessor-version":[{"id":44762,"href":"https:\/\/portugalagent.com\/sv\/wp-json\/wp\/v2\/posts\/41291\/revisions\/44762"}],"wp:featuredmedia":[{"embeddable":true,"href":"https:\/\/portugalagent.com\/sv\/wp-json\/wp\/v2\/media\/44334"}],"wp:attachment":[{"href":"https:\/\/portugalagent.com\/sv\/wp-json\/wp\/v2\/media?parent=41291"}],"wp:term":[{"taxonomy":"category","embeddable":true,"href":"https:\/\/portugalagent.com\/sv\/wp-json\/wp\/v2\/categories?post=41291"},{"taxonomy":"post_tag","embeddable":true,"href":"https:\/\/portugalagent.com\/sv\/wp-json\/wp\/v2\/tags?post=41291"}],"curies":[{"name":"wp","href":"https:\/\/api.w.org\/{rel}","templated":true}]}}