{"id":41289,"date":"2018-12-25T00:00:00","date_gmt":"2018-12-25T00:00:00","guid":{"rendered":"https:\/\/www.go4digital-web.pt\/dev\/portugalagent\/arets-sista-nyhetsbrev\/"},"modified":"2020-03-04T17:42:05","modified_gmt":"2020-03-04T17:42:05","slug":"arets-sista-nyhetsbrev","status":"publish","type":"post","link":"https:\/\/portugalagent.com\/sv\/arets-sista-nyhetsbrev\/","title":{"rendered":"\u00c5rets sista nyhetsbrev"},"content":{"rendered":"<p>Nyhetsbrev nr 3 fr\u00e5n Portugalagent. December 2018.<\/p>\n<p><strong>Inget SPAM \u2013 bara information<br \/>\n<\/strong>Nu var det l\u00e4nge sedan vi skickade ut ett nyhetsbrev. (G\u00e4ller allts\u00e5 de som \u00e4r med i v\u00e5rt kundregister) Luften gick ur oss litegrann under v\u00e5ren n\u00e4r \u201dalla\u201d skickade e-post om GDPR. Det var spam p\u00e5 h\u00f6g niv\u00e5 d\u00e4r man ombads svara p\u00e5 fr\u00e5gor om utskick och register. Nu tar vi oss friheten att skicka ett sista nyhetsbrev f\u00f6r i \u00e5r \u2013 utan att fr\u00e5ga f\u00f6rst.<br \/>\nVill du inte ha fler utskick fr\u00e5n oss: Svara p\u00e5 detta och s\u00e4g ifr\u00e5n s\u00e5 tar vi bort dig ur registret.<\/p>\n<p><strong>Bostadsutveckling och marknadsf\u00f6ring<br \/>\n<\/strong>2018 har varit ett h\u00e4ndelserikt \u00e5r i Nazar\u00e9. Bostadspriserna forts\u00e4tter att stiga och v\u00e5r k\u00e4nsla \u00e4r att de stiger mer i Nazar\u00e9 \u00e4n snittet f\u00f6r hela Portugal som var 6,2 % upp p\u00e5 \u00e5rsbasis i oktober (okt-17 \u2013 okt-18) om man f\u00e5r tro bankernas bed\u00f6mningar. Bes\u00f6k g\u00e4rna Instituto Nacional de Estatistica och hemsidan <u>w<a href=\"https:\/\/www.ine.pt\/xportal\/xmain?xpgid=ine_main&amp;xpid=INE\">ww.ine.pt<\/a><\/u>. D\u00e4r finns mycket statistik om Portugal, \u00e4ven p\u00e5 engelska.<\/p>\n<p>N\u00e4r det g\u00e4ller utveckling av bost\u00e4der i Nazar\u00e9 s\u00e5 har flera nya projekt startat under \u00e5ret som g\u00e5tt. Efterfr\u00e5gan p\u00e5 bra bost\u00e4der forts\u00e4tter att \u00f6ka och ett av de nya projekten som startades i v\u00e5ras \u00e4r redan sluts\u00e5lt. Allts\u00e5 l\u00e5ngt innan det \u00e4r f\u00e4rdigst\u00e4llt eller inflyttningsklart.<\/p>\n<p>Marknadsf\u00f6ringen av Nazar\u00e9 forts\u00e4tter vara stark och \u00f6kande. Mycket tack vare de stora v\u00e5gorna som uppst\u00e5r ibland p\u00e5 vintern och som drar till sig surfare fr\u00e5n hela v\u00e4rlden. Det \u00e4r framf\u00f6rallt deras sponsorer och mediateam som sprider Nazar\u00e9 internationellt. Vi ser Nazar\u00e9 utvecklas allt mer fr\u00e5n att vara en ren sommardestination till att \u00e4ven dra till sig turister som vill se v\u00e5gorna och surfarna vintertid. Man uppskattar att ca 40.000 personer bes\u00f6kte Nazar\u00e9 2014 f\u00f6r att se p\u00e5 v\u00e5gorna. Fram tom oktober 2018 har man haft ca 220.000 bes\u00f6kare. Snacka om \u00f6kning!<\/p>\n<p>N\u00e5gra milstolpar i marknadsf\u00f6ringen av Nazar\u00e9 i \u00e5r: V\u00e5gen byggdes upp i full skala p\u00e5 en stor videosk\u00e4rm som sattes upp p\u00e5 Times Square i New York, Andrew Cotton var med i Skavlan i v\u00e5ras, det var ett stort reportage i New York Times nu under h\u00f6sten, Nazar\u00e9 besj\u00f6ngs av Ulf Lundell i v\u00e5ras och nu i slutet av november hade vi svenske videobloggaren Jon Olsson ute p\u00e5 v\u00e5gorna. Han har ca 1,3 miljoner f\u00f6ljare. Allt detta bidrar f\u00f6rst\u00e5s till en \u00f6kad efterfr\u00e5gan b\u00e5de p\u00e5 att k\u00f6pa bostad och att korttidshyra f\u00f6r en semestervistelse. Det \u00e4r bara att tacka Canyon de Nazar\u00e9 f\u00f6r v\u00e5gorna samt surfarna och mediateamen f\u00f6r den mediala spridningen.<br \/>\nHar du inte bes\u00f6kt Nazar\u00e9 \u00e4n? Tag chansen nu i vinter n\u00e4r v\u00e5gorna g\u00e5r stora. Det \u00e4r en m\u00e4ktig naturupplevelse. Eller som Forbes (www.forbes.com) skrev f\u00f6rra \u00e5ret: <a href=\"https:\/\/www.forbes.com\/sites\/duncanmadden\/2017\/11\/09\/nazare-the-greatest-show-on-earth\/#1afede9f753b\">Nazar\u00e9 \u2013 The Greatest Show on Earth.<\/a><\/p>\n<p><strong>Julkalender 2018<br \/>\n<\/strong>Nu har det varit luck\u00f6ppning. I \u00e5r lanserade vi en adventskalender p\u00e5 <a href=\"https:\/\/www.facebook.com\/portugalagent\/\">Facebook\/Portugalagent<\/a>. Med start 1:a december kan du f\u00f6lja med oss i Nazar\u00e9 med en ny lucka f\u00f6r varje dag fram till och med 25 december. Formen \u00e4r en bild samt en kortare text med betraktelser och tankar. Vi avsl\u00f6jar inget i f\u00f6rv\u00e4g men lovar att det blir b\u00e5de vackert och fult. Sj\u00e4lvklarheter kommer st\u00e5 mot det mer udda i vissa luckor. Hela adventskalendern kommer att kretsa kring v\u00e5rt liv i Nazar\u00e9 och ligger givetvis kvar \u00e4ven senare f\u00f6r den nyfikne. Du kommer kanske att k\u00e4nna igen dig eller n\u00e5gon f\u00f6reteelse i n\u00e5gon av luckorna? Eller s\u00e5 g\u00f6r du inte det alls. Vi f\u00e5r se!<\/p>\n<p><strong>Tre svenska m\u00e4klare<\/strong><br \/>\nSedan i v\u00e5ras har vi ytterligare en svensk m\u00e4klare p\u00e5 kontoret i Nazar\u00e9. <a href=\"\/?page_id=1200\">Ewert Eriksson<\/a> bor i Nazar\u00e9 sedan 2017 och har haft hus h\u00e4r sedan b\u00f6rjan av 2016. Ewert \u00e4r en frist\u00e5ende egenf\u00f6retagare och n\u00e4ra medarbetare till oss. Med Ewerts medverkan i Portugalagent blir det \u00e4nnu enklare f\u00f6r dig som svensk att f\u00e5 hj\u00e4lp med en bra bostadsaff\u00e4r p\u00e5 Silverkusten. Nu finns det n\u00e4stan alltid n\u00e5gon svenskspr\u00e5kig m\u00e4klare till hands i Nazar\u00e9 \u201d24\/7\u201d.<br \/>\nTill skillnad fr\u00e5n andra svenska m\u00e4klare som har objekt till salu i Nazar\u00e9 med omnejd s\u00e5 har vi en stark n\u00e4rvaro h\u00e4r. Vi har m\u00e4kleriet etablerat h\u00e4r. Vi har sj\u00e4lva sett de objekt vi f\u00f6rmedlar och vi hittar mycket bra i omgivningarna. Nazar\u00e9 \u00e4r ju v\u00e5r hemstad. Varmt v\u00e4lkommen!<\/p>\n<p><strong>Ett\u00e5rsjubileum som NHR<\/strong><br \/>\nI b\u00f6rjan av december \u00e4r det ett \u00e5r sedan vi svenska \u00e4gare och grundare av m\u00e4kleriet flyttade till Portugal. Nu har vi sj\u00e4lva gjort det d\u00e4r som vissa redan gjort och som m\u00e5nga andra dr\u00f6mmer om att g\u00f6ra. F\u00f6r er som funderar p\u00e5 att ta steget och l\u00e4mna Sverige kan det ju vara bra att veta att det finns en m\u00e4klarfirma p\u00e5 Silverkusten d\u00e4r de svenska m\u00e4klarna sj\u00e4lva har gjort den resan och tagit steget att l\u00e4mna Sverige f\u00f6r Portugal. Tillsammans med Ewert har vi egen erfarenhet av att flytta fr\u00e5n Sverige och avveckla allt d\u00e4r. Vi har ocks\u00e5 egen erfarenhet fr\u00e5n att flytta in i Portugal och bli skatteskrivna h\u00e4r. Dessutom har vi erfarenhet av att starta och driva f\u00f6retag i Portugal.<\/p>\n<p><strong>Intresserad? H\u00e5ll dig uppdaterad!<\/strong><br \/>\nPortugalagent kommunicerar och medverkar st\u00e4ndigt p\u00e5 sociala medier. P\u00e5 v\u00e5r egen hemsida publicerar vi l\u00f6pande nyheter som r\u00f6r verksamheten samt givetvis nya objekt som \u00e4r till salu. Vill du ha lite mer information om livet i Portugal, tips p\u00e5 aktiviteter, se roliga bilder eller l\u00e4sa lite mer personliga reflektioner och kommentarer \u00f6ver allt m\u00f6jligt som har med livet i Portugal att g\u00f6ra tycker jag att du ska f\u00f6lja oss p\u00e5 Instagram och Facebook. Du finner oss som \u201dPortugalagent\u201d p\u00e5 sociala medier.<\/p>\n<p>Bra att veta: om du inte finner det du s\u00f6ker p\u00e5 v\u00e5r hemsida \u2013 googla! Portugalagent.com \u00e4r s\u00f6kmotoroptimerad och om du s\u00f6ker p\u00e5 det du letar efter samt l\u00e4gger till \u201dPortugalagent\u201d s\u00e5 kommer du garanterat till r\u00e4tt inl\u00e4gg. Om vi har skrivit n\u00e5got om det \u00e4mne du fr\u00e5gar efter s\u00e5 kommer Portugalagent ofta upp p\u00e5 f\u00f6rstasidan p\u00e5 Google.<\/p>\n<p>Vill du tr\u00e4ffa oss i Sverige m\u00f6ter du oss p\u00e5 flera olika <a href=\"http:\/\/www.fairmedia.se\/sv\/massor\/\">m\u00e4ssor nu under v\u00e5ren 2019<\/a>. B\u00e5de i Malm\u00f6, G\u00f6teborg och Stockholm. Vill du tr\u00e4ffa oss i Portugal \u00e4r du alltid v\u00e4lkommen till Nazar\u00e9, men boka g\u00e4rna en tid f\u00f6rst s\u00e5 du vet att vi inte \u00e4r uppbokade med annat n\u00e4r du kommer.<\/p>\n<p>&nbsp;<\/p>\n<p><strong>God Jul och Gott Nytt \u00c5r \u00f6nskar vi fr\u00e5n <\/strong><strong>Nazar\u00e9 och Silverkusten!<\/strong><\/p>\n<p>&nbsp;<\/p>\n<p><strong>Kari Fors\u00e9n&nbsp;&nbsp;&nbsp;&nbsp;<\/strong>&nbsp;&nbsp;&nbsp;&nbsp;&nbsp;&nbsp;&nbsp;&nbsp;&nbsp;&nbsp;&nbsp;&nbsp;&nbsp;&nbsp;&nbsp;&nbsp;&nbsp;&nbsp;&nbsp;&nbsp;&nbsp;&nbsp;&nbsp;&nbsp;&nbsp;&nbsp;&nbsp;&nbsp;&nbsp;&nbsp;&nbsp;&nbsp;&nbsp;&nbsp;&nbsp;&nbsp;&nbsp;&nbsp;&nbsp;&nbsp;&nbsp;&nbsp;&nbsp;&nbsp;&nbsp;&nbsp;&nbsp;&nbsp;&nbsp;&nbsp;&nbsp;&nbsp;&nbsp;&nbsp;&nbsp;<strong>Niklas Fors\u00e9n &nbsp;&nbsp;&nbsp;&nbsp;&nbsp;&nbsp;&nbsp;&nbsp;<\/strong><br \/>\nTel: +46-70-910 95 60&nbsp; &nbsp; &nbsp; &nbsp; &nbsp; &nbsp; &nbsp; &nbsp; &nbsp; &nbsp; &nbsp; &nbsp; &nbsp; &nbsp; &nbsp; &nbsp; &nbsp; &nbsp; &nbsp; &nbsp; &nbsp; &nbsp;Tel: +46-70-592 60 76<br \/>\nMejl: <a href=\"mailto:kari@portugalagent.com\">kari@portugalagent.com<\/a>&nbsp; &nbsp; &nbsp; &nbsp; &nbsp; &nbsp; &nbsp; &nbsp; &nbsp; &nbsp; &nbsp; &nbsp; &nbsp; &nbsp; Mejl: <a href=\"mailto:niklas@portugalagent.com\">niklas@portugalagent.com<\/a><\/p>\n<p>&nbsp;<\/p>\n<p>F\u00f6lj oss p\u00e5 Facebook och Instagram.&nbsp; <a href=\"https:\/\/www.facebook.com\/portugalagent\/\">#portugalagent<\/a> <a href=\"https:\/\/www.instagram.com\/portugalagent\/?hl=sv\">@portugalagent<\/a><\/p>\n<p>Se \u00e4ven f\u00e4rska objekt p\u00e5 v\u00e5rt portugisiska m\u00e4kleri:&nbsp; &nbsp; <a href=\"https:\/\/imonazare.com\/\">www.imonazare.com<\/a><\/p>\n<p>&nbsp;<\/p>\n","protected":false},"excerpt":{"rendered":"<p>Nyhetsbrev nr 3 fr\u00e5n Portugalagent. December 2018. Inget SPAM \u2013 bara information Nu var det l\u00e4nge sedan vi skickade ut ett nyhetsbrev. (G\u00e4ller allts\u00e5 de som \u00e4r med i v\u00e5rt kundregister) Luften gick ur oss litegrann under v\u00e5ren n\u00e4r \u201dalla\u201d skickade e-post om GDPR. Det var spam p\u00e5 h\u00f6g niv\u00e5 d\u00e4r man ombads svara p\u00e5 [&hellip;]<\/p>\n","protected":false},"author":6,"featured_media":44364,"comment_status":"open","ping_status":"open","sticky":false,"template":"","format":"standard","meta":{"om_disable_all_campaigns":false,"_monsterinsights_skip_tracking":false,"_monsterinsights_sitenote_active":false,"_monsterinsights_sitenote_note":"","_monsterinsights_sitenote_category":0},"categories":[23,30,18,24],"tags":[],"aioseo_notices":[],"yoast_head":"<!-- This site is optimized with the Yoast SEO plugin v19.10 - https:\/\/yoast.com\/wordpress\/plugins\/seo\/ -->\n<title>\u00c5rets sista nyhetsbrev - Portugal Agent<\/title>\n<meta name=\"robots\" content=\"index, follow, max-snippet:-1, max-image-preview:large, max-video-preview:-1\" \/>\n<link rel=\"canonical\" href=\"https:\/\/portugalagent.com\/sv\/arets-sista-nyhetsbrev\/\" \/>\n<meta property=\"og:locale\" content=\"sv_SE\" \/>\n<meta property=\"og:type\" content=\"article\" \/>\n<meta property=\"og:title\" content=\"\u00c5rets sista nyhetsbrev - Portugal Agent\" \/>\n<meta property=\"og:description\" content=\"Nyhetsbrev nr 3 fr\u00e5n Portugalagent. December 2018. Inget SPAM \u2013 bara information Nu var det l\u00e4nge sedan vi skickade ut ett nyhetsbrev. (G\u00e4ller allts\u00e5 de som \u00e4r med i v\u00e5rt kundregister) Luften gick ur oss litegrann under v\u00e5ren n\u00e4r \u201dalla\u201d skickade e-post om GDPR. Det var spam p\u00e5 h\u00f6g niv\u00e5 d\u00e4r man ombads svara p\u00e5 [&hellip;]\" \/>\n<meta property=\"og:url\" content=\"https:\/\/portugalagent.com\/sv\/arets-sista-nyhetsbrev\/\" \/>\n<meta property=\"og:site_name\" content=\"Portugal Agent\" \/>\n<meta property=\"article:published_time\" content=\"2018-12-25T00:00:00+00:00\" \/>\n<meta property=\"article:modified_time\" content=\"2020-03-04T17:42:05+00:00\" \/>\n<meta property=\"og:image\" content=\"https:\/\/portugalagent.com\/wp-content\/uploads\/2018\/12\/DSC_6186NET.jpg?v=1583343693\" \/>\n\t<meta property=\"og:image:width\" content=\"1800\" \/>\n\t<meta property=\"og:image:height\" content=\"1202\" \/>\n\t<meta property=\"og:image:type\" content=\"image\/jpeg\" \/>\n<meta name=\"author\" content=\"info@imonazare.pt\" \/>\n<meta name=\"twitter:card\" content=\"summary_large_image\" \/>\n<meta name=\"twitter:label1\" content=\"Skriven av\" \/>\n\t<meta name=\"twitter:data1\" content=\"info@imonazare.pt\" \/>\n\t<meta name=\"twitter:label2\" content=\"Ber\u00e4knad l\u00e4stid\" \/>\n\t<meta name=\"twitter:data2\" content=\"7 minuter\" \/>\n<script type=\"application\/ld+json\" class=\"yoast-schema-graph\">{\"@context\":\"https:\/\/schema.org\",\"@graph\":[{\"@type\":\"Article\",\"@id\":\"https:\/\/portugalagent.com\/sv\/arets-sista-nyhetsbrev\/#article\",\"isPartOf\":{\"@id\":\"https:\/\/portugalagent.com\/sv\/arets-sista-nyhetsbrev\/\"},\"author\":{\"name\":\"info@imonazare.pt\",\"@id\":\"https:\/\/portugalagent.com\/sv\/#\/schema\/person\/c6c7df322d2649cc7a1e8dc30315710c\"},\"headline\":\"\u00c5rets sista nyhetsbrev\",\"datePublished\":\"2018-12-25T00:00:00+00:00\",\"dateModified\":\"2020-03-04T17:42:05+00:00\",\"mainEntityOfPage\":{\"@id\":\"https:\/\/portugalagent.com\/sv\/arets-sista-nyhetsbrev\/\"},\"wordCount\":1338,\"commentCount\":0,\"publisher\":{\"@id\":\"https:\/\/portugalagent.com\/sv\/#organization\"},\"articleSection\":[\"K\u00f6pa bostad i Portugal\",\"news\",\"Nyheter\",\"Silverkusten Portugal\"],\"inLanguage\":\"sv-SE\",\"potentialAction\":[{\"@type\":\"CommentAction\",\"name\":\"Comment\",\"target\":[\"https:\/\/portugalagent.com\/sv\/arets-sista-nyhetsbrev\/#respond\"]}]},{\"@type\":\"WebPage\",\"@id\":\"https:\/\/portugalagent.com\/sv\/arets-sista-nyhetsbrev\/\",\"url\":\"https:\/\/portugalagent.com\/sv\/arets-sista-nyhetsbrev\/\",\"name\":\"\u00c5rets sista nyhetsbrev - Portugal Agent\",\"isPartOf\":{\"@id\":\"https:\/\/portugalagent.com\/sv\/#website\"},\"datePublished\":\"2018-12-25T00:00:00+00:00\",\"dateModified\":\"2020-03-04T17:42:05+00:00\",\"breadcrumb\":{\"@id\":\"https:\/\/portugalagent.com\/sv\/arets-sista-nyhetsbrev\/#breadcrumb\"},\"inLanguage\":\"sv-SE\",\"potentialAction\":[{\"@type\":\"ReadAction\",\"target\":[\"https:\/\/portugalagent.com\/sv\/arets-sista-nyhetsbrev\/\"]}]},{\"@type\":\"BreadcrumbList\",\"@id\":\"https:\/\/portugalagent.com\/sv\/arets-sista-nyhetsbrev\/#breadcrumb\",\"itemListElement\":[{\"@type\":\"ListItem\",\"position\":1,\"name\":\"Home\",\"item\":\"https:\/\/portugalagent.com\/sv\/\"},{\"@type\":\"ListItem\",\"position\":2,\"name\":\"\u00c5rets sista nyhetsbrev\"}]},{\"@type\":\"WebSite\",\"@id\":\"https:\/\/portugalagent.com\/sv\/#website\",\"url\":\"https:\/\/portugalagent.com\/sv\/\",\"name\":\"Portugal Agent\",\"description\":\"\",\"publisher\":{\"@id\":\"https:\/\/portugalagent.com\/sv\/#organization\"},\"potentialAction\":[{\"@type\":\"SearchAction\",\"target\":{\"@type\":\"EntryPoint\",\"urlTemplate\":\"https:\/\/portugalagent.com\/sv\/?s={search_term_string}\"},\"query-input\":\"required name=search_term_string\"}],\"inLanguage\":\"sv-SE\"},{\"@type\":\"Organization\",\"@id\":\"https:\/\/portugalagent.com\/sv\/#organization\",\"name\":\"Portugal Agent\",\"url\":\"https:\/\/portugalagent.com\/sv\/\",\"logo\":{\"@type\":\"ImageObject\",\"inLanguage\":\"sv-SE\",\"@id\":\"https:\/\/portugalagent.com\/sv\/#\/schema\/logo\/image\/\",\"url\":\"https:\/\/portugalagent.com\/wp-content\/uploads\/2020\/11\/portugalagent.svg\",\"contentUrl\":\"https:\/\/portugalagent.com\/wp-content\/uploads\/2020\/11\/portugalagent.svg\",\"caption\":\"Portugal Agent\"},\"image\":{\"@id\":\"https:\/\/portugalagent.com\/sv\/#\/schema\/logo\/image\/\"}},{\"@type\":\"Person\",\"@id\":\"https:\/\/portugalagent.com\/sv\/#\/schema\/person\/c6c7df322d2649cc7a1e8dc30315710c\",\"name\":\"info@imonazare.pt\",\"image\":{\"@type\":\"ImageObject\",\"inLanguage\":\"sv-SE\",\"@id\":\"https:\/\/portugalagent.com\/sv\/#\/schema\/person\/image\/\",\"url\":\"https:\/\/secure.gravatar.com\/avatar\/7639f7443397461ac5688ed1f026f318?s=96&d=mm&r=g\",\"contentUrl\":\"https:\/\/secure.gravatar.com\/avatar\/7639f7443397461ac5688ed1f026f318?s=96&d=mm&r=g\",\"caption\":\"info@imonazare.pt\"},\"sameAs\":[\"niklas@portugalagent.com\"],\"url\":\"https:\/\/portugalagent.com\/sv\/author\/infoimonazare-pt\/\"}]}<\/script>\n<!-- \/ Yoast SEO plugin. -->","yoast_head_json":{"title":"\u00c5rets sista nyhetsbrev - Portugal Agent","robots":{"index":"index","follow":"follow","max-snippet":"max-snippet:-1","max-image-preview":"max-image-preview:large","max-video-preview":"max-video-preview:-1"},"canonical":"https:\/\/portugalagent.com\/sv\/arets-sista-nyhetsbrev\/","og_locale":"sv_SE","og_type":"article","og_title":"\u00c5rets sista nyhetsbrev - Portugal Agent","og_description":"Nyhetsbrev nr 3 fr\u00e5n Portugalagent. December 2018. Inget SPAM \u2013 bara information Nu var det l\u00e4nge sedan vi skickade ut ett nyhetsbrev. (G\u00e4ller allts\u00e5 de som \u00e4r med i v\u00e5rt kundregister) Luften gick ur oss litegrann under v\u00e5ren n\u00e4r \u201dalla\u201d skickade e-post om GDPR. Det var spam p\u00e5 h\u00f6g niv\u00e5 d\u00e4r man ombads svara p\u00e5 [&hellip;]","og_url":"https:\/\/portugalagent.com\/sv\/arets-sista-nyhetsbrev\/","og_site_name":"Portugal Agent","article_published_time":"2018-12-25T00:00:00+00:00","article_modified_time":"2020-03-04T17:42:05+00:00","og_image":[{"width":1800,"height":1202,"url":"https:\/\/portugalagent.com\/wp-content\/uploads\/2018\/12\/DSC_6186NET.jpg?v=1583343693","type":"image\/jpeg"}],"author":"info@imonazare.pt","twitter_card":"summary_large_image","twitter_misc":{"Skriven av":"info@imonazare.pt","Ber\u00e4knad l\u00e4stid":"7 minuter"},"schema":{"@context":"https:\/\/schema.org","@graph":[{"@type":"Article","@id":"https:\/\/portugalagent.com\/sv\/arets-sista-nyhetsbrev\/#article","isPartOf":{"@id":"https:\/\/portugalagent.com\/sv\/arets-sista-nyhetsbrev\/"},"author":{"name":"info@imonazare.pt","@id":"https:\/\/portugalagent.com\/sv\/#\/schema\/person\/c6c7df322d2649cc7a1e8dc30315710c"},"headline":"\u00c5rets sista nyhetsbrev","datePublished":"2018-12-25T00:00:00+00:00","dateModified":"2020-03-04T17:42:05+00:00","mainEntityOfPage":{"@id":"https:\/\/portugalagent.com\/sv\/arets-sista-nyhetsbrev\/"},"wordCount":1338,"commentCount":0,"publisher":{"@id":"https:\/\/portugalagent.com\/sv\/#organization"},"articleSection":["K\u00f6pa bostad i Portugal","news","Nyheter","Silverkusten Portugal"],"inLanguage":"sv-SE","potentialAction":[{"@type":"CommentAction","name":"Comment","target":["https:\/\/portugalagent.com\/sv\/arets-sista-nyhetsbrev\/#respond"]}]},{"@type":"WebPage","@id":"https:\/\/portugalagent.com\/sv\/arets-sista-nyhetsbrev\/","url":"https:\/\/portugalagent.com\/sv\/arets-sista-nyhetsbrev\/","name":"\u00c5rets sista nyhetsbrev - Portugal Agent","isPartOf":{"@id":"https:\/\/portugalagent.com\/sv\/#website"},"datePublished":"2018-12-25T00:00:00+00:00","dateModified":"2020-03-04T17:42:05+00:00","breadcrumb":{"@id":"https:\/\/portugalagent.com\/sv\/arets-sista-nyhetsbrev\/#breadcrumb"},"inLanguage":"sv-SE","potentialAction":[{"@type":"ReadAction","target":["https:\/\/portugalagent.com\/sv\/arets-sista-nyhetsbrev\/"]}]},{"@type":"BreadcrumbList","@id":"https:\/\/portugalagent.com\/sv\/arets-sista-nyhetsbrev\/#breadcrumb","itemListElement":[{"@type":"ListItem","position":1,"name":"Home","item":"https:\/\/portugalagent.com\/sv\/"},{"@type":"ListItem","position":2,"name":"\u00c5rets sista nyhetsbrev"}]},{"@type":"WebSite","@id":"https:\/\/portugalagent.com\/sv\/#website","url":"https:\/\/portugalagent.com\/sv\/","name":"Portugal Agent","description":"","publisher":{"@id":"https:\/\/portugalagent.com\/sv\/#organization"},"potentialAction":[{"@type":"SearchAction","target":{"@type":"EntryPoint","urlTemplate":"https:\/\/portugalagent.com\/sv\/?s={search_term_string}"},"query-input":"required name=search_term_string"}],"inLanguage":"sv-SE"},{"@type":"Organization","@id":"https:\/\/portugalagent.com\/sv\/#organization","name":"Portugal Agent","url":"https:\/\/portugalagent.com\/sv\/","logo":{"@type":"ImageObject","inLanguage":"sv-SE","@id":"https:\/\/portugalagent.com\/sv\/#\/schema\/logo\/image\/","url":"https:\/\/portugalagent.com\/wp-content\/uploads\/2020\/11\/portugalagent.svg","contentUrl":"https:\/\/portugalagent.com\/wp-content\/uploads\/2020\/11\/portugalagent.svg","caption":"Portugal Agent"},"image":{"@id":"https:\/\/portugalagent.com\/sv\/#\/schema\/logo\/image\/"}},{"@type":"Person","@id":"https:\/\/portugalagent.com\/sv\/#\/schema\/person\/c6c7df322d2649cc7a1e8dc30315710c","name":"info@imonazare.pt","image":{"@type":"ImageObject","inLanguage":"sv-SE","@id":"https:\/\/portugalagent.com\/sv\/#\/schema\/person\/image\/","url":"https:\/\/secure.gravatar.com\/avatar\/7639f7443397461ac5688ed1f026f318?s=96&d=mm&r=g","contentUrl":"https:\/\/secure.gravatar.com\/avatar\/7639f7443397461ac5688ed1f026f318?s=96&d=mm&r=g","caption":"info@imonazare.pt"},"sameAs":["niklas@portugalagent.com"],"url":"https:\/\/portugalagent.com\/sv\/author\/infoimonazare-pt\/"}]}},"_links":{"self":[{"href":"https:\/\/portugalagent.com\/sv\/wp-json\/wp\/v2\/posts\/41289"}],"collection":[{"href":"https:\/\/portugalagent.com\/sv\/wp-json\/wp\/v2\/posts"}],"about":[{"href":"https:\/\/portugalagent.com\/sv\/wp-json\/wp\/v2\/types\/post"}],"author":[{"embeddable":true,"href":"https:\/\/portugalagent.com\/sv\/wp-json\/wp\/v2\/users\/6"}],"replies":[{"embeddable":true,"href":"https:\/\/portugalagent.com\/sv\/wp-json\/wp\/v2\/comments?post=41289"}],"version-history":[{"count":2,"href":"https:\/\/portugalagent.com\/sv\/wp-json\/wp\/v2\/posts\/41289\/revisions"}],"predecessor-version":[{"id":44372,"href":"https:\/\/portugalagent.com\/sv\/wp-json\/wp\/v2\/posts\/41289\/revisions\/44372"}],"wp:featuredmedia":[{"embeddable":true,"href":"https:\/\/portugalagent.com\/sv\/wp-json\/wp\/v2\/media\/44364"}],"wp:attachment":[{"href":"https:\/\/portugalagent.com\/sv\/wp-json\/wp\/v2\/media?parent=41289"}],"wp:term":[{"taxonomy":"category","embeddable":true,"href":"https:\/\/portugalagent.com\/sv\/wp-json\/wp\/v2\/categories?post=41289"},{"taxonomy":"post_tag","embeddable":true,"href":"https:\/\/portugalagent.com\/sv\/wp-json\/wp\/v2\/tags?post=41289"}],"curies":[{"name":"wp","href":"https:\/\/api.w.org\/{rel}","templated":true}]}}