{"id":41286,"date":"2018-11-11T00:00:00","date_gmt":"2018-11-11T00:00:00","guid":{"rendered":"https:\/\/www.go4digital-web.pt\/dev\/portugalagent\/stora-vagor-fredag-9-november\/"},"modified":"2020-03-04T18:04:19","modified_gmt":"2020-03-04T18:04:19","slug":"stora-vagor-fredag-9-november","status":"publish","type":"post","link":"https:\/\/portugalagent.com\/sv\/stora-vagor-fredag-9-november\/","title":{"rendered":"Stora v\u00e5gor fredag 9 november"},"content":{"rendered":"<p>Big Wave Tour p\u00e5g\u00e5r p\u00e5 tre platser i v\u00e4rlden under tiden f\u00f6rsta oktober till sista mars 2018 och 2019. Platserna \u00e4r:<\/p>\n<ul>\n<li>\n<h5>Nazar\u00e9 Challenge<\/h5>\n<\/li>\n<li>\n<h5>Mavericks Challenge, Half moon Bay, California (n\u00e4ra San Fransisco)<\/h5>\n<\/li>\n<li>\n<h5>Jaws Challenge, Pe&#8217;ahi, Hawaii<\/h5>\n<\/li>\n<\/ul>\n<p>Eftersom vi bor ca en km fr\u00e5n en av de tre eventplatserna \u00e4r det ju lite sp\u00e4nnande med morgonpromenaden ibland!<br \/>\nSpeciellt d\u00e5 m\u00e5nga anser att Nazar\u00e9 bjuder p\u00e5 de kraftigaste och mest utmanande v\u00e5gorna av de tre platserna. En riktig f\u00f6rdel f\u00f6r oss p\u00e5 land h\u00e4r i Nazar\u00e9 \u00e4r att man kommer s\u00e5 l\u00e5ngt ut p\u00e5 fyrklippan och kan se surfarna och jet-skif\u00f6rarna ganska n\u00e4ra och snett uppifr\u00e5n. Det \u00e4r mycket ovanligt med surfevents.<\/p>\n<p>Klicka p\u00e5 mina bilder nedan fr\u00e5n fredag morgon 9 november 2018. Inte vilken morgonpromenad som helst.<\/p>\n<p>Mer om hur The Big Wave Tour fungerar: <a href=\"http:\/\/www.worldsurfleague.com\/posts\/349509\/the-big-wave-tour-explained\">The Big Wave Tour explained<\/a><\/p>\n<p>L\u00e4nk till World Surf League: <a href=\"http:\/\/www.worldsurfleague.com\/events\/2018\/mbwt\/2886\/nazare-challenge\">WSL&nbsp;<\/a><\/p>\n<p>Foto: Niklas Fors\u00e9n<\/p>\n","protected":false},"excerpt":{"rendered":"<p>Big Wave Tour p\u00e5g\u00e5r p\u00e5 tre platser i v\u00e4rlden under tiden f\u00f6rsta oktober till sista mars 2018 och 2019. Platserna \u00e4r: Nazar\u00e9 Challenge Mavericks Challenge, Half moon Bay, California (n\u00e4ra San Fransisco) Jaws Challenge, Pe&#8217;ahi, Hawaii Eftersom vi bor ca en km fr\u00e5n en av de tre eventplatserna \u00e4r det ju lite sp\u00e4nnande med morgonpromenaden [&hellip;]<\/p>\n","protected":false},"author":6,"featured_media":44413,"comment_status":"open","ping_status":"open","sticky":false,"template":"","format":"standard","meta":{"om_disable_all_campaigns":false,"_monsterinsights_skip_tracking":false,"_monsterinsights_sitenote_active":false,"_monsterinsights_sitenote_note":"","_monsterinsights_sitenote_category":0},"categories":[26,21,30,18],"tags":[],"aioseo_notices":[],"yoast_head":"<!-- This site is optimized with the Yoast SEO plugin v19.10 - https:\/\/yoast.com\/wordpress\/plugins\/seo\/ -->\n<title>Stora v\u00e5gor fredag 9 november - Portugal Agent<\/title>\n<meta name=\"robots\" content=\"index, follow, max-snippet:-1, max-image-preview:large, max-video-preview:-1\" \/>\n<link rel=\"canonical\" href=\"https:\/\/portugalagent.com\/sv\/stora-vagor-fredag-9-november\/\" \/>\n<meta property=\"og:locale\" content=\"sv_SE\" \/>\n<meta property=\"og:type\" content=\"article\" \/>\n<meta property=\"og:title\" content=\"Stora v\u00e5gor fredag 9 november - Portugal Agent\" \/>\n<meta property=\"og:description\" content=\"Big Wave Tour p\u00e5g\u00e5r p\u00e5 tre platser i v\u00e4rlden under tiden f\u00f6rsta oktober till sista mars 2018 och 2019. Platserna \u00e4r: Nazar\u00e9 Challenge Mavericks Challenge, Half moon Bay, California (n\u00e4ra San Fransisco) Jaws Challenge, Pe&#8217;ahi, Hawaii Eftersom vi bor ca en km fr\u00e5n en av de tre eventplatserna \u00e4r det ju lite sp\u00e4nnande med morgonpromenaden [&hellip;]\" \/>\n<meta property=\"og:url\" content=\"https:\/\/portugalagent.com\/sv\/stora-vagor-fredag-9-november\/\" \/>\n<meta property=\"og:site_name\" content=\"Portugal Agent\" \/>\n<meta property=\"article:published_time\" content=\"2018-11-11T00:00:00+00:00\" \/>\n<meta property=\"article:modified_time\" content=\"2020-03-04T18:04:19+00:00\" \/>\n<meta property=\"og:image\" content=\"https:\/\/portugalagent.com\/wp-content\/uploads\/2018\/11\/DSC_4580NET.jpg?v=1583345003\" \/>\n\t<meta property=\"og:image:width\" content=\"1500\" \/>\n\t<meta property=\"og:image:height\" content=\"1001\" \/>\n\t<meta property=\"og:image:type\" content=\"image\/jpeg\" \/>\n<meta name=\"author\" content=\"info@imonazare.pt\" \/>\n<meta name=\"twitter:card\" content=\"summary_large_image\" \/>\n<meta name=\"twitter:label1\" content=\"Skriven av\" \/>\n\t<meta name=\"twitter:data1\" content=\"info@imonazare.pt\" \/>\n\t<meta name=\"twitter:label2\" content=\"Ber\u00e4knad l\u00e4stid\" \/>\n\t<meta name=\"twitter:data2\" content=\"1 minut\" \/>\n<script type=\"application\/ld+json\" class=\"yoast-schema-graph\">{\"@context\":\"https:\/\/schema.org\",\"@graph\":[{\"@type\":\"Article\",\"@id\":\"https:\/\/portugalagent.com\/sv\/stora-vagor-fredag-9-november\/#article\",\"isPartOf\":{\"@id\":\"https:\/\/portugalagent.com\/sv\/stora-vagor-fredag-9-november\/\"},\"author\":{\"name\":\"info@imonazare.pt\",\"@id\":\"https:\/\/portugalagent.com\/sv\/#\/schema\/person\/c6c7df322d2649cc7a1e8dc30315710c\"},\"headline\":\"Stora v\u00e5gor fredag 9 november\",\"datePublished\":\"2018-11-11T00:00:00+00:00\",\"dateModified\":\"2020-03-04T18:04:19+00:00\",\"mainEntityOfPage\":{\"@id\":\"https:\/\/portugalagent.com\/sv\/stora-vagor-fredag-9-november\/\"},\"wordCount\":170,\"commentCount\":0,\"publisher\":{\"@id\":\"https:\/\/portugalagent.com\/sv\/#organization\"},\"articleSection\":[\"Big wave surfing\",\"Nazar\u00e9\",\"news\",\"Nyheter\"],\"inLanguage\":\"sv-SE\",\"potentialAction\":[{\"@type\":\"CommentAction\",\"name\":\"Comment\",\"target\":[\"https:\/\/portugalagent.com\/sv\/stora-vagor-fredag-9-november\/#respond\"]}]},{\"@type\":\"WebPage\",\"@id\":\"https:\/\/portugalagent.com\/sv\/stora-vagor-fredag-9-november\/\",\"url\":\"https:\/\/portugalagent.com\/sv\/stora-vagor-fredag-9-november\/\",\"name\":\"Stora v\u00e5gor fredag 9 november - Portugal Agent\",\"isPartOf\":{\"@id\":\"https:\/\/portugalagent.com\/sv\/#website\"},\"datePublished\":\"2018-11-11T00:00:00+00:00\",\"dateModified\":\"2020-03-04T18:04:19+00:00\",\"breadcrumb\":{\"@id\":\"https:\/\/portugalagent.com\/sv\/stora-vagor-fredag-9-november\/#breadcrumb\"},\"inLanguage\":\"sv-SE\",\"potentialAction\":[{\"@type\":\"ReadAction\",\"target\":[\"https:\/\/portugalagent.com\/sv\/stora-vagor-fredag-9-november\/\"]}]},{\"@type\":\"BreadcrumbList\",\"@id\":\"https:\/\/portugalagent.com\/sv\/stora-vagor-fredag-9-november\/#breadcrumb\",\"itemListElement\":[{\"@type\":\"ListItem\",\"position\":1,\"name\":\"Home\",\"item\":\"https:\/\/portugalagent.com\/sv\/\"},{\"@type\":\"ListItem\",\"position\":2,\"name\":\"Stora v\u00e5gor fredag 9 november\"}]},{\"@type\":\"WebSite\",\"@id\":\"https:\/\/portugalagent.com\/sv\/#website\",\"url\":\"https:\/\/portugalagent.com\/sv\/\",\"name\":\"Portugal Agent\",\"description\":\"\",\"publisher\":{\"@id\":\"https:\/\/portugalagent.com\/sv\/#organization\"},\"potentialAction\":[{\"@type\":\"SearchAction\",\"target\":{\"@type\":\"EntryPoint\",\"urlTemplate\":\"https:\/\/portugalagent.com\/sv\/?s={search_term_string}\"},\"query-input\":\"required name=search_term_string\"}],\"inLanguage\":\"sv-SE\"},{\"@type\":\"Organization\",\"@id\":\"https:\/\/portugalagent.com\/sv\/#organization\",\"name\":\"Portugal Agent\",\"url\":\"https:\/\/portugalagent.com\/sv\/\",\"logo\":{\"@type\":\"ImageObject\",\"inLanguage\":\"sv-SE\",\"@id\":\"https:\/\/portugalagent.com\/sv\/#\/schema\/logo\/image\/\",\"url\":\"https:\/\/portugalagent.com\/wp-content\/uploads\/2020\/11\/portugalagent.svg\",\"contentUrl\":\"https:\/\/portugalagent.com\/wp-content\/uploads\/2020\/11\/portugalagent.svg\",\"caption\":\"Portugal Agent\"},\"image\":{\"@id\":\"https:\/\/portugalagent.com\/sv\/#\/schema\/logo\/image\/\"}},{\"@type\":\"Person\",\"@id\":\"https:\/\/portugalagent.com\/sv\/#\/schema\/person\/c6c7df322d2649cc7a1e8dc30315710c\",\"name\":\"info@imonazare.pt\",\"image\":{\"@type\":\"ImageObject\",\"inLanguage\":\"sv-SE\",\"@id\":\"https:\/\/portugalagent.com\/sv\/#\/schema\/person\/image\/\",\"url\":\"https:\/\/secure.gravatar.com\/avatar\/7639f7443397461ac5688ed1f026f318?s=96&d=mm&r=g\",\"contentUrl\":\"https:\/\/secure.gravatar.com\/avatar\/7639f7443397461ac5688ed1f026f318?s=96&d=mm&r=g\",\"caption\":\"info@imonazare.pt\"},\"sameAs\":[\"niklas@portugalagent.com\"],\"url\":\"https:\/\/portugalagent.com\/sv\/author\/infoimonazare-pt\/\"}]}<\/script>\n<!-- \/ Yoast SEO plugin. -->","yoast_head_json":{"title":"Stora v\u00e5gor fredag 9 november - Portugal Agent","robots":{"index":"index","follow":"follow","max-snippet":"max-snippet:-1","max-image-preview":"max-image-preview:large","max-video-preview":"max-video-preview:-1"},"canonical":"https:\/\/portugalagent.com\/sv\/stora-vagor-fredag-9-november\/","og_locale":"sv_SE","og_type":"article","og_title":"Stora v\u00e5gor fredag 9 november - Portugal Agent","og_description":"Big Wave Tour p\u00e5g\u00e5r p\u00e5 tre platser i v\u00e4rlden under tiden f\u00f6rsta oktober till sista mars 2018 och 2019. Platserna \u00e4r: Nazar\u00e9 Challenge Mavericks Challenge, Half moon Bay, California (n\u00e4ra San Fransisco) Jaws Challenge, Pe&#8217;ahi, Hawaii Eftersom vi bor ca en km fr\u00e5n en av de tre eventplatserna \u00e4r det ju lite sp\u00e4nnande med morgonpromenaden [&hellip;]","og_url":"https:\/\/portugalagent.com\/sv\/stora-vagor-fredag-9-november\/","og_site_name":"Portugal Agent","article_published_time":"2018-11-11T00:00:00+00:00","article_modified_time":"2020-03-04T18:04:19+00:00","og_image":[{"width":1500,"height":1001,"url":"https:\/\/portugalagent.com\/wp-content\/uploads\/2018\/11\/DSC_4580NET.jpg?v=1583345003","type":"image\/jpeg"}],"author":"info@imonazare.pt","twitter_card":"summary_large_image","twitter_misc":{"Skriven av":"info@imonazare.pt","Ber\u00e4knad l\u00e4stid":"1 minut"},"schema":{"@context":"https:\/\/schema.org","@graph":[{"@type":"Article","@id":"https:\/\/portugalagent.com\/sv\/stora-vagor-fredag-9-november\/#article","isPartOf":{"@id":"https:\/\/portugalagent.com\/sv\/stora-vagor-fredag-9-november\/"},"author":{"name":"info@imonazare.pt","@id":"https:\/\/portugalagent.com\/sv\/#\/schema\/person\/c6c7df322d2649cc7a1e8dc30315710c"},"headline":"Stora v\u00e5gor fredag 9 november","datePublished":"2018-11-11T00:00:00+00:00","dateModified":"2020-03-04T18:04:19+00:00","mainEntityOfPage":{"@id":"https:\/\/portugalagent.com\/sv\/stora-vagor-fredag-9-november\/"},"wordCount":170,"commentCount":0,"publisher":{"@id":"https:\/\/portugalagent.com\/sv\/#organization"},"articleSection":["Big wave surfing","Nazar\u00e9","news","Nyheter"],"inLanguage":"sv-SE","potentialAction":[{"@type":"CommentAction","name":"Comment","target":["https:\/\/portugalagent.com\/sv\/stora-vagor-fredag-9-november\/#respond"]}]},{"@type":"WebPage","@id":"https:\/\/portugalagent.com\/sv\/stora-vagor-fredag-9-november\/","url":"https:\/\/portugalagent.com\/sv\/stora-vagor-fredag-9-november\/","name":"Stora v\u00e5gor fredag 9 november - Portugal Agent","isPartOf":{"@id":"https:\/\/portugalagent.com\/sv\/#website"},"datePublished":"2018-11-11T00:00:00+00:00","dateModified":"2020-03-04T18:04:19+00:00","breadcrumb":{"@id":"https:\/\/portugalagent.com\/sv\/stora-vagor-fredag-9-november\/#breadcrumb"},"inLanguage":"sv-SE","potentialAction":[{"@type":"ReadAction","target":["https:\/\/portugalagent.com\/sv\/stora-vagor-fredag-9-november\/"]}]},{"@type":"BreadcrumbList","@id":"https:\/\/portugalagent.com\/sv\/stora-vagor-fredag-9-november\/#breadcrumb","itemListElement":[{"@type":"ListItem","position":1,"name":"Home","item":"https:\/\/portugalagent.com\/sv\/"},{"@type":"ListItem","position":2,"name":"Stora v\u00e5gor fredag 9 november"}]},{"@type":"WebSite","@id":"https:\/\/portugalagent.com\/sv\/#website","url":"https:\/\/portugalagent.com\/sv\/","name":"Portugal Agent","description":"","publisher":{"@id":"https:\/\/portugalagent.com\/sv\/#organization"},"potentialAction":[{"@type":"SearchAction","target":{"@type":"EntryPoint","urlTemplate":"https:\/\/portugalagent.com\/sv\/?s={search_term_string}"},"query-input":"required name=search_term_string"}],"inLanguage":"sv-SE"},{"@type":"Organization","@id":"https:\/\/portugalagent.com\/sv\/#organization","name":"Portugal Agent","url":"https:\/\/portugalagent.com\/sv\/","logo":{"@type":"ImageObject","inLanguage":"sv-SE","@id":"https:\/\/portugalagent.com\/sv\/#\/schema\/logo\/image\/","url":"https:\/\/portugalagent.com\/wp-content\/uploads\/2020\/11\/portugalagent.svg","contentUrl":"https:\/\/portugalagent.com\/wp-content\/uploads\/2020\/11\/portugalagent.svg","caption":"Portugal Agent"},"image":{"@id":"https:\/\/portugalagent.com\/sv\/#\/schema\/logo\/image\/"}},{"@type":"Person","@id":"https:\/\/portugalagent.com\/sv\/#\/schema\/person\/c6c7df322d2649cc7a1e8dc30315710c","name":"info@imonazare.pt","image":{"@type":"ImageObject","inLanguage":"sv-SE","@id":"https:\/\/portugalagent.com\/sv\/#\/schema\/person\/image\/","url":"https:\/\/secure.gravatar.com\/avatar\/7639f7443397461ac5688ed1f026f318?s=96&d=mm&r=g","contentUrl":"https:\/\/secure.gravatar.com\/avatar\/7639f7443397461ac5688ed1f026f318?s=96&d=mm&r=g","caption":"info@imonazare.pt"},"sameAs":["niklas@portugalagent.com"],"url":"https:\/\/portugalagent.com\/sv\/author\/infoimonazare-pt\/"}]}},"_links":{"self":[{"href":"https:\/\/portugalagent.com\/sv\/wp-json\/wp\/v2\/posts\/41286"}],"collection":[{"href":"https:\/\/portugalagent.com\/sv\/wp-json\/wp\/v2\/posts"}],"about":[{"href":"https:\/\/portugalagent.com\/sv\/wp-json\/wp\/v2\/types\/post"}],"author":[{"embeddable":true,"href":"https:\/\/portugalagent.com\/sv\/wp-json\/wp\/v2\/users\/6"}],"replies":[{"embeddable":true,"href":"https:\/\/portugalagent.com\/sv\/wp-json\/wp\/v2\/comments?post=41286"}],"version-history":[{"count":2,"href":"https:\/\/portugalagent.com\/sv\/wp-json\/wp\/v2\/posts\/41286\/revisions"}],"predecessor-version":[{"id":44486,"href":"https:\/\/portugalagent.com\/sv\/wp-json\/wp\/v2\/posts\/41286\/revisions\/44486"}],"wp:featuredmedia":[{"embeddable":true,"href":"https:\/\/portugalagent.com\/sv\/wp-json\/wp\/v2\/media\/44413"}],"wp:attachment":[{"href":"https:\/\/portugalagent.com\/sv\/wp-json\/wp\/v2\/media?parent=41286"}],"wp:term":[{"taxonomy":"category","embeddable":true,"href":"https:\/\/portugalagent.com\/sv\/wp-json\/wp\/v2\/categories?post=41286"},{"taxonomy":"post_tag","embeddable":true,"href":"https:\/\/portugalagent.com\/sv\/wp-json\/wp\/v2\/tags?post=41286"}],"curies":[{"name":"wp","href":"https:\/\/api.w.org\/{rel}","templated":true}]}}