{"id":41285,"date":"2018-11-08T00:00:00","date_gmt":"2018-11-08T00:00:00","guid":{"rendered":"https:\/\/www.go4digital-web.pt\/dev\/portugalagent\/en-vandring-pa-silverkusten\/"},"modified":"2020-04-23T19:15:26","modified_gmt":"2020-04-23T19:15:26","slug":"en-vandring-pa-silverkusten","status":"publish","type":"post","link":"https:\/\/portugalagent.com\/sv\/en-vandring-pa-silverkusten\/","title":{"rendered":"En vandring p\u00e5 Silverkusten"},"content":{"rendered":"<p>P\u00e5 f\u00f6rmiddagen den 7 november samlades vi ett litet s\u00e4llskap svenska Nazar\u00e9bor, vid restaurang Tasca do Janeca uppe p\u00e5 \u00e5sen ovanf\u00f6r Praia do Salgado f\u00f6r att vandra en runda i mycket fint v\u00e4der. \u00c5sen som str\u00e4cker sig mellan Nazar\u00e9 i norr och&nbsp;S\u00e3o Martinho do Porto i s\u00f6der n\u00e5r h\u00f6jder p\u00e5 ca 150 m\u00f6h och bildar ett fint vind- och havsskydd f\u00f6r jordbruksbygden som ligger p\u00e5 \u00f6stra sidan, n\u00e4stan nere p\u00e5 havsniv\u00e5. H\u00e4r finns ett fint n\u00e4t av slingriga traktorv\u00e4gar kombinerat med rena stigar som vindlar upp och ner p\u00e5 b\u00e5da sidorna om \u00e5sen. Hela omr\u00e5det \u00e4r mycket vackert och ganska l\u00e4tt att f\u00e5 grepp om p\u00e5 egen hand. Man hittar alltid till n\u00e5gon av de lite st\u00f6rre bilv\u00e4garna om man k\u00e4nner sig vilse och d\u00e4rifr\u00e5n orienterar man sig l\u00e4tt vidare. Lite beroende av var man b\u00f6rjar och slutar s\u00e5 kan man f\u00e5 till vandringar i varierade l\u00e4ngder. S\u00e4g uppemot 30 km om man startar i Nazar\u00e9 eller&nbsp;S\u00e3o Martinho do Porto och s\u00e5 att s\u00e4ga g\u00f6r ett helvarv. Man kan ocks\u00e5 som vi gjorde v\u00e4lja en godbit p\u00e5 mitten. Det blev 11 km i rena sommarv\u00e4rmen. Bra med en trevlig lunchrestaurang efter\u00e5t!<\/p>\n<p><strong>Kortfakta<\/strong><br \/>\nDistans: 11 km p\u00e5 bitvis branta stigar.<br \/>\nTotal stigning: 330 m<br \/>\nTid: 2 tim 32 minuter<\/p>\n<p>Vi gick s\u00e5 att s\u00e4ga medurs. Startade med att g\u00e5 ca 1 km ner f\u00f6r den asfalterade v\u00e4gen som g\u00e5r till Famalic\u00e3o. Sedan s\u00f6derut p\u00e5 sm\u00e5 traktorv\u00e4gar som g\u00e5r p\u00e5 skr\u00e5 utefter sluttningen. Vid Serra de Mangues passerade vi sedan \u00e5sen och tog oss ut p\u00e5 v\u00e4stsidan med Atlanten p\u00e5 v\u00e5r v\u00e4nstra sida. D\u00e4rifr\u00e5n orienterade vi oss norrut mot Salgado och sedan upp till en av v\u00e4derkvarnarna nedanf\u00f6r restaurang&nbsp;Tasca do Janeca.<\/p>\n<p>Bilderna nedan f\u00f6ljer i n\u00e5gorlunda r\u00e4tt ordning fr\u00e5n start till m\u00e5l.<\/p>\n","protected":false},"excerpt":{"rendered":"<p>P\u00e5 f\u00f6rmiddagen den 7 november samlades vi ett litet s\u00e4llskap svenska Nazar\u00e9bor, vid restaurang Tasca do Janeca uppe p\u00e5 \u00e5sen ovanf\u00f6r Praia do Salgado f\u00f6r att vandra en runda i mycket fint v\u00e4der. \u00c5sen som str\u00e4cker sig mellan Nazar\u00e9 i norr och&nbsp;S\u00e3o Martinho do Porto i s\u00f6der n\u00e5r h\u00f6jder p\u00e5 ca 150 m\u00f6h och bildar [&hellip;]<\/p>\n","protected":false},"author":6,"featured_media":44495,"comment_status":"open","ping_status":"open","sticky":false,"template":"","format":"standard","meta":{"om_disable_all_campaigns":false,"_monsterinsights_skip_tracking":false,"_monsterinsights_sitenote_active":false,"_monsterinsights_sitenote_note":"","_monsterinsights_sitenote_category":0},"categories":[29,23,21,30,18,22],"tags":[],"aioseo_notices":[],"yoast_head":"<!-- This site is optimized with the Yoast SEO plugin v19.10 - https:\/\/yoast.com\/wordpress\/plugins\/seo\/ -->\n<title>En vandring p\u00e5 Silverkusten - Portugal Agent<\/title>\n<meta name=\"robots\" content=\"index, follow, max-snippet:-1, max-image-preview:large, max-video-preview:-1\" \/>\n<link rel=\"canonical\" href=\"https:\/\/portugalagent.com\/sv\/en-vandring-pa-silverkusten\/\" \/>\n<meta property=\"og:locale\" content=\"sv_SE\" \/>\n<meta property=\"og:type\" content=\"article\" \/>\n<meta property=\"og:title\" content=\"En vandring p\u00e5 Silverkusten - Portugal Agent\" \/>\n<meta property=\"og:description\" content=\"P\u00e5 f\u00f6rmiddagen den 7 november samlades vi ett litet s\u00e4llskap svenska Nazar\u00e9bor, vid restaurang Tasca do Janeca uppe p\u00e5 \u00e5sen ovanf\u00f6r Praia do Salgado f\u00f6r att vandra en runda i mycket fint v\u00e4der. \u00c5sen som str\u00e4cker sig mellan Nazar\u00e9 i norr och&nbsp;S\u00e3o Martinho do Porto i s\u00f6der n\u00e5r h\u00f6jder p\u00e5 ca 150 m\u00f6h och bildar [&hellip;]\" \/>\n<meta property=\"og:url\" content=\"https:\/\/portugalagent.com\/sv\/en-vandring-pa-silverkusten\/\" \/>\n<meta property=\"og:site_name\" content=\"Portugal Agent\" \/>\n<meta property=\"article:published_time\" content=\"2018-11-08T00:00:00+00:00\" \/>\n<meta property=\"article:modified_time\" content=\"2020-04-23T19:15:26+00:00\" \/>\n<meta property=\"og:image\" content=\"https:\/\/portugalagent.com\/wp-content\/uploads\/2018\/11\/IMG_0564-scaled.jpg?v=1583345117\" \/>\n\t<meta property=\"og:image:width\" content=\"2560\" \/>\n\t<meta property=\"og:image:height\" content=\"1920\" \/>\n\t<meta property=\"og:image:type\" content=\"image\/jpeg\" \/>\n<meta name=\"author\" content=\"info@imonazare.pt\" \/>\n<meta name=\"twitter:card\" content=\"summary_large_image\" \/>\n<meta name=\"twitter:label1\" content=\"Skriven av\" \/>\n\t<meta name=\"twitter:data1\" content=\"info@imonazare.pt\" \/>\n\t<meta name=\"twitter:label2\" content=\"Ber\u00e4knad l\u00e4stid\" \/>\n\t<meta name=\"twitter:data2\" content=\"2 minuter\" \/>\n<script type=\"application\/ld+json\" class=\"yoast-schema-graph\">{\"@context\":\"https:\/\/schema.org\",\"@graph\":[{\"@type\":\"Article\",\"@id\":\"https:\/\/portugalagent.com\/sv\/en-vandring-pa-silverkusten\/#article\",\"isPartOf\":{\"@id\":\"https:\/\/portugalagent.com\/sv\/en-vandring-pa-silverkusten\/\"},\"author\":{\"name\":\"info@imonazare.pt\",\"@id\":\"https:\/\/portugalagent.com\/sv\/#\/schema\/person\/c6c7df322d2649cc7a1e8dc30315710c\"},\"headline\":\"En vandring p\u00e5 Silverkusten\",\"datePublished\":\"2018-11-08T00:00:00+00:00\",\"dateModified\":\"2020-04-23T19:15:26+00:00\",\"mainEntityOfPage\":{\"@id\":\"https:\/\/portugalagent.com\/sv\/en-vandring-pa-silverkusten\/\"},\"wordCount\":347,\"commentCount\":0,\"publisher\":{\"@id\":\"https:\/\/portugalagent.com\/sv\/#organization\"},\"articleSection\":[\"Flytta till Portugal\",\"K\u00f6pa bostad i Portugal\",\"Nazar\u00e9\",\"news\",\"Nyheter\",\"Silverkusten\"],\"inLanguage\":\"sv-SE\",\"potentialAction\":[{\"@type\":\"CommentAction\",\"name\":\"Comment\",\"target\":[\"https:\/\/portugalagent.com\/sv\/en-vandring-pa-silverkusten\/#respond\"]}]},{\"@type\":\"WebPage\",\"@id\":\"https:\/\/portugalagent.com\/sv\/en-vandring-pa-silverkusten\/\",\"url\":\"https:\/\/portugalagent.com\/sv\/en-vandring-pa-silverkusten\/\",\"name\":\"En vandring p\u00e5 Silverkusten - Portugal Agent\",\"isPartOf\":{\"@id\":\"https:\/\/portugalagent.com\/sv\/#website\"},\"datePublished\":\"2018-11-08T00:00:00+00:00\",\"dateModified\":\"2020-04-23T19:15:26+00:00\",\"breadcrumb\":{\"@id\":\"https:\/\/portugalagent.com\/sv\/en-vandring-pa-silverkusten\/#breadcrumb\"},\"inLanguage\":\"sv-SE\",\"potentialAction\":[{\"@type\":\"ReadAction\",\"target\":[\"https:\/\/portugalagent.com\/sv\/en-vandring-pa-silverkusten\/\"]}]},{\"@type\":\"BreadcrumbList\",\"@id\":\"https:\/\/portugalagent.com\/sv\/en-vandring-pa-silverkusten\/#breadcrumb\",\"itemListElement\":[{\"@type\":\"ListItem\",\"position\":1,\"name\":\"Home\",\"item\":\"https:\/\/portugalagent.com\/sv\/\"},{\"@type\":\"ListItem\",\"position\":2,\"name\":\"En vandring p\u00e5 Silverkusten\"}]},{\"@type\":\"WebSite\",\"@id\":\"https:\/\/portugalagent.com\/sv\/#website\",\"url\":\"https:\/\/portugalagent.com\/sv\/\",\"name\":\"Portugal Agent\",\"description\":\"\",\"publisher\":{\"@id\":\"https:\/\/portugalagent.com\/sv\/#organization\"},\"potentialAction\":[{\"@type\":\"SearchAction\",\"target\":{\"@type\":\"EntryPoint\",\"urlTemplate\":\"https:\/\/portugalagent.com\/sv\/?s={search_term_string}\"},\"query-input\":\"required name=search_term_string\"}],\"inLanguage\":\"sv-SE\"},{\"@type\":\"Organization\",\"@id\":\"https:\/\/portugalagent.com\/sv\/#organization\",\"name\":\"Portugal Agent\",\"url\":\"https:\/\/portugalagent.com\/sv\/\",\"logo\":{\"@type\":\"ImageObject\",\"inLanguage\":\"sv-SE\",\"@id\":\"https:\/\/portugalagent.com\/sv\/#\/schema\/logo\/image\/\",\"url\":\"https:\/\/portugalagent.com\/wp-content\/uploads\/2020\/11\/portugalagent.svg\",\"contentUrl\":\"https:\/\/portugalagent.com\/wp-content\/uploads\/2020\/11\/portugalagent.svg\",\"caption\":\"Portugal Agent\"},\"image\":{\"@id\":\"https:\/\/portugalagent.com\/sv\/#\/schema\/logo\/image\/\"}},{\"@type\":\"Person\",\"@id\":\"https:\/\/portugalagent.com\/sv\/#\/schema\/person\/c6c7df322d2649cc7a1e8dc30315710c\",\"name\":\"info@imonazare.pt\",\"image\":{\"@type\":\"ImageObject\",\"inLanguage\":\"sv-SE\",\"@id\":\"https:\/\/portugalagent.com\/sv\/#\/schema\/person\/image\/\",\"url\":\"https:\/\/secure.gravatar.com\/avatar\/7639f7443397461ac5688ed1f026f318?s=96&d=mm&r=g\",\"contentUrl\":\"https:\/\/secure.gravatar.com\/avatar\/7639f7443397461ac5688ed1f026f318?s=96&d=mm&r=g\",\"caption\":\"info@imonazare.pt\"},\"sameAs\":[\"niklas@portugalagent.com\"],\"url\":\"https:\/\/portugalagent.com\/sv\/author\/infoimonazare-pt\/\"}]}<\/script>\n<!-- \/ Yoast SEO plugin. -->","yoast_head_json":{"title":"En vandring p\u00e5 Silverkusten - Portugal Agent","robots":{"index":"index","follow":"follow","max-snippet":"max-snippet:-1","max-image-preview":"max-image-preview:large","max-video-preview":"max-video-preview:-1"},"canonical":"https:\/\/portugalagent.com\/sv\/en-vandring-pa-silverkusten\/","og_locale":"sv_SE","og_type":"article","og_title":"En vandring p\u00e5 Silverkusten - Portugal Agent","og_description":"P\u00e5 f\u00f6rmiddagen den 7 november samlades vi ett litet s\u00e4llskap svenska Nazar\u00e9bor, vid restaurang Tasca do Janeca uppe p\u00e5 \u00e5sen ovanf\u00f6r Praia do Salgado f\u00f6r att vandra en runda i mycket fint v\u00e4der. \u00c5sen som str\u00e4cker sig mellan Nazar\u00e9 i norr och&nbsp;S\u00e3o Martinho do Porto i s\u00f6der n\u00e5r h\u00f6jder p\u00e5 ca 150 m\u00f6h och bildar [&hellip;]","og_url":"https:\/\/portugalagent.com\/sv\/en-vandring-pa-silverkusten\/","og_site_name":"Portugal Agent","article_published_time":"2018-11-08T00:00:00+00:00","article_modified_time":"2020-04-23T19:15:26+00:00","og_image":[{"width":2560,"height":1920,"url":"https:\/\/portugalagent.com\/wp-content\/uploads\/2018\/11\/IMG_0564-scaled.jpg?v=1583345117","type":"image\/jpeg"}],"author":"info@imonazare.pt","twitter_card":"summary_large_image","twitter_misc":{"Skriven av":"info@imonazare.pt","Ber\u00e4knad l\u00e4stid":"2 minuter"},"schema":{"@context":"https:\/\/schema.org","@graph":[{"@type":"Article","@id":"https:\/\/portugalagent.com\/sv\/en-vandring-pa-silverkusten\/#article","isPartOf":{"@id":"https:\/\/portugalagent.com\/sv\/en-vandring-pa-silverkusten\/"},"author":{"name":"info@imonazare.pt","@id":"https:\/\/portugalagent.com\/sv\/#\/schema\/person\/c6c7df322d2649cc7a1e8dc30315710c"},"headline":"En vandring p\u00e5 Silverkusten","datePublished":"2018-11-08T00:00:00+00:00","dateModified":"2020-04-23T19:15:26+00:00","mainEntityOfPage":{"@id":"https:\/\/portugalagent.com\/sv\/en-vandring-pa-silverkusten\/"},"wordCount":347,"commentCount":0,"publisher":{"@id":"https:\/\/portugalagent.com\/sv\/#organization"},"articleSection":["Flytta till Portugal","K\u00f6pa bostad i Portugal","Nazar\u00e9","news","Nyheter","Silverkusten"],"inLanguage":"sv-SE","potentialAction":[{"@type":"CommentAction","name":"Comment","target":["https:\/\/portugalagent.com\/sv\/en-vandring-pa-silverkusten\/#respond"]}]},{"@type":"WebPage","@id":"https:\/\/portugalagent.com\/sv\/en-vandring-pa-silverkusten\/","url":"https:\/\/portugalagent.com\/sv\/en-vandring-pa-silverkusten\/","name":"En vandring p\u00e5 Silverkusten - Portugal Agent","isPartOf":{"@id":"https:\/\/portugalagent.com\/sv\/#website"},"datePublished":"2018-11-08T00:00:00+00:00","dateModified":"2020-04-23T19:15:26+00:00","breadcrumb":{"@id":"https:\/\/portugalagent.com\/sv\/en-vandring-pa-silverkusten\/#breadcrumb"},"inLanguage":"sv-SE","potentialAction":[{"@type":"ReadAction","target":["https:\/\/portugalagent.com\/sv\/en-vandring-pa-silverkusten\/"]}]},{"@type":"BreadcrumbList","@id":"https:\/\/portugalagent.com\/sv\/en-vandring-pa-silverkusten\/#breadcrumb","itemListElement":[{"@type":"ListItem","position":1,"name":"Home","item":"https:\/\/portugalagent.com\/sv\/"},{"@type":"ListItem","position":2,"name":"En vandring p\u00e5 Silverkusten"}]},{"@type":"WebSite","@id":"https:\/\/portugalagent.com\/sv\/#website","url":"https:\/\/portugalagent.com\/sv\/","name":"Portugal Agent","description":"","publisher":{"@id":"https:\/\/portugalagent.com\/sv\/#organization"},"potentialAction":[{"@type":"SearchAction","target":{"@type":"EntryPoint","urlTemplate":"https:\/\/portugalagent.com\/sv\/?s={search_term_string}"},"query-input":"required name=search_term_string"}],"inLanguage":"sv-SE"},{"@type":"Organization","@id":"https:\/\/portugalagent.com\/sv\/#organization","name":"Portugal Agent","url":"https:\/\/portugalagent.com\/sv\/","logo":{"@type":"ImageObject","inLanguage":"sv-SE","@id":"https:\/\/portugalagent.com\/sv\/#\/schema\/logo\/image\/","url":"https:\/\/portugalagent.com\/wp-content\/uploads\/2020\/11\/portugalagent.svg","contentUrl":"https:\/\/portugalagent.com\/wp-content\/uploads\/2020\/11\/portugalagent.svg","caption":"Portugal Agent"},"image":{"@id":"https:\/\/portugalagent.com\/sv\/#\/schema\/logo\/image\/"}},{"@type":"Person","@id":"https:\/\/portugalagent.com\/sv\/#\/schema\/person\/c6c7df322d2649cc7a1e8dc30315710c","name":"info@imonazare.pt","image":{"@type":"ImageObject","inLanguage":"sv-SE","@id":"https:\/\/portugalagent.com\/sv\/#\/schema\/person\/image\/","url":"https:\/\/secure.gravatar.com\/avatar\/7639f7443397461ac5688ed1f026f318?s=96&d=mm&r=g","contentUrl":"https:\/\/secure.gravatar.com\/avatar\/7639f7443397461ac5688ed1f026f318?s=96&d=mm&r=g","caption":"info@imonazare.pt"},"sameAs":["niklas@portugalagent.com"],"url":"https:\/\/portugalagent.com\/sv\/author\/infoimonazare-pt\/"}]}},"_links":{"self":[{"href":"https:\/\/portugalagent.com\/sv\/wp-json\/wp\/v2\/posts\/41285"}],"collection":[{"href":"https:\/\/portugalagent.com\/sv\/wp-json\/wp\/v2\/posts"}],"about":[{"href":"https:\/\/portugalagent.com\/sv\/wp-json\/wp\/v2\/types\/post"}],"author":[{"embeddable":true,"href":"https:\/\/portugalagent.com\/sv\/wp-json\/wp\/v2\/users\/6"}],"replies":[{"embeddable":true,"href":"https:\/\/portugalagent.com\/sv\/wp-json\/wp\/v2\/comments?post=41285"}],"version-history":[{"count":2,"href":"https:\/\/portugalagent.com\/sv\/wp-json\/wp\/v2\/posts\/41285\/revisions"}],"predecessor-version":[{"id":44508,"href":"https:\/\/portugalagent.com\/sv\/wp-json\/wp\/v2\/posts\/41285\/revisions\/44508"}],"wp:featuredmedia":[{"embeddable":true,"href":"https:\/\/portugalagent.com\/sv\/wp-json\/wp\/v2\/media\/44495"}],"wp:attachment":[{"href":"https:\/\/portugalagent.com\/sv\/wp-json\/wp\/v2\/media?parent=41285"}],"wp:term":[{"taxonomy":"category","embeddable":true,"href":"https:\/\/portugalagent.com\/sv\/wp-json\/wp\/v2\/categories?post=41285"},{"taxonomy":"post_tag","embeddable":true,"href":"https:\/\/portugalagent.com\/sv\/wp-json\/wp\/v2\/tags?post=41285"}],"curies":[{"name":"wp","href":"https:\/\/api.w.org\/{rel}","templated":true}]}}