{"id":41275,"date":"2018-09-24T00:00:00","date_gmt":"2018-09-24T00:00:00","guid":{"rendered":"https:\/\/www.go4digital-web.pt\/dev\/portugalagent\/massa-och-seminarium-i-malmo\/"},"modified":"2020-03-04T18:53:32","modified_gmt":"2020-03-04T18:53:32","slug":"massa-och-seminarium-i-malmo","status":"publish","type":"post","link":"https:\/\/portugalagent.com\/sv\/massa-och-seminarium-i-malmo\/","title":{"rendered":"M\u00e4ssa och seminarium i Malm\u00f6"},"content":{"rendered":"<p>H\u00e4ng med oss p\u00e5 m\u00e4ssan <a href=\"http:\/\/www.fairmedia.se\/events\/malmo\/\">K\u00f6pa hus utomlands i Malm\u00f6<\/a> nu i helgen 29 och 30 september. Vi m\u00f6ter dig i monter nummer 35.<\/p>\n<p>Varmt v\u00e4lkommen!<\/p>\n<p><strong>Skatteseminarium<\/strong> om situationen i Portugal arrangeras i <strong>Malm\u00f6 m\u00e5ndag 15 oktober kl 17.30<br \/>\n<\/strong>Lokal: Malm\u00f6 Arena Hotel<\/p>\n<p>Vad sker? Hur ser det ut i morgon? Vi ger ett seminarium om Portugal med teman som:<br \/>\nSkatteplanering vid flytt till Portugal. Pension i Portugal. Vad har egentligen Magdalena Andersson sagt g\u00e4llande dubbelbeskattningsavtalet? Hur g\u00e5r debatten om skatt f\u00f6r svenska pension\u00e4rer i Portugal?<\/p>\n<p>Tr\u00e4ffa Deloitte som \u00e4r experter p\u00e5 skattefr\u00e5gor som r\u00f6r svenskar som flyttar utomlands. Till exempel till Portugal. Vi har ocks\u00e5 med oss \u00d6hman som kan ber\u00e4tta mer om kapitalf\u00f6rvaltning n\u00e4r du v\u00e4l har b\u00f6rjat ta ut din pension i Portugal. Dessutom beskriver vi (Portugalagent) k\u00f6pprocessen i Portugal.<\/p>\n<p>Anm\u00e4lan och fr\u00e5gor:<br \/>\nNiklas Fors\u00e9n. Tel: 070-592 60 76&nbsp; Mejl: <a href=\"mailto:niklas@portugalagent.com\">niklas@portugalagent.com&nbsp;<\/a><\/p>\n<p>Varmt v\u00e4lkomna!<\/p>\n","protected":false},"excerpt":{"rendered":"<p>H\u00e4ng med oss p\u00e5 m\u00e4ssan K\u00f6pa hus utomlands i Malm\u00f6 nu i helgen 29 och 30 september. Vi m\u00f6ter dig i monter nummer 35. Varmt v\u00e4lkommen! Skatteseminarium om situationen i Portugal arrangeras i Malm\u00f6 m\u00e5ndag 15 oktober kl 17.30 Lokal: Malm\u00f6 Arena Hotel Vad sker? Hur ser det ut i morgon? Vi ger ett seminarium [&hellip;]<\/p>\n","protected":false},"author":6,"featured_media":44137,"comment_status":"open","ping_status":"open","sticky":false,"template":"","format":"standard","meta":{"om_disable_all_campaigns":false,"_monsterinsights_skip_tracking":false,"_monsterinsights_sitenote_active":false,"_monsterinsights_sitenote_note":"","_monsterinsights_sitenote_category":0},"categories":[30,18],"tags":[],"aioseo_notices":[],"yoast_head":"<!-- This site is optimized with the Yoast SEO plugin v19.10 - https:\/\/yoast.com\/wordpress\/plugins\/seo\/ -->\n<title>M\u00e4ssa och seminarium i Malm\u00f6 - Portugal Agent<\/title>\n<meta name=\"robots\" content=\"index, follow, max-snippet:-1, max-image-preview:large, max-video-preview:-1\" \/>\n<link rel=\"canonical\" href=\"https:\/\/portugalagent.com\/sv\/massa-och-seminarium-i-malmo\/\" \/>\n<meta property=\"og:locale\" content=\"sv_SE\" \/>\n<meta property=\"og:type\" content=\"article\" \/>\n<meta property=\"og:title\" content=\"M\u00e4ssa och seminarium i Malm\u00f6 - Portugal Agent\" \/>\n<meta property=\"og:description\" content=\"H\u00e4ng med oss p\u00e5 m\u00e4ssan K\u00f6pa hus utomlands i Malm\u00f6 nu i helgen 29 och 30 september. Vi m\u00f6ter dig i monter nummer 35. Varmt v\u00e4lkommen! Skatteseminarium om situationen i Portugal arrangeras i Malm\u00f6 m\u00e5ndag 15 oktober kl 17.30 Lokal: Malm\u00f6 Arena Hotel Vad sker? Hur ser det ut i morgon? Vi ger ett seminarium [&hellip;]\" \/>\n<meta property=\"og:url\" content=\"https:\/\/portugalagent.com\/sv\/massa-och-seminarium-i-malmo\/\" \/>\n<meta property=\"og:site_name\" content=\"Portugal Agent\" \/>\n<meta property=\"article:published_time\" content=\"2018-09-24T00:00:00+00:00\" \/>\n<meta property=\"article:modified_time\" content=\"2020-03-04T18:53:32+00:00\" \/>\n<meta property=\"og:image\" content=\"https:\/\/portugalagent.com\/wp-content\/uploads\/2019\/02\/IMG_2759NET.jpg?v=1583324950\" \/>\n\t<meta property=\"og:image:width\" content=\"1800\" \/>\n\t<meta property=\"og:image:height\" content=\"1350\" \/>\n\t<meta property=\"og:image:type\" content=\"image\/jpeg\" \/>\n<meta name=\"author\" content=\"info@imonazare.pt\" \/>\n<meta name=\"twitter:card\" content=\"summary_large_image\" \/>\n<meta name=\"twitter:label1\" content=\"Skriven av\" \/>\n\t<meta name=\"twitter:data1\" content=\"info@imonazare.pt\" \/>\n\t<meta name=\"twitter:label2\" content=\"Ber\u00e4knad l\u00e4stid\" \/>\n\t<meta name=\"twitter:data2\" content=\"1 minut\" \/>\n<script type=\"application\/ld+json\" class=\"yoast-schema-graph\">{\"@context\":\"https:\/\/schema.org\",\"@graph\":[{\"@type\":\"Article\",\"@id\":\"https:\/\/portugalagent.com\/sv\/massa-och-seminarium-i-malmo\/#article\",\"isPartOf\":{\"@id\":\"https:\/\/portugalagent.com\/sv\/massa-och-seminarium-i-malmo\/\"},\"author\":{\"name\":\"info@imonazare.pt\",\"@id\":\"https:\/\/portugalagent.com\/sv\/#\/schema\/person\/c6c7df322d2649cc7a1e8dc30315710c\"},\"headline\":\"M\u00e4ssa och seminarium i Malm\u00f6\",\"datePublished\":\"2018-09-24T00:00:00+00:00\",\"dateModified\":\"2020-03-04T18:53:32+00:00\",\"mainEntityOfPage\":{\"@id\":\"https:\/\/portugalagent.com\/sv\/massa-och-seminarium-i-malmo\/\"},\"wordCount\":172,\"commentCount\":0,\"publisher\":{\"@id\":\"https:\/\/portugalagent.com\/sv\/#organization\"},\"articleSection\":[\"news\",\"Nyheter\"],\"inLanguage\":\"sv-SE\",\"potentialAction\":[{\"@type\":\"CommentAction\",\"name\":\"Comment\",\"target\":[\"https:\/\/portugalagent.com\/sv\/massa-och-seminarium-i-malmo\/#respond\"]}]},{\"@type\":\"WebPage\",\"@id\":\"https:\/\/portugalagent.com\/sv\/massa-och-seminarium-i-malmo\/\",\"url\":\"https:\/\/portugalagent.com\/sv\/massa-och-seminarium-i-malmo\/\",\"name\":\"M\u00e4ssa och seminarium i Malm\u00f6 - Portugal Agent\",\"isPartOf\":{\"@id\":\"https:\/\/portugalagent.com\/sv\/#website\"},\"datePublished\":\"2018-09-24T00:00:00+00:00\",\"dateModified\":\"2020-03-04T18:53:32+00:00\",\"breadcrumb\":{\"@id\":\"https:\/\/portugalagent.com\/sv\/massa-och-seminarium-i-malmo\/#breadcrumb\"},\"inLanguage\":\"sv-SE\",\"potentialAction\":[{\"@type\":\"ReadAction\",\"target\":[\"https:\/\/portugalagent.com\/sv\/massa-och-seminarium-i-malmo\/\"]}]},{\"@type\":\"BreadcrumbList\",\"@id\":\"https:\/\/portugalagent.com\/sv\/massa-och-seminarium-i-malmo\/#breadcrumb\",\"itemListElement\":[{\"@type\":\"ListItem\",\"position\":1,\"name\":\"Home\",\"item\":\"https:\/\/portugalagent.com\/sv\/\"},{\"@type\":\"ListItem\",\"position\":2,\"name\":\"M\u00e4ssa och seminarium i Malm\u00f6\"}]},{\"@type\":\"WebSite\",\"@id\":\"https:\/\/portugalagent.com\/sv\/#website\",\"url\":\"https:\/\/portugalagent.com\/sv\/\",\"name\":\"Portugal Agent\",\"description\":\"\",\"publisher\":{\"@id\":\"https:\/\/portugalagent.com\/sv\/#organization\"},\"potentialAction\":[{\"@type\":\"SearchAction\",\"target\":{\"@type\":\"EntryPoint\",\"urlTemplate\":\"https:\/\/portugalagent.com\/sv\/?s={search_term_string}\"},\"query-input\":\"required name=search_term_string\"}],\"inLanguage\":\"sv-SE\"},{\"@type\":\"Organization\",\"@id\":\"https:\/\/portugalagent.com\/sv\/#organization\",\"name\":\"Portugal Agent\",\"url\":\"https:\/\/portugalagent.com\/sv\/\",\"logo\":{\"@type\":\"ImageObject\",\"inLanguage\":\"sv-SE\",\"@id\":\"https:\/\/portugalagent.com\/sv\/#\/schema\/logo\/image\/\",\"url\":\"https:\/\/portugalagent.com\/wp-content\/uploads\/2020\/11\/portugalagent.svg\",\"contentUrl\":\"https:\/\/portugalagent.com\/wp-content\/uploads\/2020\/11\/portugalagent.svg\",\"caption\":\"Portugal Agent\"},\"image\":{\"@id\":\"https:\/\/portugalagent.com\/sv\/#\/schema\/logo\/image\/\"}},{\"@type\":\"Person\",\"@id\":\"https:\/\/portugalagent.com\/sv\/#\/schema\/person\/c6c7df322d2649cc7a1e8dc30315710c\",\"name\":\"info@imonazare.pt\",\"image\":{\"@type\":\"ImageObject\",\"inLanguage\":\"sv-SE\",\"@id\":\"https:\/\/portugalagent.com\/sv\/#\/schema\/person\/image\/\",\"url\":\"https:\/\/secure.gravatar.com\/avatar\/7639f7443397461ac5688ed1f026f318?s=96&d=mm&r=g\",\"contentUrl\":\"https:\/\/secure.gravatar.com\/avatar\/7639f7443397461ac5688ed1f026f318?s=96&d=mm&r=g\",\"caption\":\"info@imonazare.pt\"},\"sameAs\":[\"niklas@portugalagent.com\"],\"url\":\"https:\/\/portugalagent.com\/sv\/author\/infoimonazare-pt\/\"}]}<\/script>\n<!-- \/ Yoast SEO plugin. -->","yoast_head_json":{"title":"M\u00e4ssa och seminarium i Malm\u00f6 - Portugal Agent","robots":{"index":"index","follow":"follow","max-snippet":"max-snippet:-1","max-image-preview":"max-image-preview:large","max-video-preview":"max-video-preview:-1"},"canonical":"https:\/\/portugalagent.com\/sv\/massa-och-seminarium-i-malmo\/","og_locale":"sv_SE","og_type":"article","og_title":"M\u00e4ssa och seminarium i Malm\u00f6 - Portugal Agent","og_description":"H\u00e4ng med oss p\u00e5 m\u00e4ssan K\u00f6pa hus utomlands i Malm\u00f6 nu i helgen 29 och 30 september. Vi m\u00f6ter dig i monter nummer 35. Varmt v\u00e4lkommen! Skatteseminarium om situationen i Portugal arrangeras i Malm\u00f6 m\u00e5ndag 15 oktober kl 17.30 Lokal: Malm\u00f6 Arena Hotel Vad sker? Hur ser det ut i morgon? Vi ger ett seminarium [&hellip;]","og_url":"https:\/\/portugalagent.com\/sv\/massa-och-seminarium-i-malmo\/","og_site_name":"Portugal Agent","article_published_time":"2018-09-24T00:00:00+00:00","article_modified_time":"2020-03-04T18:53:32+00:00","og_image":[{"width":1800,"height":1350,"url":"https:\/\/portugalagent.com\/wp-content\/uploads\/2019\/02\/IMG_2759NET.jpg?v=1583324950","type":"image\/jpeg"}],"author":"info@imonazare.pt","twitter_card":"summary_large_image","twitter_misc":{"Skriven av":"info@imonazare.pt","Ber\u00e4knad l\u00e4stid":"1 minut"},"schema":{"@context":"https:\/\/schema.org","@graph":[{"@type":"Article","@id":"https:\/\/portugalagent.com\/sv\/massa-och-seminarium-i-malmo\/#article","isPartOf":{"@id":"https:\/\/portugalagent.com\/sv\/massa-och-seminarium-i-malmo\/"},"author":{"name":"info@imonazare.pt","@id":"https:\/\/portugalagent.com\/sv\/#\/schema\/person\/c6c7df322d2649cc7a1e8dc30315710c"},"headline":"M\u00e4ssa och seminarium i Malm\u00f6","datePublished":"2018-09-24T00:00:00+00:00","dateModified":"2020-03-04T18:53:32+00:00","mainEntityOfPage":{"@id":"https:\/\/portugalagent.com\/sv\/massa-och-seminarium-i-malmo\/"},"wordCount":172,"commentCount":0,"publisher":{"@id":"https:\/\/portugalagent.com\/sv\/#organization"},"articleSection":["news","Nyheter"],"inLanguage":"sv-SE","potentialAction":[{"@type":"CommentAction","name":"Comment","target":["https:\/\/portugalagent.com\/sv\/massa-och-seminarium-i-malmo\/#respond"]}]},{"@type":"WebPage","@id":"https:\/\/portugalagent.com\/sv\/massa-och-seminarium-i-malmo\/","url":"https:\/\/portugalagent.com\/sv\/massa-och-seminarium-i-malmo\/","name":"M\u00e4ssa och seminarium i Malm\u00f6 - Portugal Agent","isPartOf":{"@id":"https:\/\/portugalagent.com\/sv\/#website"},"datePublished":"2018-09-24T00:00:00+00:00","dateModified":"2020-03-04T18:53:32+00:00","breadcrumb":{"@id":"https:\/\/portugalagent.com\/sv\/massa-och-seminarium-i-malmo\/#breadcrumb"},"inLanguage":"sv-SE","potentialAction":[{"@type":"ReadAction","target":["https:\/\/portugalagent.com\/sv\/massa-och-seminarium-i-malmo\/"]}]},{"@type":"BreadcrumbList","@id":"https:\/\/portugalagent.com\/sv\/massa-och-seminarium-i-malmo\/#breadcrumb","itemListElement":[{"@type":"ListItem","position":1,"name":"Home","item":"https:\/\/portugalagent.com\/sv\/"},{"@type":"ListItem","position":2,"name":"M\u00e4ssa och seminarium i Malm\u00f6"}]},{"@type":"WebSite","@id":"https:\/\/portugalagent.com\/sv\/#website","url":"https:\/\/portugalagent.com\/sv\/","name":"Portugal Agent","description":"","publisher":{"@id":"https:\/\/portugalagent.com\/sv\/#organization"},"potentialAction":[{"@type":"SearchAction","target":{"@type":"EntryPoint","urlTemplate":"https:\/\/portugalagent.com\/sv\/?s={search_term_string}"},"query-input":"required name=search_term_string"}],"inLanguage":"sv-SE"},{"@type":"Organization","@id":"https:\/\/portugalagent.com\/sv\/#organization","name":"Portugal Agent","url":"https:\/\/portugalagent.com\/sv\/","logo":{"@type":"ImageObject","inLanguage":"sv-SE","@id":"https:\/\/portugalagent.com\/sv\/#\/schema\/logo\/image\/","url":"https:\/\/portugalagent.com\/wp-content\/uploads\/2020\/11\/portugalagent.svg","contentUrl":"https:\/\/portugalagent.com\/wp-content\/uploads\/2020\/11\/portugalagent.svg","caption":"Portugal Agent"},"image":{"@id":"https:\/\/portugalagent.com\/sv\/#\/schema\/logo\/image\/"}},{"@type":"Person","@id":"https:\/\/portugalagent.com\/sv\/#\/schema\/person\/c6c7df322d2649cc7a1e8dc30315710c","name":"info@imonazare.pt","image":{"@type":"ImageObject","inLanguage":"sv-SE","@id":"https:\/\/portugalagent.com\/sv\/#\/schema\/person\/image\/","url":"https:\/\/secure.gravatar.com\/avatar\/7639f7443397461ac5688ed1f026f318?s=96&d=mm&r=g","contentUrl":"https:\/\/secure.gravatar.com\/avatar\/7639f7443397461ac5688ed1f026f318?s=96&d=mm&r=g","caption":"info@imonazare.pt"},"sameAs":["niklas@portugalagent.com"],"url":"https:\/\/portugalagent.com\/sv\/author\/infoimonazare-pt\/"}]}},"_links":{"self":[{"href":"https:\/\/portugalagent.com\/sv\/wp-json\/wp\/v2\/posts\/41275"}],"collection":[{"href":"https:\/\/portugalagent.com\/sv\/wp-json\/wp\/v2\/posts"}],"about":[{"href":"https:\/\/portugalagent.com\/sv\/wp-json\/wp\/v2\/types\/post"}],"author":[{"embeddable":true,"href":"https:\/\/portugalagent.com\/sv\/wp-json\/wp\/v2\/users\/6"}],"replies":[{"embeddable":true,"href":"https:\/\/portugalagent.com\/sv\/wp-json\/wp\/v2\/comments?post=41275"}],"version-history":[{"count":2,"href":"https:\/\/portugalagent.com\/sv\/wp-json\/wp\/v2\/posts\/41275\/revisions"}],"predecessor-version":[{"id":44668,"href":"https:\/\/portugalagent.com\/sv\/wp-json\/wp\/v2\/posts\/41275\/revisions\/44668"}],"wp:featuredmedia":[{"embeddable":true,"href":"https:\/\/portugalagent.com\/sv\/wp-json\/wp\/v2\/media\/44137"}],"wp:attachment":[{"href":"https:\/\/portugalagent.com\/sv\/wp-json\/wp\/v2\/media?parent=41275"}],"wp:term":[{"taxonomy":"category","embeddable":true,"href":"https:\/\/portugalagent.com\/sv\/wp-json\/wp\/v2\/categories?post=41275"},{"taxonomy":"post_tag","embeddable":true,"href":"https:\/\/portugalagent.com\/sv\/wp-json\/wp\/v2\/tags?post=41275"}],"curies":[{"name":"wp","href":"https:\/\/api.w.org\/{rel}","templated":true}]}}