{"id":41273,"date":"2018-09-01T00:00:00","date_gmt":"2018-09-01T00:00:00","guid":{"rendered":"https:\/\/www.go4digital-web.pt\/dev\/portugalagent\/skatteavtalet-mellan-portugal-och-sverige\/"},"modified":"2020-03-04T18:56:19","modified_gmt":"2020-03-04T18:56:19","slug":"skatteavtalet-mellan-portugal-och-sverige","status":"publish","type":"post","link":"https:\/\/portugalagent.com\/sv\/skatteavtalet-mellan-portugal-och-sverige\/","title":{"rendered":"Skatteavtalet mellan Portugal och Sverige"},"content":{"rendered":"<p>Det b\u00f6rjade i s\u00f6ndags 26 augusti med att SVT nyheter gick ut med att Portugals ekonomiminister Manuel Caldeira Cabral kommer till Sverige. I samband med den nyheten bl\u00e5ste man ocks\u00e5 nytt liv i debatten kring skatteavtalet mellan Sverige och Portugal som i nuvarande form medf\u00f6r att svenskar som flyttar till Portugal med s\u00e5 kallad NHR-status kan f\u00e5 mycket l\u00e5g skatt p\u00e5 pensioner samt fr\u00e5n vinster i egna f\u00f6retag under f\u00f6ruts\u00e4ttning att individen verkligen l\u00e4mnar Sverige, likviderar eventuellt f\u00f6retag samt flyttar in i Portugal.<\/p>\n<p>Fr\u00e5n b\u00f6rjan skrevs avtalet, ett sk dubbelbeskattningsavtal, i syfte att s\u00e4kerst\u00e4lla att ingen svensk som flyttar till Portugal skall drabbas av dubbel beskattning. Allts\u00e5 att man skulle kunna r\u00e5ka ut f\u00f6r att betala skatt f\u00f6r en viss inkomst i Sverige och sedan i Portugal betala skatt \u00e4ven d\u00e4r f\u00f6r samma inkomst. Allt bra s\u00e5 l\u00e5ngt tyckte \u00e4ven svenska staten men i ett senare skede, \u00e5r 2009 inf\u00f6rde Portugal de innovativa NHR-reglerna som medf\u00f6r att vissa inkomstslag blir helt skattebefriade i Portugal. Det var de ju redan i Sverige eftersom Sverige gav Portugal ensamr\u00e4tt att best\u00e4mma om vissa skatter som g\u00e4ller svenskar som flyttar till Portugal. Syftet fr\u00e5n Portugals sida \u00e4r att locka personer med kapital att etablera sig i Portugal. Det \u00e4r ett av m\u00e5nga s\u00e4tt att f\u00e5 fart p\u00e5 ekonomin helt enkelt.<\/p>\n<p>I s\u00f6ndags 26 augusti ringde tidningen Dagens Industri och gjorde en telefonintervju med mig. Nu visste jag att det skulle ta fart i media den h\u00e4r veckan. Mycket riktigt kom det en st\u00f6rre artikel redan p\u00e5 m\u00e5ndagen 27 augusti med en puff p\u00e5 ettan som sa \u201dAvtal med Portugal i sikte\u201d samt en bild p\u00e5 Magdalena Andersson. P\u00e5 sidan 8 n\u00e4stan en helsida med Magdalena Andersson och lite resonemang om skatteavtalet som avslutas med mina kommentarer. Rubriken inne i tidningen l\u00f6d \u201dSkatteavtal med Portugal h\u00e4grar\u201d.&nbsp; Finansministern s\u00e4ger vidare \u201dDet \u00e4r inte en fr\u00e5ga om pengar i f\u00f6rsta hand, utan principer\u201d. Man konstaterar ocks\u00e5 att man \u201dsl\u00e4pat Portugal till f\u00f6rhandlingsbordet\u201d. Enligt Di r\u00f6r det sig om totalt ca 1.000 svenska individer sedan 2009 som ber\u00f6rs av detta.<\/p>\n<p>Jag svarar som jag brukar. Att det inte var f\u00f6rv\u00e5nade att Portugal till slut meddelar att de kan t\u00e4nka sig att f\u00f6rhandla om detta. Sverige, och t.ex. Finland, har ju legat p\u00e5 r\u00e4tt ih\u00e4rdigt i r\u00e4tt l\u00e5ng tid s\u00e5 det var bara en fr\u00e5ga om n\u00e4r om n\u00e5gon fr\u00e5gar mig. Men, min uppfattning \u00e4r att det kommer ta tid. Portugal har v\u00e4l inte direkt br\u00e5ttom att f\u00f6rs\u00e4mra villkoren f\u00f6r NHR \u2013 de har ju stor inkomst och stor framg\u00e5ng med dessa regler. Dessutom kanske det tar ytterligare en v\u00e4ndning om Portugal sj\u00e4lva inf\u00f6r en mindre skatt p\u00e5 pension och kapital som flyttar ut fr\u00e5n Sverige och in i Portugal.<\/p>\n<p>Som vanligt hakar sedan kv\u00e4llspressen p\u00e5 med sin rubriks\u00e4ttning. Expressen 26\/8 \u201dUndergr\u00e4ver legitimiteten f\u00f6r hela skattesystemet\u201d.<\/p>\n<p>P\u00e5 torsdagen 30 augusti kommer sedan en mer nyanserad intervju i Dagens Industri med Portugals ekonomiminister Manuel Caldeira Cabral som s\u00e4ger: \u201dvi har noterat de svenska argumenten\u201d.&nbsp; Det visar sig ocks\u00e5 att han inte tr\u00e4ffade Magdalena Andersson eller n\u00e4ringsminister Mikael Damberg under sitt endagarsbes\u00f6k i Sverige. I st\u00e4llet m\u00f6tte han andra tj\u00e4nstem\u00e4n och ledare f\u00f6r n\u00e4ringslivet. &nbsp;N\u00e4r det g\u00e4ller skatteavtalet s\u00e4ger han vidare: \u201dDet \u00e4r work in progress. Jag tror att vi kommer att n\u00e5 en l\u00f6sning ganska snart, men det kommer bli en mer balanserad l\u00f6sning.\u201d Han s\u00e4ger ocks\u00e5: \u201dOm vi verkligen bryr oss om vad vi kan g\u00f6ra tillsammans s\u00e5 borde vi titta p\u00e5 investeringar, forskning, innovationer och startups\u201d. Underf\u00f6rst\u00e5tt att det inte kan vara s\u00e5 viktigt att fokusera p\u00e5 ca 1.000 individer som under nio \u00e5r har erh\u00e5llit NHR-status och d\u00e4rigenom sparat en del skatt.<\/p>\n<p>Vi f\u00e5r se var det slutar. Jag tror och hoppas att Portugal till slut inf\u00f6r en liten skattesats p\u00e5 svenska individer med NHR-status. D\u00e5 blir det i alla fall n\u00e5gon skatt och Portugal slipper debatten med Sverige och andra l\u00e4nder. Jag tror ocks\u00e5 att det kommer ta tid innan en l\u00f6sning \u00e4r ratificerad och kan verkst\u00e4llas. F\u00f6rmodligen flera \u00e5r till.<\/p>\n<p>L\u00e4s b\u00e5da artiklarna som bilder nedan.<\/p>\n<p>Vill du veta mer om detta? Tag chansen att tr\u00e4ffa oss och Deloittes mycket kunniga skatteexperter p\u00e5 n\u00e5got av v\u00e5ra <strong>seminarier i G\u00f6teborg, Malm\u00f6 och Stockholm.<\/strong> &nbsp;<strong>Deloitte<\/strong> har kunskapen och ett bett n\u00e4tverk f\u00f6r att kunna ge dig det senaste i fr\u00e5gan om skatteavtalet mellan Sverige och Portugal.<br \/>\nSeminarierna \u00e4r kostnadsfria och vi bjuder p\u00e5 n\u00e5got enklare att \u00e4ta och dricka. Lunch och kv\u00e4ll.<\/p>\n<p><strong>G\u00f6teborg \u2013 m\u00e5ndag 17 september 2018.<\/strong><strong><br \/>\n<\/strong>Plats: Gothia Towers, G\u00f6teborg.&nbsp;Lokal meddelas senare i samband med din anm\u00e4lan.<br \/>\nKl 12.00 \u2013 13.30 samt Kl 17.30 \u2013 19.00<\/p>\n<p><strong>Malm\u00f6 \u2013 m\u00e5ndag 1 oktober 2018.<\/strong><br \/>\nPlats: Malm\u00f6 Arena Hotel. Lokal meddelas senare i samband med din anm\u00e4lan.<br \/>\nKl 12.00 \u2013 13.30 samt Kl 17.30 \u2013 19.00<\/p>\n<p><strong>Stockholm \u2013 m\u00e5ndag 15 oktober 2018<\/strong><br \/>\nPlats:&nbsp;\u00d6hmans lokaler p\u00e5 M\u00e4ster Samuelsgatan 6 i centrala Stockholm.<br \/>\nKl 12.00 \u2013 13.30 samt Kl 17.30 \u2013 19.00<\/p>\n<p><strong>Anm\u00e4lan och fr\u00e5gor:<\/strong><strong><br \/>\n<\/strong>Skicka ett mejl med&nbsp;<strong>fullst\u00e4ndigt namn, mejladress och telefonnummer&nbsp;p\u00e5 samtliga<\/strong>&nbsp;som du vill anm\u00e4la till:<br \/>\nKari Fors\u00e9n,&nbsp;<a href=\"mailto:kari@portugalagent.com\"><strong>kari@portugalagent.com<\/strong><\/a><br \/>\nFr\u00e5gor? Ring Kari +46-70-910 95 eller Niklas +46-70-592 60 76<\/p>\n","protected":false},"excerpt":{"rendered":"<p>Det b\u00f6rjade i s\u00f6ndags 26 augusti med att SVT nyheter gick ut med att Portugals ekonomiminister Manuel Caldeira Cabral kommer till Sverige. I samband med den nyheten bl\u00e5ste man ocks\u00e5 nytt liv i debatten kring skatteavtalet mellan Sverige och Portugal som i nuvarande form medf\u00f6r att svenskar som flyttar till Portugal med s\u00e5 kallad NHR-status [&hellip;]<\/p>\n","protected":false},"author":6,"featured_media":44673,"comment_status":"open","ping_status":"open","sticky":false,"template":"","format":"standard","meta":{"om_disable_all_campaigns":false,"_monsterinsights_skip_tracking":false,"_monsterinsights_sitenote_active":false,"_monsterinsights_sitenote_note":"","_monsterinsights_sitenote_category":0},"categories":[30,18],"tags":[],"aioseo_notices":[],"yoast_head":"<!-- This site is optimized with the Yoast SEO plugin v19.10 - https:\/\/yoast.com\/wordpress\/plugins\/seo\/ -->\n<title>Skatteavtalet mellan Portugal och Sverige - Portugal Agent<\/title>\n<meta name=\"robots\" content=\"index, follow, max-snippet:-1, max-image-preview:large, max-video-preview:-1\" \/>\n<link rel=\"canonical\" href=\"https:\/\/portugalagent.com\/sv\/skatteavtalet-mellan-portugal-och-sverige\/\" \/>\n<meta property=\"og:locale\" content=\"sv_SE\" \/>\n<meta property=\"og:type\" content=\"article\" \/>\n<meta property=\"og:title\" content=\"Skatteavtalet mellan Portugal och Sverige - Portugal Agent\" \/>\n<meta property=\"og:description\" content=\"Det b\u00f6rjade i s\u00f6ndags 26 augusti med att SVT nyheter gick ut med att Portugals ekonomiminister Manuel Caldeira Cabral kommer till Sverige. I samband med den nyheten bl\u00e5ste man ocks\u00e5 nytt liv i debatten kring skatteavtalet mellan Sverige och Portugal som i nuvarande form medf\u00f6r att svenskar som flyttar till Portugal med s\u00e5 kallad NHR-status [&hellip;]\" \/>\n<meta property=\"og:url\" content=\"https:\/\/portugalagent.com\/sv\/skatteavtalet-mellan-portugal-och-sverige\/\" \/>\n<meta property=\"og:site_name\" content=\"Portugal Agent\" \/>\n<meta property=\"article:published_time\" content=\"2018-09-01T00:00:00+00:00\" \/>\n<meta property=\"article:modified_time\" content=\"2020-03-04T18:56:19+00:00\" \/>\n<meta property=\"og:image\" content=\"https:\/\/portugalagent.com\/wp-content\/uploads\/2018\/09\/Magdalena.jpg?v=1583348054\" \/>\n\t<meta property=\"og:image:width\" content=\"960\" \/>\n\t<meta property=\"og:image:height\" content=\"1280\" \/>\n\t<meta property=\"og:image:type\" content=\"image\/jpeg\" \/>\n<meta name=\"author\" content=\"info@imonazare.pt\" \/>\n<meta name=\"twitter:card\" content=\"summary_large_image\" \/>\n<meta name=\"twitter:label1\" content=\"Skriven av\" \/>\n\t<meta name=\"twitter:data1\" content=\"info@imonazare.pt\" \/>\n\t<meta name=\"twitter:label2\" content=\"Ber\u00e4knad l\u00e4stid\" \/>\n\t<meta name=\"twitter:data2\" content=\"5 minuter\" \/>\n<script type=\"application\/ld+json\" class=\"yoast-schema-graph\">{\"@context\":\"https:\/\/schema.org\",\"@graph\":[{\"@type\":\"Article\",\"@id\":\"https:\/\/portugalagent.com\/sv\/skatteavtalet-mellan-portugal-och-sverige\/#article\",\"isPartOf\":{\"@id\":\"https:\/\/portugalagent.com\/sv\/skatteavtalet-mellan-portugal-och-sverige\/\"},\"author\":{\"name\":\"info@imonazare.pt\",\"@id\":\"https:\/\/portugalagent.com\/sv\/#\/schema\/person\/c6c7df322d2649cc7a1e8dc30315710c\"},\"headline\":\"Skatteavtalet mellan Portugal och Sverige\",\"datePublished\":\"2018-09-01T00:00:00+00:00\",\"dateModified\":\"2020-03-04T18:56:19+00:00\",\"mainEntityOfPage\":{\"@id\":\"https:\/\/portugalagent.com\/sv\/skatteavtalet-mellan-portugal-och-sverige\/\"},\"wordCount\":946,\"commentCount\":0,\"publisher\":{\"@id\":\"https:\/\/portugalagent.com\/sv\/#organization\"},\"articleSection\":[\"news\",\"Nyheter\"],\"inLanguage\":\"sv-SE\",\"potentialAction\":[{\"@type\":\"CommentAction\",\"name\":\"Comment\",\"target\":[\"https:\/\/portugalagent.com\/sv\/skatteavtalet-mellan-portugal-och-sverige\/#respond\"]}]},{\"@type\":\"WebPage\",\"@id\":\"https:\/\/portugalagent.com\/sv\/skatteavtalet-mellan-portugal-och-sverige\/\",\"url\":\"https:\/\/portugalagent.com\/sv\/skatteavtalet-mellan-portugal-och-sverige\/\",\"name\":\"Skatteavtalet mellan Portugal och Sverige - Portugal Agent\",\"isPartOf\":{\"@id\":\"https:\/\/portugalagent.com\/sv\/#website\"},\"datePublished\":\"2018-09-01T00:00:00+00:00\",\"dateModified\":\"2020-03-04T18:56:19+00:00\",\"breadcrumb\":{\"@id\":\"https:\/\/portugalagent.com\/sv\/skatteavtalet-mellan-portugal-och-sverige\/#breadcrumb\"},\"inLanguage\":\"sv-SE\",\"potentialAction\":[{\"@type\":\"ReadAction\",\"target\":[\"https:\/\/portugalagent.com\/sv\/skatteavtalet-mellan-portugal-och-sverige\/\"]}]},{\"@type\":\"BreadcrumbList\",\"@id\":\"https:\/\/portugalagent.com\/sv\/skatteavtalet-mellan-portugal-och-sverige\/#breadcrumb\",\"itemListElement\":[{\"@type\":\"ListItem\",\"position\":1,\"name\":\"Home\",\"item\":\"https:\/\/portugalagent.com\/sv\/\"},{\"@type\":\"ListItem\",\"position\":2,\"name\":\"Skatteavtalet mellan Portugal och Sverige\"}]},{\"@type\":\"WebSite\",\"@id\":\"https:\/\/portugalagent.com\/sv\/#website\",\"url\":\"https:\/\/portugalagent.com\/sv\/\",\"name\":\"Portugal Agent\",\"description\":\"\",\"publisher\":{\"@id\":\"https:\/\/portugalagent.com\/sv\/#organization\"},\"potentialAction\":[{\"@type\":\"SearchAction\",\"target\":{\"@type\":\"EntryPoint\",\"urlTemplate\":\"https:\/\/portugalagent.com\/sv\/?s={search_term_string}\"},\"query-input\":\"required name=search_term_string\"}],\"inLanguage\":\"sv-SE\"},{\"@type\":\"Organization\",\"@id\":\"https:\/\/portugalagent.com\/sv\/#organization\",\"name\":\"Portugal Agent\",\"url\":\"https:\/\/portugalagent.com\/sv\/\",\"logo\":{\"@type\":\"ImageObject\",\"inLanguage\":\"sv-SE\",\"@id\":\"https:\/\/portugalagent.com\/sv\/#\/schema\/logo\/image\/\",\"url\":\"https:\/\/portugalagent.com\/wp-content\/uploads\/2020\/11\/portugalagent.svg\",\"contentUrl\":\"https:\/\/portugalagent.com\/wp-content\/uploads\/2020\/11\/portugalagent.svg\",\"caption\":\"Portugal Agent\"},\"image\":{\"@id\":\"https:\/\/portugalagent.com\/sv\/#\/schema\/logo\/image\/\"}},{\"@type\":\"Person\",\"@id\":\"https:\/\/portugalagent.com\/sv\/#\/schema\/person\/c6c7df322d2649cc7a1e8dc30315710c\",\"name\":\"info@imonazare.pt\",\"image\":{\"@type\":\"ImageObject\",\"inLanguage\":\"sv-SE\",\"@id\":\"https:\/\/portugalagent.com\/sv\/#\/schema\/person\/image\/\",\"url\":\"https:\/\/secure.gravatar.com\/avatar\/7639f7443397461ac5688ed1f026f318?s=96&d=mm&r=g\",\"contentUrl\":\"https:\/\/secure.gravatar.com\/avatar\/7639f7443397461ac5688ed1f026f318?s=96&d=mm&r=g\",\"caption\":\"info@imonazare.pt\"},\"sameAs\":[\"niklas@portugalagent.com\"],\"url\":\"https:\/\/portugalagent.com\/sv\/author\/infoimonazare-pt\/\"}]}<\/script>\n<!-- \/ Yoast SEO plugin. -->","yoast_head_json":{"title":"Skatteavtalet mellan Portugal och Sverige - Portugal Agent","robots":{"index":"index","follow":"follow","max-snippet":"max-snippet:-1","max-image-preview":"max-image-preview:large","max-video-preview":"max-video-preview:-1"},"canonical":"https:\/\/portugalagent.com\/sv\/skatteavtalet-mellan-portugal-och-sverige\/","og_locale":"sv_SE","og_type":"article","og_title":"Skatteavtalet mellan Portugal och Sverige - Portugal Agent","og_description":"Det b\u00f6rjade i s\u00f6ndags 26 augusti med att SVT nyheter gick ut med att Portugals ekonomiminister Manuel Caldeira Cabral kommer till Sverige. I samband med den nyheten bl\u00e5ste man ocks\u00e5 nytt liv i debatten kring skatteavtalet mellan Sverige och Portugal som i nuvarande form medf\u00f6r att svenskar som flyttar till Portugal med s\u00e5 kallad NHR-status [&hellip;]","og_url":"https:\/\/portugalagent.com\/sv\/skatteavtalet-mellan-portugal-och-sverige\/","og_site_name":"Portugal Agent","article_published_time":"2018-09-01T00:00:00+00:00","article_modified_time":"2020-03-04T18:56:19+00:00","og_image":[{"width":960,"height":1280,"url":"https:\/\/portugalagent.com\/wp-content\/uploads\/2018\/09\/Magdalena.jpg?v=1583348054","type":"image\/jpeg"}],"author":"info@imonazare.pt","twitter_card":"summary_large_image","twitter_misc":{"Skriven av":"info@imonazare.pt","Ber\u00e4knad l\u00e4stid":"5 minuter"},"schema":{"@context":"https:\/\/schema.org","@graph":[{"@type":"Article","@id":"https:\/\/portugalagent.com\/sv\/skatteavtalet-mellan-portugal-och-sverige\/#article","isPartOf":{"@id":"https:\/\/portugalagent.com\/sv\/skatteavtalet-mellan-portugal-och-sverige\/"},"author":{"name":"info@imonazare.pt","@id":"https:\/\/portugalagent.com\/sv\/#\/schema\/person\/c6c7df322d2649cc7a1e8dc30315710c"},"headline":"Skatteavtalet mellan Portugal och Sverige","datePublished":"2018-09-01T00:00:00+00:00","dateModified":"2020-03-04T18:56:19+00:00","mainEntityOfPage":{"@id":"https:\/\/portugalagent.com\/sv\/skatteavtalet-mellan-portugal-och-sverige\/"},"wordCount":946,"commentCount":0,"publisher":{"@id":"https:\/\/portugalagent.com\/sv\/#organization"},"articleSection":["news","Nyheter"],"inLanguage":"sv-SE","potentialAction":[{"@type":"CommentAction","name":"Comment","target":["https:\/\/portugalagent.com\/sv\/skatteavtalet-mellan-portugal-och-sverige\/#respond"]}]},{"@type":"WebPage","@id":"https:\/\/portugalagent.com\/sv\/skatteavtalet-mellan-portugal-och-sverige\/","url":"https:\/\/portugalagent.com\/sv\/skatteavtalet-mellan-portugal-och-sverige\/","name":"Skatteavtalet mellan Portugal och Sverige - Portugal Agent","isPartOf":{"@id":"https:\/\/portugalagent.com\/sv\/#website"},"datePublished":"2018-09-01T00:00:00+00:00","dateModified":"2020-03-04T18:56:19+00:00","breadcrumb":{"@id":"https:\/\/portugalagent.com\/sv\/skatteavtalet-mellan-portugal-och-sverige\/#breadcrumb"},"inLanguage":"sv-SE","potentialAction":[{"@type":"ReadAction","target":["https:\/\/portugalagent.com\/sv\/skatteavtalet-mellan-portugal-och-sverige\/"]}]},{"@type":"BreadcrumbList","@id":"https:\/\/portugalagent.com\/sv\/skatteavtalet-mellan-portugal-och-sverige\/#breadcrumb","itemListElement":[{"@type":"ListItem","position":1,"name":"Home","item":"https:\/\/portugalagent.com\/sv\/"},{"@type":"ListItem","position":2,"name":"Skatteavtalet mellan Portugal och Sverige"}]},{"@type":"WebSite","@id":"https:\/\/portugalagent.com\/sv\/#website","url":"https:\/\/portugalagent.com\/sv\/","name":"Portugal Agent","description":"","publisher":{"@id":"https:\/\/portugalagent.com\/sv\/#organization"},"potentialAction":[{"@type":"SearchAction","target":{"@type":"EntryPoint","urlTemplate":"https:\/\/portugalagent.com\/sv\/?s={search_term_string}"},"query-input":"required name=search_term_string"}],"inLanguage":"sv-SE"},{"@type":"Organization","@id":"https:\/\/portugalagent.com\/sv\/#organization","name":"Portugal Agent","url":"https:\/\/portugalagent.com\/sv\/","logo":{"@type":"ImageObject","inLanguage":"sv-SE","@id":"https:\/\/portugalagent.com\/sv\/#\/schema\/logo\/image\/","url":"https:\/\/portugalagent.com\/wp-content\/uploads\/2020\/11\/portugalagent.svg","contentUrl":"https:\/\/portugalagent.com\/wp-content\/uploads\/2020\/11\/portugalagent.svg","caption":"Portugal Agent"},"image":{"@id":"https:\/\/portugalagent.com\/sv\/#\/schema\/logo\/image\/"}},{"@type":"Person","@id":"https:\/\/portugalagent.com\/sv\/#\/schema\/person\/c6c7df322d2649cc7a1e8dc30315710c","name":"info@imonazare.pt","image":{"@type":"ImageObject","inLanguage":"sv-SE","@id":"https:\/\/portugalagent.com\/sv\/#\/schema\/person\/image\/","url":"https:\/\/secure.gravatar.com\/avatar\/7639f7443397461ac5688ed1f026f318?s=96&d=mm&r=g","contentUrl":"https:\/\/secure.gravatar.com\/avatar\/7639f7443397461ac5688ed1f026f318?s=96&d=mm&r=g","caption":"info@imonazare.pt"},"sameAs":["niklas@portugalagent.com"],"url":"https:\/\/portugalagent.com\/sv\/author\/infoimonazare-pt\/"}]}},"_links":{"self":[{"href":"https:\/\/portugalagent.com\/sv\/wp-json\/wp\/v2\/posts\/41273"}],"collection":[{"href":"https:\/\/portugalagent.com\/sv\/wp-json\/wp\/v2\/posts"}],"about":[{"href":"https:\/\/portugalagent.com\/sv\/wp-json\/wp\/v2\/types\/post"}],"author":[{"embeddable":true,"href":"https:\/\/portugalagent.com\/sv\/wp-json\/wp\/v2\/users\/6"}],"replies":[{"embeddable":true,"href":"https:\/\/portugalagent.com\/sv\/wp-json\/wp\/v2\/comments?post=41273"}],"version-history":[{"count":2,"href":"https:\/\/portugalagent.com\/sv\/wp-json\/wp\/v2\/posts\/41273\/revisions"}],"predecessor-version":[{"id":44677,"href":"https:\/\/portugalagent.com\/sv\/wp-json\/wp\/v2\/posts\/41273\/revisions\/44677"}],"wp:featuredmedia":[{"embeddable":true,"href":"https:\/\/portugalagent.com\/sv\/wp-json\/wp\/v2\/media\/44673"}],"wp:attachment":[{"href":"https:\/\/portugalagent.com\/sv\/wp-json\/wp\/v2\/media?parent=41273"}],"wp:term":[{"taxonomy":"category","embeddable":true,"href":"https:\/\/portugalagent.com\/sv\/wp-json\/wp\/v2\/categories?post=41273"},{"taxonomy":"post_tag","embeddable":true,"href":"https:\/\/portugalagent.com\/sv\/wp-json\/wp\/v2\/tags?post=41273"}],"curies":[{"name":"wp","href":"https:\/\/api.w.org\/{rel}","templated":true}]}}