{"id":41272,"date":"2018-08-14T00:00:00","date_gmt":"2018-08-14T00:00:00","guid":{"rendered":"https:\/\/www.go4digital-web.pt\/dev\/portugalagent\/seminarium-och-massa-i-goteborg\/"},"modified":"2020-03-04T19:02:47","modified_gmt":"2020-03-04T19:02:47","slug":"seminarium-och-massa-i-goteborg","status":"publish","type":"post","link":"https:\/\/portugalagent.com\/sv\/seminarium-och-massa-i-goteborg\/","title":{"rendered":"Seminarium och m\u00e4ssa i G\u00f6teborg"},"content":{"rendered":"<p>I helgen 15 och 16 september h\u00e5lls m\u00e4ssan f\u00f6r utlandsboende, eller <a href=\"http:\/\/www.fairmedia.se\/events\/goteborg\/\">Fastighetsm\u00e4ssan K\u00f6pa hus Utomlands<\/a> som den egentligen heter, i G\u00f6teborg.<br \/>\nPlats: <a href=\"https:\/\/svenskamassan.se\/\">Svenska M\u00e4ssan<\/a> vid Gothia Towers, M\u00e4ssans Gata\/Korsv\u00e4gen i G\u00f6teborg.<\/p>\n<p>Tag chansen att orientera dig mer om Portugal, Silverkusten och Nazar\u00e9. Det \u00e4r fri entr\u00e9 och det kommer finnas utst\u00e4llare som representerar m\u00e5nga olika l\u00e4nder p\u00e5 plats men vi \u00e4r givetvis mest glada \u00f6ver det stora utbudet av utst\u00e4llare som har Portugal som tema i sina montrar. P\u00e5 m\u00e4ssan kommer du ocks\u00e5 finna flera olika seminarier som r\u00f6r Portugal och skatteregler vid flytt till Portugal, NHR-regler, pensionering i Portugal, m m. \u00c4ven seminarierna \u00e4r kostnadsfria.<\/p>\n<p>Oss finner du i <strong>monter nr 68<\/strong>. Varmt v\u00e4lkommen!<\/p>\n<p><strong>Seminarium med Portugaltema:<\/strong> Pensionering i Portugal, NHR, flytta till Portugal, k\u00f6pa bostad i Portugal, flytta ut fr\u00e5n Sverige, kapitalf\u00f6rvaltning m m.<\/p>\n<p>Dagen efter m\u00e4ssan, m\u00e5ndag 17 september, arrangerar vi tillsammans med Deloitte och \u00d6hman ett seminarium enbart riktat till reglerna som r\u00f6r svenska medborgare som flyttar ut fr\u00e5n Sverige och in till Portugal. Tag chansen att diskutera din egen situation med Deloittes och \u00d6hmans sakkunniga. Skatteexperterna p\u00e5 Deloitte \u00e4r ocks\u00e5 uppdaterade med de senaste nyheterna i debatten kring pension i Portugal, Magdalena Anderssons och regeringens syn p\u00e5 saken och den ibland lite ettriga rapporteringen i svensk media om svenskar som &#8221;smiter fr\u00e5n skatt&#8221; eller betraktas som &#8221;skatteflyktingar&#8221;. Det \u00e4r ju inte alls fallet h\u00e4r. Deloittes r\u00e5dgivning \u00e4r helt inom lagen b\u00e5de ur ett svenskt perspektiv och ur ett portugisiskt.<\/p>\n<p><strong>Var:<\/strong> Gothia Towers, G\u00f6teborg. Lokal meddelas senare i samband med att vi bekr\u00e4ftar din anm\u00e4lan.<\/p>\n<p><strong>N\u00e4r<\/strong>: M\u00e5ndag 17 september. <strong>Lunch:<\/strong> 12.00 &#8211; 13.30 <strong>Kv\u00e4ll<\/strong>: 17.30 &#8211; 19.00<\/p>\n<p>Vi bjuder p\u00e5 n\u00e5got enklare att \u00e4ta och dricka. P\u00e5 kv\u00e4llen \u00e4ven lite vin och \u00f6l f\u00f6r den som \u00f6nskar. Efter seminariets slut finns vi kvar f\u00f6r enskilda samtal.<\/p>\n<p><strong>Anm\u00e4lan och fr\u00e5gor:<\/strong><br \/>\nKari Fors\u00e9n<br \/>\nMejl: <a href=\"mailto:kari@portugalagent.com\">kari@portugalagent.com<\/a><br \/>\nTel: +46-70-910 95 60<\/p>\n","protected":false},"excerpt":{"rendered":"<p>I helgen 15 och 16 september h\u00e5lls m\u00e4ssan f\u00f6r utlandsboende, eller Fastighetsm\u00e4ssan K\u00f6pa hus Utomlands som den egentligen heter, i G\u00f6teborg. Plats: Svenska M\u00e4ssan vid Gothia Towers, M\u00e4ssans Gata\/Korsv\u00e4gen i G\u00f6teborg. Tag chansen att orientera dig mer om Portugal, Silverkusten och Nazar\u00e9. Det \u00e4r fri entr\u00e9 och det kommer finnas utst\u00e4llare som representerar m\u00e5nga olika [&hellip;]<\/p>\n","protected":false},"author":6,"featured_media":44683,"comment_status":"open","ping_status":"open","sticky":false,"template":"","format":"standard","meta":{"om_disable_all_campaigns":false,"_monsterinsights_skip_tracking":false,"_monsterinsights_sitenote_active":false,"_monsterinsights_sitenote_note":"","_monsterinsights_sitenote_category":0},"categories":[30,18],"tags":[],"aioseo_notices":[],"yoast_head":"<!-- This site is optimized with the Yoast SEO plugin v19.10 - https:\/\/yoast.com\/wordpress\/plugins\/seo\/ -->\n<title>Seminarium och m\u00e4ssa i G\u00f6teborg - Portugal Agent<\/title>\n<meta name=\"robots\" content=\"index, follow, max-snippet:-1, max-image-preview:large, max-video-preview:-1\" \/>\n<link rel=\"canonical\" href=\"https:\/\/portugalagent.com\/sv\/seminarium-och-massa-i-goteborg\/\" \/>\n<meta property=\"og:locale\" content=\"sv_SE\" \/>\n<meta property=\"og:type\" content=\"article\" \/>\n<meta property=\"og:title\" content=\"Seminarium och m\u00e4ssa i G\u00f6teborg - Portugal Agent\" \/>\n<meta property=\"og:description\" content=\"I helgen 15 och 16 september h\u00e5lls m\u00e4ssan f\u00f6r utlandsboende, eller Fastighetsm\u00e4ssan K\u00f6pa hus Utomlands som den egentligen heter, i G\u00f6teborg. Plats: Svenska M\u00e4ssan vid Gothia Towers, M\u00e4ssans Gata\/Korsv\u00e4gen i G\u00f6teborg. Tag chansen att orientera dig mer om Portugal, Silverkusten och Nazar\u00e9. Det \u00e4r fri entr\u00e9 och det kommer finnas utst\u00e4llare som representerar m\u00e5nga olika [&hellip;]\" \/>\n<meta property=\"og:url\" content=\"https:\/\/portugalagent.com\/sv\/seminarium-och-massa-i-goteborg\/\" \/>\n<meta property=\"og:site_name\" content=\"Portugal Agent\" \/>\n<meta property=\"article:published_time\" content=\"2018-08-14T00:00:00+00:00\" \/>\n<meta property=\"article:modified_time\" content=\"2020-03-04T19:02:47+00:00\" \/>\n<meta property=\"og:image\" content=\"https:\/\/portugalagent.com\/wp-content\/uploads\/2018\/08\/Sk\u00e4rmklipp1a.jpg?v=1583348550\" \/>\n\t<meta property=\"og:image:width\" content=\"1224\" \/>\n\t<meta property=\"og:image:height\" content=\"921\" \/>\n\t<meta property=\"og:image:type\" content=\"image\/jpeg\" \/>\n<meta name=\"author\" content=\"info@imonazare.pt\" \/>\n<meta name=\"twitter:card\" content=\"summary_large_image\" \/>\n<meta name=\"twitter:label1\" content=\"Skriven av\" \/>\n\t<meta name=\"twitter:data1\" content=\"info@imonazare.pt\" \/>\n\t<meta name=\"twitter:label2\" content=\"Ber\u00e4knad l\u00e4stid\" \/>\n\t<meta name=\"twitter:data2\" content=\"2 minuter\" \/>\n<script type=\"application\/ld+json\" class=\"yoast-schema-graph\">{\"@context\":\"https:\/\/schema.org\",\"@graph\":[{\"@type\":\"Article\",\"@id\":\"https:\/\/portugalagent.com\/sv\/seminarium-och-massa-i-goteborg\/#article\",\"isPartOf\":{\"@id\":\"https:\/\/portugalagent.com\/sv\/seminarium-och-massa-i-goteborg\/\"},\"author\":{\"name\":\"info@imonazare.pt\",\"@id\":\"https:\/\/portugalagent.com\/sv\/#\/schema\/person\/c6c7df322d2649cc7a1e8dc30315710c\"},\"headline\":\"Seminarium och m\u00e4ssa i G\u00f6teborg\",\"datePublished\":\"2018-08-14T00:00:00+00:00\",\"dateModified\":\"2020-03-04T19:02:47+00:00\",\"mainEntityOfPage\":{\"@id\":\"https:\/\/portugalagent.com\/sv\/seminarium-och-massa-i-goteborg\/\"},\"wordCount\":352,\"commentCount\":0,\"publisher\":{\"@id\":\"https:\/\/portugalagent.com\/sv\/#organization\"},\"articleSection\":[\"news\",\"Nyheter\"],\"inLanguage\":\"sv-SE\",\"potentialAction\":[{\"@type\":\"CommentAction\",\"name\":\"Comment\",\"target\":[\"https:\/\/portugalagent.com\/sv\/seminarium-och-massa-i-goteborg\/#respond\"]}]},{\"@type\":\"WebPage\",\"@id\":\"https:\/\/portugalagent.com\/sv\/seminarium-och-massa-i-goteborg\/\",\"url\":\"https:\/\/portugalagent.com\/sv\/seminarium-och-massa-i-goteborg\/\",\"name\":\"Seminarium och m\u00e4ssa i G\u00f6teborg - Portugal Agent\",\"isPartOf\":{\"@id\":\"https:\/\/portugalagent.com\/sv\/#website\"},\"datePublished\":\"2018-08-14T00:00:00+00:00\",\"dateModified\":\"2020-03-04T19:02:47+00:00\",\"breadcrumb\":{\"@id\":\"https:\/\/portugalagent.com\/sv\/seminarium-och-massa-i-goteborg\/#breadcrumb\"},\"inLanguage\":\"sv-SE\",\"potentialAction\":[{\"@type\":\"ReadAction\",\"target\":[\"https:\/\/portugalagent.com\/sv\/seminarium-och-massa-i-goteborg\/\"]}]},{\"@type\":\"BreadcrumbList\",\"@id\":\"https:\/\/portugalagent.com\/sv\/seminarium-och-massa-i-goteborg\/#breadcrumb\",\"itemListElement\":[{\"@type\":\"ListItem\",\"position\":1,\"name\":\"Home\",\"item\":\"https:\/\/portugalagent.com\/sv\/\"},{\"@type\":\"ListItem\",\"position\":2,\"name\":\"Seminarium och m\u00e4ssa i G\u00f6teborg\"}]},{\"@type\":\"WebSite\",\"@id\":\"https:\/\/portugalagent.com\/sv\/#website\",\"url\":\"https:\/\/portugalagent.com\/sv\/\",\"name\":\"Portugal Agent\",\"description\":\"\",\"publisher\":{\"@id\":\"https:\/\/portugalagent.com\/sv\/#organization\"},\"potentialAction\":[{\"@type\":\"SearchAction\",\"target\":{\"@type\":\"EntryPoint\",\"urlTemplate\":\"https:\/\/portugalagent.com\/sv\/?s={search_term_string}\"},\"query-input\":\"required name=search_term_string\"}],\"inLanguage\":\"sv-SE\"},{\"@type\":\"Organization\",\"@id\":\"https:\/\/portugalagent.com\/sv\/#organization\",\"name\":\"Portugal Agent\",\"url\":\"https:\/\/portugalagent.com\/sv\/\",\"logo\":{\"@type\":\"ImageObject\",\"inLanguage\":\"sv-SE\",\"@id\":\"https:\/\/portugalagent.com\/sv\/#\/schema\/logo\/image\/\",\"url\":\"https:\/\/portugalagent.com\/wp-content\/uploads\/2020\/11\/portugalagent.svg\",\"contentUrl\":\"https:\/\/portugalagent.com\/wp-content\/uploads\/2020\/11\/portugalagent.svg\",\"caption\":\"Portugal Agent\"},\"image\":{\"@id\":\"https:\/\/portugalagent.com\/sv\/#\/schema\/logo\/image\/\"}},{\"@type\":\"Person\",\"@id\":\"https:\/\/portugalagent.com\/sv\/#\/schema\/person\/c6c7df322d2649cc7a1e8dc30315710c\",\"name\":\"info@imonazare.pt\",\"image\":{\"@type\":\"ImageObject\",\"inLanguage\":\"sv-SE\",\"@id\":\"https:\/\/portugalagent.com\/sv\/#\/schema\/person\/image\/\",\"url\":\"https:\/\/secure.gravatar.com\/avatar\/7639f7443397461ac5688ed1f026f318?s=96&d=mm&r=g\",\"contentUrl\":\"https:\/\/secure.gravatar.com\/avatar\/7639f7443397461ac5688ed1f026f318?s=96&d=mm&r=g\",\"caption\":\"info@imonazare.pt\"},\"sameAs\":[\"niklas@portugalagent.com\"],\"url\":\"https:\/\/portugalagent.com\/sv\/author\/infoimonazare-pt\/\"}]}<\/script>\n<!-- \/ Yoast SEO plugin. -->","yoast_head_json":{"title":"Seminarium och m\u00e4ssa i G\u00f6teborg - Portugal Agent","robots":{"index":"index","follow":"follow","max-snippet":"max-snippet:-1","max-image-preview":"max-image-preview:large","max-video-preview":"max-video-preview:-1"},"canonical":"https:\/\/portugalagent.com\/sv\/seminarium-och-massa-i-goteborg\/","og_locale":"sv_SE","og_type":"article","og_title":"Seminarium och m\u00e4ssa i G\u00f6teborg - Portugal Agent","og_description":"I helgen 15 och 16 september h\u00e5lls m\u00e4ssan f\u00f6r utlandsboende, eller Fastighetsm\u00e4ssan K\u00f6pa hus Utomlands som den egentligen heter, i G\u00f6teborg. Plats: Svenska M\u00e4ssan vid Gothia Towers, M\u00e4ssans Gata\/Korsv\u00e4gen i G\u00f6teborg. Tag chansen att orientera dig mer om Portugal, Silverkusten och Nazar\u00e9. Det \u00e4r fri entr\u00e9 och det kommer finnas utst\u00e4llare som representerar m\u00e5nga olika [&hellip;]","og_url":"https:\/\/portugalagent.com\/sv\/seminarium-och-massa-i-goteborg\/","og_site_name":"Portugal Agent","article_published_time":"2018-08-14T00:00:00+00:00","article_modified_time":"2020-03-04T19:02:47+00:00","og_image":[{"width":1224,"height":921,"url":"https:\/\/portugalagent.com\/wp-content\/uploads\/2018\/08\/Sk\u00e4rmklipp1a.jpg?v=1583348550","type":"image\/jpeg"}],"author":"info@imonazare.pt","twitter_card":"summary_large_image","twitter_misc":{"Skriven av":"info@imonazare.pt","Ber\u00e4knad l\u00e4stid":"2 minuter"},"schema":{"@context":"https:\/\/schema.org","@graph":[{"@type":"Article","@id":"https:\/\/portugalagent.com\/sv\/seminarium-och-massa-i-goteborg\/#article","isPartOf":{"@id":"https:\/\/portugalagent.com\/sv\/seminarium-och-massa-i-goteborg\/"},"author":{"name":"info@imonazare.pt","@id":"https:\/\/portugalagent.com\/sv\/#\/schema\/person\/c6c7df322d2649cc7a1e8dc30315710c"},"headline":"Seminarium och m\u00e4ssa i G\u00f6teborg","datePublished":"2018-08-14T00:00:00+00:00","dateModified":"2020-03-04T19:02:47+00:00","mainEntityOfPage":{"@id":"https:\/\/portugalagent.com\/sv\/seminarium-och-massa-i-goteborg\/"},"wordCount":352,"commentCount":0,"publisher":{"@id":"https:\/\/portugalagent.com\/sv\/#organization"},"articleSection":["news","Nyheter"],"inLanguage":"sv-SE","potentialAction":[{"@type":"CommentAction","name":"Comment","target":["https:\/\/portugalagent.com\/sv\/seminarium-och-massa-i-goteborg\/#respond"]}]},{"@type":"WebPage","@id":"https:\/\/portugalagent.com\/sv\/seminarium-och-massa-i-goteborg\/","url":"https:\/\/portugalagent.com\/sv\/seminarium-och-massa-i-goteborg\/","name":"Seminarium och m\u00e4ssa i G\u00f6teborg - Portugal Agent","isPartOf":{"@id":"https:\/\/portugalagent.com\/sv\/#website"},"datePublished":"2018-08-14T00:00:00+00:00","dateModified":"2020-03-04T19:02:47+00:00","breadcrumb":{"@id":"https:\/\/portugalagent.com\/sv\/seminarium-och-massa-i-goteborg\/#breadcrumb"},"inLanguage":"sv-SE","potentialAction":[{"@type":"ReadAction","target":["https:\/\/portugalagent.com\/sv\/seminarium-och-massa-i-goteborg\/"]}]},{"@type":"BreadcrumbList","@id":"https:\/\/portugalagent.com\/sv\/seminarium-och-massa-i-goteborg\/#breadcrumb","itemListElement":[{"@type":"ListItem","position":1,"name":"Home","item":"https:\/\/portugalagent.com\/sv\/"},{"@type":"ListItem","position":2,"name":"Seminarium och m\u00e4ssa i G\u00f6teborg"}]},{"@type":"WebSite","@id":"https:\/\/portugalagent.com\/sv\/#website","url":"https:\/\/portugalagent.com\/sv\/","name":"Portugal Agent","description":"","publisher":{"@id":"https:\/\/portugalagent.com\/sv\/#organization"},"potentialAction":[{"@type":"SearchAction","target":{"@type":"EntryPoint","urlTemplate":"https:\/\/portugalagent.com\/sv\/?s={search_term_string}"},"query-input":"required name=search_term_string"}],"inLanguage":"sv-SE"},{"@type":"Organization","@id":"https:\/\/portugalagent.com\/sv\/#organization","name":"Portugal Agent","url":"https:\/\/portugalagent.com\/sv\/","logo":{"@type":"ImageObject","inLanguage":"sv-SE","@id":"https:\/\/portugalagent.com\/sv\/#\/schema\/logo\/image\/","url":"https:\/\/portugalagent.com\/wp-content\/uploads\/2020\/11\/portugalagent.svg","contentUrl":"https:\/\/portugalagent.com\/wp-content\/uploads\/2020\/11\/portugalagent.svg","caption":"Portugal Agent"},"image":{"@id":"https:\/\/portugalagent.com\/sv\/#\/schema\/logo\/image\/"}},{"@type":"Person","@id":"https:\/\/portugalagent.com\/sv\/#\/schema\/person\/c6c7df322d2649cc7a1e8dc30315710c","name":"info@imonazare.pt","image":{"@type":"ImageObject","inLanguage":"sv-SE","@id":"https:\/\/portugalagent.com\/sv\/#\/schema\/person\/image\/","url":"https:\/\/secure.gravatar.com\/avatar\/7639f7443397461ac5688ed1f026f318?s=96&d=mm&r=g","contentUrl":"https:\/\/secure.gravatar.com\/avatar\/7639f7443397461ac5688ed1f026f318?s=96&d=mm&r=g","caption":"info@imonazare.pt"},"sameAs":["niklas@portugalagent.com"],"url":"https:\/\/portugalagent.com\/sv\/author\/infoimonazare-pt\/"}]}},"_links":{"self":[{"href":"https:\/\/portugalagent.com\/sv\/wp-json\/wp\/v2\/posts\/41272"}],"collection":[{"href":"https:\/\/portugalagent.com\/sv\/wp-json\/wp\/v2\/posts"}],"about":[{"href":"https:\/\/portugalagent.com\/sv\/wp-json\/wp\/v2\/types\/post"}],"author":[{"embeddable":true,"href":"https:\/\/portugalagent.com\/sv\/wp-json\/wp\/v2\/users\/6"}],"replies":[{"embeddable":true,"href":"https:\/\/portugalagent.com\/sv\/wp-json\/wp\/v2\/comments?post=41272"}],"version-history":[{"count":1,"href":"https:\/\/portugalagent.com\/sv\/wp-json\/wp\/v2\/posts\/41272\/revisions"}],"predecessor-version":[{"id":41422,"href":"https:\/\/portugalagent.com\/sv\/wp-json\/wp\/v2\/posts\/41272\/revisions\/41422"}],"wp:featuredmedia":[{"embeddable":true,"href":"https:\/\/portugalagent.com\/sv\/wp-json\/wp\/v2\/media\/44683"}],"wp:attachment":[{"href":"https:\/\/portugalagent.com\/sv\/wp-json\/wp\/v2\/media?parent=41272"}],"wp:term":[{"taxonomy":"category","embeddable":true,"href":"https:\/\/portugalagent.com\/sv\/wp-json\/wp\/v2\/categories?post=41272"},{"taxonomy":"post_tag","embeddable":true,"href":"https:\/\/portugalagent.com\/sv\/wp-json\/wp\/v2\/tags?post=41272"}],"curies":[{"name":"wp","href":"https:\/\/api.w.org\/{rel}","templated":true}]}}